{"id":1103,"date":"2023-06-03T17:48:25","date_gmt":"2023-06-03T15:48:25","guid":{"rendered":"https:\/\/kolegiatakartuzy.pl\/wp-test\/?p=1103"},"modified":"2023-06-03T17:48:25","modified_gmt":"2023-06-03T15:48:25","slug":"ogloszenia-duszpasterskie-na-dzien-04-06-2023","status":"publish","type":"post","link":"https:\/\/kolegiatakartuzy.pl\/wp-test\/?p=1103","title":{"rendered":"Og\u0142oszenia duszpasterskie na dzie\u0144 04.06.2023"},"content":{"rendered":"\n<h2 class=\"wp-block-heading has-text-align-center\">Uroczysto\u015b\u0107 Tr\u00f3jcy Przenaj\u015bwi\u0119tszej<\/h2>\n\n\n\n<p class=\"has-text-align-justify\"><strong>I Czytanie Wj 34,4b-6.8-9 &#8211; <\/strong>B\u00f3g jest blisko cz\u0142owieka wo\u0142aj\u0105cego, pragn\u0105cego Jego obecno\u015bci. Jest blisko tego, kt\u00f3ry si\u0119 stara by\u0107 blisko Boga (czyt. poranna rozmowa Moj\u017cesza z Bogiem) \u00a0\u00a0<strong>\u00a0<\/strong><br><strong>II Czytanie 2 Kor 13,11-13 &#8211; <\/strong>Tr\u00f3jca \u015awi\u0119ta mo\u017ce by\u0107 blisko ka\u017cdego cz\u0142owieka, kt\u00f3rego pozdrowimy, mo\u017ce by\u0107 blisko nas, kiedy staramy si\u0119 by\u0107 coraz bardziej doskonali.<br><strong>Ewangelia J 3,16-18 &#8211; <\/strong>Wiara w Syna Cz\u0142owieczego sprawia, \u017ce cz\u0142owiek staje w gronie zbawionych. Motywem Jego przyj\u015bcia na ziemie by\u0142a mi\u0142o\u015b\u0107. Syn Cz\u0142owieczy przyszed\u0142 po to, by zbawi\u0107 ca\u0142y \u015bwiat, by zbawi\u0107 ka\u017cdego bez wyj\u0105tku.<\/p>\n\n\n\n<p class=\"has-text-align-justify\">1. Uroczysto\u015b\u0107 <strong>Tr\u00f3jcy \u015awi\u0119tej<\/strong> wprowadza nas w niepoj\u0119t\u0105 tajemnic\u0119 Boga. Jej wielko\u015b\u0107 przerasta nasze umys\u0142y, ale jednocze\u015bnie budzi zaufanie. Wszystko, co czynimy w \u017cyciu, czy\u0144my \u201ew imi\u0119 Ojca i Syna, i Ducha \u015awi\u0119tego\u201d, powierzaj\u0105c w ten spos\u00f3b ka\u017cdy nasz szlachetny zamys\u0142 wszechmocy Pana Boga. I oby wszystko w naszym \u017cyciu by\u0142o czynione na chwa\u0142\u0119 Tr\u00f3jcy Przenaj\u015bwi\u0119tszej!<\/p>\n\n\n\n<p class=\"has-text-align-justify\">2.W\u00a0\u00a0 czwartek, 8 czerwca, w liturgii b\u0119dziemy celebrowa\u0107 uroczysto\u015b\u0107 <strong>Naj\u015bwi\u0119tszego Cia\u0142a i Krwi Chrystusa \u2013 Bo\u017ce Cia\u0142o.<\/strong> Z Chrystusem utajonym w Naj\u015bwi\u0119tszym Sakramencie wyjdziemy w uroczystej eucharystycznej procesji na ulice naszej Parafii. B\u0119dziemy dzi\u0119kowa\u0107 Bogu za dar Eucharystii, b\u0119dziemy prosi\u0107 Chrystusa o b\u0142ogos\u0142awie\u0144stwo i pok\u00f3j dla Ko\u015bcio\u0142a powszechnego, naszej Ojczyzny i dla Ukrainy. Udzia\u0142 w tej procesji jest publicznym wyznaniem wiary w to, \u017ce Jezus jest w\u015br\u00f3d nas, w naszym \u017cyciu zawsze obecny. Przygotujemy cztery o\u0142tarze, udekorujemy nasz parafialny wieczernik i nasze domy, mieszkania, a przede wszystkim otworzymy Jezusowi nasze serca, aby mog\u0142o je opromieni\u0107 Jego b\u0142ogos\u0142awie\u0144stwo.<\/p>\n\n\n\n<p class=\"has-text-align-justify\">3.Msze \u015awi\u0119te: \u015bwi\u0119towanie rozpoczniemy ju\u017c Msz\u0105 \u015awi\u0119t\u0105 w \u015brod\u0119 <strong>o godz.18.00<\/strong> i w\u00a0 czwartek: o godz.<strong>6.30 w kaplicy w szpitalu, 7.00,\u00a0 8.15, 9.30, 11.00, zaraz po zako\u0144czonej procesji i<\/strong> <strong>o godz.18.00<\/strong>. <strong>Po mszy \u015bw. o godz.11.00 wyruszy z kolegiaty Procesja<\/strong> <strong>Eucharystyczna<\/strong> \u2013 b\u0119dziemy pod\u0105\u017ca\u0107 ulicami: Klasztorna, Wzg\u00f3rze Wolno\u015bci, Mickiewicza, Reja, Chmiele\u0144ska, Wzg\u00f3rze Wolno\u015bci, Plac \u015bw. Brunona i Klasztorna. O\u0142tarze: przy ul. Mickiewicza, przy ul. Chmiele\u0144skiej, przy Kaplicy \u015bw. Brunona i przy Kartuskim Centrum Kultury. Przy ka\u017cdym o\u0142tarzu wys\u0142uchamy okoliczno\u015bciowego kazania. Dzieci pierwszokomunijne uczestnicz\u0105 w szatach liturgicznych i id\u0105 przed dziewczynkami sypi\u0105cymi kwiaty. \u00a0W t\u0119 pi\u0119kn\u0105 uroczysto\u015b\u0107 po raz drugi b\u0119dziemy mogli we wsp\u00f3lnocie wszystkich mieszka\u0144c\u00f3w Kartuz uczci\u0107 publicznie Pana Jezusa w Eucharystii wieczorem o godz.19.00 zapraszamy na <strong>WIECZ\u00d3R CHWA\u0141Y<\/strong> do Parku Solidarno\u015bci\u00a0 &#8211; Kartuski Wiecz\u00f3r Chwa\u0142y, czyli rodzinny czas \u015bwi\u0119towania Bo\u017cego Cia\u0142a. Muzyczno-modlitewne uwielbienie Pana Boga pod has\u0142em \u201eZiemia, kt\u00f3r\u0105 mi dajesz\u201d. Na plenerowej scenie wyst\u0105pi 20 osobowy ch\u00f3r dla Jezusa oraz zesp\u00f3\u0142 muzyczny. 8 czerwca, Bo\u017ce Cia\u0142o, godz. 19.00, Park Solidarno\u015bci w Kartuzach. Przyjd\u017amy, by wsp\u00f3lnie, radosnym \u015bpiewem uwielbia\u0107 Jezusa. Burmistrz Kartuz, Kartuskie Centrum Kultury oraz Proboszczowie Kartuskich Parafii zapraszaj\u0105.<\/p>\n\n\n\n<p class=\"has-text-align-justify\">4. Dziewczynki pierwszokomunijne i rocznicowe, ale te\u017c i m\u0142odsze zapraszamy do sypania kwiatk\u00f3w, zapraszamy na pr\u00f3b\u0119 we wtorek na godz.17.00 przy ko\u015bciele.<\/p>\n\n\n\n<p class=\"has-text-align-justify\">5. Procesje eucharystyczne wok\u00f3\u0142 naszego ko\u015bcio\u0142a b\u0119d\u0105 si\u0119 odbywa\u0142y codziennie po mszy \u015bw. \u00a0wieczornej przez ca\u0142\u0105 tak zwan\u0105 oktaw\u0119 Bo\u017cego Cia\u0142a, r\u00f3wnie\u017c w niedziel\u0119. \u00a0Nie sprawiajmy Chrystusowi zawodu oboj\u0119tno\u015bci\u0105, wykr\u0119tem czy lenistwem. Jak On pragnie by\u0107 blisko nas, tak my przychod\u017amy jak najcz\u0119\u015bciej do Niego.<\/p>\n\n\n\n<p class=\"has-text-align-justify\">6. Informujemy, \u017ce Biskup Pelpli\u0144ski Ryszard Kasyna udzieli\u0142 dyspensy od obowi\u0105zku zachowania wstrzemi\u0119\u017aliwo\u015bci od pokarm\u00f3w mi\u0119snych w pi\u0105tek, 9 czerwca.<\/p>\n\n\n\n<p>7. Zapraszamy na <strong><em>nabo\u017ce\u0144stwa ku czci\u00a0 Naj\u015bwi\u0119tszego Serca Pana Jezusa: <\/em><\/strong><em>\u00a0\u00a0<\/em><\/p>\n\n\n\n<ul class=\"wp-block-list\">\n<li>w ko\u015bciele po mszy \u015bw. wieczornej dla ca\u0142ych rodzin&nbsp;<\/li>\n\n\n\n<li>w \u0141apalicach przy krzy\u017cu: w niedziele o godz.14.00, a w dni powszednie o godz.18.00<\/li>\n<\/ul>\n\n\n\n<p class=\"has-text-align-justify\">8. <strong>Msze \u015awi\u0119te: <\/strong>za +Wies\u0142awa Kryger od Pracownik\u00f3w Urz\u0119du Skarbowego w Kartuzach we wtorek o godz.7.00, o \u0142ask\u0119 deszczu ofiarowana od rolnik\u00f3w\u00a0 z Kos\u00f3w w pi\u0105tek o godz.7.00, wintencji Ojca \u015awi\u0119tego, naszych biskup\u00f3w, kap\u0142an\u00f3w, Ojca Jonasza i o powo\u0142ania kap\u0142a\u0144skie, zakonne, misyjne, do \u017cycia konsekrowanego i do Franciszka\u0144skiego Zakonu \u015awieckich w sobot\u0119 o godz.8.00, za ++Cz\u0142onkinie 24 R\u00f3\u017cy Matek, ++\u00a0 z ich Rodzin i ++ Kap\u0142an\u00f3w\u00a0 w sobot\u0119 o godz.18.00.<\/p>\n\n\n\n<p class=\"has-text-align-justify\">9. Dzisiaj zach\u0119camy do nabycia nowego nru <strong>\u201eGo\u015bcia Niedzielnego\u201d\u00a0 <\/strong>i innych czasopism.<\/p>\n\n\n\n<p class=\"has-text-align-justify\">10. W sobot\u0119 17 czerwca zapraszamy do udzia\u0142u w uroczysto\u015bci odpustowej ku czci <strong>Matki Bo\u017cej Kr\u00f3lowej Rodzin<\/strong> w Ko\u015bcierzynie, suma pod przewodnictwem Ks. Biskupa Diecezjalnego Ryszarda Kasyny na Placu \u015bw. Jana Paw\u0142a II o godz.12.00. Szczeg\u00f3\u0142y na plakacie\u00a0 w gablocie.<\/p>\n\n\n\n<p class=\"has-text-align-justify\">11. We wtorek w salkach katechetycznych po Mszy \u015bwi\u0119tej wieczornej do oko\u0142o godz. 20:00 <strong>spotkanie wsp\u00f3lnotowe dla m\u0142odych<\/strong>. Zapraszamy zw\u0142aszcza m\u0142odzie\u017c po przyj\u0119ciu sakramentu bierzmowania i przygotowuj\u0105c\u0105 si\u0119 do przyj\u0119cia tego sakramentu.\u00a0<\/p>\n\n\n\n<p class=\"has-text-align-justify\">12. W sobot\u0119, 17 czerwca odb\u0119dzie si\u0119\u00a0XI edycja \u201e<strong>Przystani \u2013 Warsztat\u00f3w dla duszy<\/strong>\u201d. Spotkanie rozpocznie si\u0119 o godz. 12.00 i potrwa do oko\u0142o godz. 20.00. W programie do wyboru 11 r\u00f3\u017cnych\u00a0warsztat\u00f3w, wsp\u00f3lna modlitwa, Msza \u015awi\u0119ta i koncert ewangelizacyjny. Szczeg\u00f3\u0142owe informacje dost\u0119pne na stronie internetowej\u00a0<a rel=\"noreferrer noopener\" href=\"http:\/\/diecezja-pelplin.pl\/\" target=\"_blank\">diecezja-pelplin.pl<\/a>\u00a0oraz profilu naszej parafii na Fecebooku. Organizujemy wyjazd na to wydarzenie. Koszt 50 z\u0142. Wi\u0119cej informacji i zapisy u ks. Macieja. Szczeg\u00f3lnie zapraszamy do wzi\u0119cia udzia\u0142u m\u0142odzie\u017c\u00a0przygotowuj\u0105c\u0105 si\u0119 do przyj\u0119cia sakramentu bierzmowania.\u00a0<\/p>\n\n\n\n<p class=\"has-text-align-justify\">13. Duszpasterze Sanktuarium Sianowskiego zapraszaj\u0105 na Pielgrzymk\u0119 autokarow\u0105 dnia 18 czerwca br. (sobota) na VIII <strong>Odpust Kaszubski ku czci Matki Bo\u017cej Pani Pomorza na \u015awi\u0119tej G\u00f3rze Polanowskiej<\/strong>. Wyjazd z Sianowa, z placu przy ko\u015bciele o godz. 8.00. Koszt\/os. 40 z\u0142. Zapisy telefonicznie lub w biurze parafialnym lub po Mszach \u015bw. w Sianowie. Mile widziane sztandary i stroje kaszubskie. Serdecznie zapraszamy!<\/p>\n\n\n\n<p class=\"has-text-align-justify\">14. <strong>Czciciele \u015bw. Micha\u0142a Archanio\u0142a z Gda\u0144ska<\/strong> zapraszaj\u0105 do udzia\u0142u w pielgrzymce na Jasna G\u00f3r\u0119 w dniach od 30 czerwca do 2 lipca \u2013 Liche\u0144, Kalisz, Jasna G\u00f3ra, Toru\u0144 i G\u00f3rsk. Koszt 600 z\u0142.\u00a0 Zapisy Pan Piotr nr tel.: 535-146-816.<\/p>\n\n\n\n<p class=\"has-text-align-justify\">15. <strong>Wydzia\u0142 Teologiczny Uniwersytetu Miko\u0142aja Kopernika<\/strong> w Toruniu zaprasza na studia na kierunkach \u201eTeologia\u201d oraz \u201eNauki o Rodzinie\u201d. Dzie\u0144 otwarty odb\u0119dzie si\u0119 w czwartek 15 czerwca br. w godzinach 8.00-13.00 w siedzibie Uczelni. Zapewniamy wysoki poziom kszta\u0142cenia oraz przyjazn\u0105 atmosfer\u0119 studiowania. Szczeg\u00f3\u0142y na stronie internetowej parafii oraz gablotach og\u0142oszeniowych. Strona internetowa Wydzia\u0142u <a href=\"http:\/\/www.teologia.umk.pl\">www.teologia.umk.pl<\/a>.<\/p>\n\n\n\n<p class=\"has-text-align-justify\">16. Biuro Radia Maryja w Kartuzach przy Parafii \u015bw. Kazimierza w Kartuzach zaprasza na <strong>XXXII Pielgrzymk\u0119 Rodziny Radia Maryja do Cz\u0119stochowy<\/strong> w dniu 9 lipca \u2013 wyjazd 8.07 o godz.22.00 sprzed dworca PKP w Kartuzach powr\u00f3t 9.07. w godzinach nocnych. Koszt 150 z\u0142. Zapisy w biurze radia Maryja w Kartuzach we wtorki i pi\u0105tki w godz.9.15-10.30, a tak\u017ce pod nr tel.: Terenia: 695973912 i El\u017cbieta:691858460 i Marlena: 729119129.<\/p>\n\n\n\n<p class=\"has-text-align-justify\">17. W przysz\u0142\u0105 niedziel\u0119 kolekta na nasze parafialne inwestycje.<\/p>\n\n\n\n<p><strong>W tym tygodniu patronuj\u0105 nam:<\/strong><br>&#8211; poniedzia\u0142ek, 13 czerwca \u2013 \u015awi\u0119ty <strong>Bonifacy<\/strong>, biskup i m\u0119czennik<\/p>\n\n\n\n<p class=\"has-text-align-justify\">Jest jeszcze wiele nieznanych nam prawd o Panu Bogu. S\u0105 sprawy, kt\u00f3re trudno nam zrozumie\u0107. Na najwa\u017cniejsze pytania znajdujemy odpowied\u017a w Pi\u015bmie \u015awi\u0119tym. Je\u017celi pragniemy naszego Stw\u00f3rc\u0119 jeszcze lepiej pozna\u0107, to zacznijmy szuka\u0107 odpowiedzi nie tyle umys\u0142em, co naszym sercem.<strong>\u00a0\u00a0 Naszym Drogim Parafianom i mi\u0142ym Go\u015bciom<\/strong> \u017cyczymy g\u0142\u0119bokiej, z Bogiem Tr\u00f3jjedynym prze\u017cytej Uroczysto\u015bci Tr\u00f3jcy Przenaj\u015bwi\u0119tszej. Niech B\u00f3g Jedyny w Trzech Osobach b\u0142ogos\u0142awi solenizantom i jubilatom tego tygodnia. <\/p>\n\n\n\n<p class=\"has-text-align-right\">Wasi Duszpasterze<\/p>\n","protected":false},"excerpt":{"rendered":"<p>Uroczysto\u015b\u0107 Tr\u00f3jcy Przenaj\u015bwi\u0119tszej I Czytanie Wj 34,4b-6.8-9 &#8211; B\u00f3g jest blisko cz\u0142owieka wo\u0142aj\u0105cego, pragn\u0105cego Jego obecno\u015bci. Jest blisko tego, kt\u00f3ry [&hellip;]<\/p>\n","protected":false},"author":2,"featured_media":0,"comment_status":"closed","ping_status":"","sticky":false,"template":"","format":"standard","meta":{"site-sidebar-layout":"default","site-content-layout":"","ast-site-content-layout":"","site-content-style":"default","site-sidebar-style":"default","ast-global-header-display":"","ast-banner-title-visibility":"","ast-main-header-display":"","ast-hfb-above-header-display":"","ast-hfb-below-header-display":"","ast-hfb-mobile-header-display":"","site-post-title":"","ast-breadcrumbs-content":"","ast-featured-img":"","footer-sml-layout":"","theme-transparent-header-meta":"","adv-header-id-meta":"","stick-header-meta":"","header-above-stick-meta":"","header-main-stick-meta":"","header-below-stick-meta":"","astra-migrate-meta-layouts":"default","ast-page-background-enabled":"default","ast-page-background-meta":{"desktop":{"background-color":"var(--ast-global-color-4)","background-image":"","background-repeat":"repeat","background-position":"center center","background-size":"auto","background-attachment":"scroll","background-type":"","background-media":"","overlay-type":"","overlay-color":"","overlay-opacity":"","overlay-gradient":""},"tablet":{"background-color":"","background-image":"","background-repeat":"repeat","background-position":"center center","background-size":"auto","background-attachment":"scroll","background-type":"","background-media":"","overlay-type":"","overlay-color":"","overlay-opacity":"","overlay-gradient":""},"mobile":{"background-color":"","background-image":"","background-repeat":"repeat","background-position":"center center","background-size":"auto","background-attachment":"scroll","background-type":"","background-media":"","overlay-type":"","overlay-color":"","overlay-opacity":"","overlay-gradient":""}},"ast-content-background-meta":{"desktop":{"background-color":"var(--ast-global-color-5)","background-image":"","background-repeat":"repeat","background-position":"center center","background-size":"auto","background-attachment":"scroll","background-type":"","background-media":"","overlay-type":"","overlay-color":"","overlay-opacity":"","overlay-gradient":""},"tablet":{"background-color":"var(--ast-global-color-5)","background-image":"","background-repeat":"repeat","background-position":"center center","background-size":"auto","background-attachment":"scroll","background-type":"","background-media":"","overlay-type":"","overlay-color":"","overlay-opacity":"","overlay-gradient":""},"mobile":{"background-color":"var(--ast-global-color-5)","background-image":"","background-repeat":"repeat","background-position":"center center","background-size":"auto","background-attachment":"scroll","background-type":"","background-media":"","overlay-type":"","overlay-color":"","overlay-opacity":"","overlay-gradient":""}},"advanced_seo_description":"","jetpack_seo_html_title":"","jetpack_seo_noindex":false,"_jetpack_memberships_contains_paid_content":false,"footnotes":""},"categories":[4],"tags":[],"class_list":["post-1103","post","type-post","status-publish","format-standard","hentry","category-ogloszenia"],"jetpack_featured_media_url":"","jetpack-related-posts":[],"jetpack_sharing_enabled":true,"_links":{"self":[{"href":"https:\/\/kolegiatakartuzy.pl\/wp-test\/index.php?rest_route=\/wp\/v2\/posts\/1103","targetHints":{"allow":["GET"]}}],"collection":[{"href":"https:\/\/kolegiatakartuzy.pl\/wp-test\/index.php?rest_route=\/wp\/v2\/posts"}],"about":[{"href":"https:\/\/kolegiatakartuzy.pl\/wp-test\/index.php?rest_route=\/wp\/v2\/types\/post"}],"author":[{"embeddable":true,"href":"https:\/\/kolegiatakartuzy.pl\/wp-test\/index.php?rest_route=\/wp\/v2\/users\/2"}],"replies":[{"embeddable":true,"href":"https:\/\/kolegiatakartuzy.pl\/wp-test\/index.php?rest_route=%2Fwp%2Fv2%2Fcomments&post=1103"}],"version-history":[{"count":1,"href":"https:\/\/kolegiatakartuzy.pl\/wp-test\/index.php?rest_route=\/wp\/v2\/posts\/1103\/revisions"}],"predecessor-version":[{"id":1104,"href":"https:\/\/kolegiatakartuzy.pl\/wp-test\/index.php?rest_route=\/wp\/v2\/posts\/1103\/revisions\/1104"}],"wp:attachment":[{"href":"https:\/\/kolegiatakartuzy.pl\/wp-test\/index.php?rest_route=%2Fwp%2Fv2%2Fmedia&parent=1103"}],"wp:term":[{"taxonomy":"category","embeddable":true,"href":"https:\/\/kolegiatakartuzy.pl\/wp-test\/index.php?rest_route=%2Fwp%2Fv2%2Fcategories&post=1103"},{"taxonomy":"post_tag","embeddable":true,"href":"https:\/\/kolegiatakartuzy.pl\/wp-test\/index.php?rest_route=%2Fwp%2Fv2%2Ftags&post=1103"}],"curies":[{"name":"wp","href":"https:\/\/api.w.org\/{rel}","templated":true}]}}