{"id":1133,"date":"2023-07-22T17:23:06","date_gmt":"2023-07-22T15:23:06","guid":{"rendered":"https:\/\/kolegiatakartuzy.pl\/wp-test\/?p=1133"},"modified":"2023-07-22T17:23:06","modified_gmt":"2023-07-22T15:23:06","slug":"ogloszenia-duszpasterskie-na-dzien-23-07-2023","status":"publish","type":"post","link":"https:\/\/kolegiatakartuzy.pl\/wp-test\/?p=1133","title":{"rendered":"Og\u0142oszenia duszpasterskie na dzie\u0144 23.07.2023"},"content":{"rendered":"\n<h2 class=\"wp-block-heading has-text-align-center\">XVI \u00a0Niedziela Zwyk\u0142a<\/h2>\n\n\n\n<p class=\"has-text-align-justify\"><strong>I Czytanie Mdr 12,13.16-19 &#8211; <\/strong>Pan B\u00f3g panuje i ma w r\u0119ku pe\u0142ni\u0119 sprawiedliwo\u015bci, kt\u00f3rej uczy sw\u00f3j lud, aby i ludzie mogli by\u0107 sprawiedliwi jak On.<br><strong>II Czytanie Rz 8,26-27<\/strong> &#8211; Pan da\u0142 Ducha \u015awi\u0119tego, kt\u00f3ry pomaga nam w\u00f3wczas, gdy mamy trudno\u015b\u0107 w byciu dla Boga, w modlitwie, kiedy niedomagamy. To Duch pomaga nam prosi\u0107 Boga.<br><strong>Ewangelia Mt 13,24-43 &#8211; <\/strong>B\u00f3g przez to, \u017ce jest sprawiedliwy, w przypowie\u015bci ka\u017cdemu nadaje funkcj\u0119, kt\u00f3ra obrazuje \u017cycie: s\u0105 s\u0142udzy i \u017ce\u0144cy. Jezus m\u00f3wi te\u017c i ukazuje, jak wielk\u0105 moc ma kr\u00f3lestwo niebieskie. W \u017cyciu cz\u0142owieka wystarczy troch\u0119 wiedzy i zaanga\u017cowania, a ono rozchodzi si\u0119 na ca\u0142ego cz\u0142owieka. Wszystkie przypowie\u015bci mo\u017cna pozna\u0107, zrozumie\u0107 dzi\u0119ki Duchowi \u015awi\u0119temu.<\/p>\n\n\n\n<p class=\"has-text-align-justify\">1. Dzisiaj wspominamy \u015awi\u0119t\u0105 <strong>Brygid\u0119<\/strong> (ok. 1302-1373), patronk\u0119 Europy. Warto spojrze\u0107 na jej pi\u0119kne \u017cycie (\u017cony, matki, a potem zakonnicy). Jest ono \u015bwiadectwem, \u017ce ka\u017cdy stan mo\u017ce by\u0107 przestrzeni\u0105 spotkania z Bogiem. \u015awi\u0119ty Jan Pawe\u0142 II w 1999 roku og\u0142osi\u0142 Brygid\u0119 wsp\u00f3\u0142patronk\u0105 Europy. Jak ona trwajmy w Tym, kt\u00f3ry nas umi\u0142owa\u0142.<\/p>\n\n\n\n<p class=\"has-text-align-justify\">2. We wtorek, 25 lipca, obchodzimy \u015bwi\u0119to \u015awi\u0119tego <strong>Jakuba Aposto\u0142a<\/strong>. Zosta\u0142 powo\u0142any jako jeden z pierwszych uczni\u00f3w Pana Jezusa wraz ze swoim bratem Janem, st\u0105d Jakub Starszy albo Wi\u0119kszy. Spo\u015br\u00f3d Aposto\u0142\u00f3w jest pierwszym, a po Szczepanie drugim m\u0119czennikiem Ko\u015bcio\u0142a. Ju\u017c w 44 roku na rozkaz Heroda zosta\u0142 \u015bci\u0119ty mieczem (Dz 12,1-2).<\/p>\n\n\n\n<p class=\"has-text-align-justify\">3. We wtorek r\u00f3wnie\u017c wspominamy \u015bw. <strong>Krzysztofa<\/strong>, patrona kierowc\u00f3w i podr\u00f3\u017cuj\u0105cych, or\u0119downika w \u015bmiertelnych niebezpiecze\u0144stwach. Po Mszy \u015awi\u0119tej o godz.18.00\u00a0 b\u0142ogos\u0142awie\u0144stwo pojazd\u00f3w przed ko\u015bcio\u0142em. Pami\u0119tajmy jednak, \u017ce b\u0142ogos\u0142awie\u0144stwo nie zwalnia nas z obowi\u0105zku zachowania rozs\u0105dku i wyobra\u017ani na drodze.<\/p>\n\n\n\n<p class=\"has-text-align-justify\">4. <strong>MIVA Polska<\/strong> zach\u0119ca kierowc\u00f3w i w\u0142a\u015bcicieli pojazd\u00f3w do z\u0142o\u017cenia ofiary \u2013 je\u015bli to mo\u017cliwe, w wysoko\u015bci jednego grosza za ka\u017cdy szcz\u0119\u015bliwie przejechany kilometr \u2013 na zakup \u015brodk\u00f3w transportu dla misjonarzy. Ofiary na ten cel b\u0119dzie mo\u017cna z\u0142o\u017cy\u0107\u00a0 w czasie kolekty we wtorek o godz.18.00 i do skarbony przy wej\u015bciu do spowiednicy.<\/p>\n\n\n\n<p class=\"has-text-align-justify\">5. W \u015brod\u0119 w liturgii wspomnienie\u00a0 \u015awi\u0119tych Rodzic\u00f3w Naj\u015bwi\u0119tszej Maryi Panny: <strong>Joachima i Ann\u0119<\/strong>. Pismo \u015awi\u0119te nie przekazuje o nich \u017cadnych informacji. Tradycja Ko\u015bcio\u0142a wraz z kultem Maryi czci tak\u017ce Rodzic\u00f3w Matki Chrystusa. B\u0119dziemy modli\u0107 si\u0119 za naszych dziadk\u00f3w i babcie, aby do\u015bwiadczali blisko\u015bci Boga oraz szacunku i\u00a0mi\u0142o\u015bci ze strony najbli\u017cszych.<\/p>\n\n\n\n<p class=\"has-text-align-justify\">6. Zapraszamy na <strong>adoracj\u0119 Pana Jezusa w\u00a0 Naj\u015bwi\u0119tszym Sakramencie<\/strong> w czwartek po Mszy \u015awi\u0119tej o godz.18.00, kt\u00f3ra trwa\u0107 b\u0119dzie do godz.19.30. W tym czasie mo\u017cna skorzysta\u0107 z Sakramentu Mi\u0142osierdzia w spowiednicy.<\/p>\n\n\n\n<p class=\"has-text-align-justify\">7. Zapraszamy na <strong>R\u00f3\u017caniec B\u0142agalny<\/strong> o pok\u00f3j w Ukrainie codziennie od poniedzia\u0142ku do soboty o godz.7.30.<\/p>\n\n\n\n<p class=\"has-text-align-justify\">8. Wzorem ubieg\u0142ych lat, tak\u017ce i w tym roku, wyrusza <strong>Piesza Pielgrzymka Diecezji Pelpli\u0144skiej<\/strong> <strong>na Jasn\u0105 G\u00f3r\u0119<\/strong>. R\u00f3wnie\u017c Grupa Kartuska ma mo\u017cliwo\u015b\u0107 przy\u0142\u0105czy\u0107 si\u0119 do p\u0105tnik\u00f3w, nios\u0105cych intencje swoje i swoich najbli\u017cszych do tronu Jasnog\u00f3rskiej Pani. Wsp\u00f3ln\u0105 w\u0119dr\u00f3wk\u0119 rozpoczniemy dnia 29 lipca Msz\u0105 \u015awi\u0119t\u0105 w kolegiacie o godz.7.00. Wi\u0119cej informacji na profilu Facebook Grupy Kaszubskiej oraz na spotkaniu organizacyjnym. Zapraszamy\u00a0 serdecznie do udzia\u0142u we wsp\u00f3lnym pielgrzymowaniu. Przewodnikiem Grupy Kartuskiej b\u0119dzie <strong>Ks. Tomasz Mizyk<\/strong> \u2013 wikariusz Parafii \u015bw. Wojciecha w Kartuzach. Zach\u0119camy do z\u0142o\u017cenia intencji na Nowenn\u0119 do Matki Bo\u017cej Nieustaj\u0105cej Pomocy, a z\u0142o\u017conymi ofiarami pragniemy wesprze\u0107 Pielgrzym\u00f3w \u2013 intencje te polecane b\u0119d\u0105 w czasie Nowenny odmawianej ka\u017cdego dnia w czasie pielgrzymki. Intencje mo\u017cna sk\u0142ada\u0107 do skrzynki wystawionej na stoliku przy wej\u015bciu do Z\u0142otej Kaplicy.<\/p>\n\n\n\n<p class=\"has-text-align-justify\">9. <strong>Msza \u015awi\u0119ta<\/strong> za +Zofi\u0119 Makurat od Kole\u017canek z Kartuskiego Szpitala<strong> <\/strong>w niedziel\u0119 o godz.6.30 w Kaplicy Mi\u0142osierdzia w naszym Szpitalu.\u00a0\u00a0\u00a0\u00a0\u00a0\u00a0\u00a0\u00a0\u00a0\u00a0\u00a0\u00a0\u00a0\u00a0\u00a0\u00a0\u00a0\u00a0\u00a0\u00a0\u00a0\u00a0\u00a0\u00a0\u00a0<\/p>\n\n\n\n<p class=\"has-text-align-justify\">10. Dzisiaj zach\u0119camy do nabycia nowego nru <strong>\u201eGo\u015bcia Niedzielnego\u201d, \u201eMisyjnych Dr\u00f3g\u201d i \u201ePielgrzyma\u201d.<\/strong><\/p>\n\n\n\n<p class=\"has-text-align-justify\">11. W minionym czasie odeszli po nagrod\u0119 do Pana \u015bp. <strong>Feliks Halman <\/strong>\u00a0z ul. 3 Maja,\u00a0 \u015bp. <strong>Artur Walkusz<\/strong> ze \u015awiebodzina i \u015bp. <strong>Marek Dawidowski<\/strong> z \u0141apalic \u2013 bliskim sk\u0142adamy serdeczne wyrazy wsp\u00f3\u0142czucia, a wszystkich naszych Zmar\u0142ych\u00a0 polecamy Mi\u0142osierdziu Bo\u017cemu &#8211; <strong>Dobry Jezu\u2026<\/strong><\/p>\n\n\n\n<p class=\"has-text-align-justify\"><strong>Naszym Drogim Parafianom, mi\u0142ym Go\u015bciom<\/strong> <strong>i wszystkim tak serdecznie zwi\u0105zanym z Kartusk\u0105 Kolegiat\u0105<\/strong> \u00a0\u017cyczymy mi\u0142ej, z Bogiem prze\u017cytej niedzieli. Matce Bo\u017cej, Pani Naszej \u2013 Matce i Kr\u00f3lowej\u00a0 z Kartuskiego Raju\u00a0 polecamy\u00a0 dzieci i m\u0142odzie\u017c na czas trwaj\u0105cych\u00a0 wakacji, a solenizantom i jubilatom \u015bwi\u0119tuj\u0105cym w tym tygodniu \u017cyczymy zdrowia, Bo\u017cego b\u0142ogos\u0142awie\u0144stwa i pokoju \u00a0&#8211; Szcz\u0119\u015b\u0107 Bo\u017ce!<\/p>\n\n\n\n<p class=\"has-text-align-right\">Wasi \u00a0Duszpasterze\u00a0 \u00a0<\/p>\n","protected":false},"excerpt":{"rendered":"<p>XVI \u00a0Niedziela Zwyk\u0142a I Czytanie Mdr 12,13.16-19 &#8211; Pan B\u00f3g panuje i ma w r\u0119ku pe\u0142ni\u0119 sprawiedliwo\u015bci, kt\u00f3rej uczy sw\u00f3j [&hellip;]<\/p>\n","protected":false},"author":2,"featured_media":0,"comment_status":"closed","ping_status":"","sticky":false,"template":"","format":"standard","meta":{"site-sidebar-layout":"default","site-content-layout":"","ast-site-content-layout":"","site-content-style":"default","site-sidebar-style":"default","ast-global-header-display":"","ast-banner-title-visibility":"","ast-main-header-display":"","ast-hfb-above-header-display":"","ast-hfb-below-header-display":"","ast-hfb-mobile-header-display":"","site-post-title":"","ast-breadcrumbs-content":"","ast-featured-img":"","footer-sml-layout":"","theme-transparent-header-meta":"","adv-header-id-meta":"","stick-header-meta":"","header-above-stick-meta":"","header-main-stick-meta":"","header-below-stick-meta":"","astra-migrate-meta-layouts":"default","ast-page-background-enabled":"default","ast-page-background-meta":{"desktop":{"background-color":"var(--ast-global-color-4)","background-image":"","background-repeat":"repeat","background-position":"center center","background-size":"auto","background-attachment":"scroll","background-type":"","background-media":"","overlay-type":"","overlay-color":"","overlay-opacity":"","overlay-gradient":""},"tablet":{"background-color":"","background-image":"","background-repeat":"repeat","background-position":"center center","background-size":"auto","background-attachment":"scroll","background-type":"","background-media":"","overlay-type":"","overlay-color":"","overlay-opacity":"","overlay-gradient":""},"mobile":{"background-color":"","background-image":"","background-repeat":"repeat","background-position":"center center","background-size":"auto","background-attachment":"scroll","background-type":"","background-media":"","overlay-type":"","overlay-color":"","overlay-opacity":"","overlay-gradient":""}},"ast-content-background-meta":{"desktop":{"background-color":"var(--ast-global-color-5)","background-image":"","background-repeat":"repeat","background-position":"center center","background-size":"auto","background-attachment":"scroll","background-type":"","background-media":"","overlay-type":"","overlay-color":"","overlay-opacity":"","overlay-gradient":""},"tablet":{"background-color":"var(--ast-global-color-5)","background-image":"","background-repeat":"repeat","background-position":"center center","background-size":"auto","background-attachment":"scroll","background-type":"","background-media":"","overlay-type":"","overlay-color":"","overlay-opacity":"","overlay-gradient":""},"mobile":{"background-color":"var(--ast-global-color-5)","background-image":"","background-repeat":"repeat","background-position":"center center","background-size":"auto","background-attachment":"scroll","background-type":"","background-media":"","overlay-type":"","overlay-color":"","overlay-opacity":"","overlay-gradient":""}},"advanced_seo_description":"","jetpack_seo_html_title":"","jetpack_seo_noindex":false,"_jetpack_memberships_contains_paid_content":false,"footnotes":""},"categories":[4],"tags":[],"class_list":["post-1133","post","type-post","status-publish","format-standard","hentry","category-ogloszenia"],"jetpack_featured_media_url":"","jetpack-related-posts":[],"jetpack_sharing_enabled":true,"_links":{"self":[{"href":"https:\/\/kolegiatakartuzy.pl\/wp-test\/index.php?rest_route=\/wp\/v2\/posts\/1133","targetHints":{"allow":["GET"]}}],"collection":[{"href":"https:\/\/kolegiatakartuzy.pl\/wp-test\/index.php?rest_route=\/wp\/v2\/posts"}],"about":[{"href":"https:\/\/kolegiatakartuzy.pl\/wp-test\/index.php?rest_route=\/wp\/v2\/types\/post"}],"author":[{"embeddable":true,"href":"https:\/\/kolegiatakartuzy.pl\/wp-test\/index.php?rest_route=\/wp\/v2\/users\/2"}],"replies":[{"embeddable":true,"href":"https:\/\/kolegiatakartuzy.pl\/wp-test\/index.php?rest_route=%2Fwp%2Fv2%2Fcomments&post=1133"}],"version-history":[{"count":1,"href":"https:\/\/kolegiatakartuzy.pl\/wp-test\/index.php?rest_route=\/wp\/v2\/posts\/1133\/revisions"}],"predecessor-version":[{"id":1134,"href":"https:\/\/kolegiatakartuzy.pl\/wp-test\/index.php?rest_route=\/wp\/v2\/posts\/1133\/revisions\/1134"}],"wp:attachment":[{"href":"https:\/\/kolegiatakartuzy.pl\/wp-test\/index.php?rest_route=%2Fwp%2Fv2%2Fmedia&parent=1133"}],"wp:term":[{"taxonomy":"category","embeddable":true,"href":"https:\/\/kolegiatakartuzy.pl\/wp-test\/index.php?rest_route=%2Fwp%2Fv2%2Fcategories&post=1133"},{"taxonomy":"post_tag","embeddable":true,"href":"https:\/\/kolegiatakartuzy.pl\/wp-test\/index.php?rest_route=%2Fwp%2Fv2%2Ftags&post=1133"}],"curies":[{"name":"wp","href":"https:\/\/api.w.org\/{rel}","templated":true}]}}