{"id":1136,"date":"2023-07-29T17:30:00","date_gmt":"2023-07-29T15:30:00","guid":{"rendered":"https:\/\/kolegiatakartuzy.pl\/wp-test\/?p=1136"},"modified":"2023-07-30T17:30:50","modified_gmt":"2023-07-30T15:30:50","slug":"ogloszenia-duszpasterskie-na-dzien-30-07-2023","status":"publish","type":"post","link":"https:\/\/kolegiatakartuzy.pl\/wp-test\/?p=1136","title":{"rendered":"Og\u0142oszenia duszpasterskie na dzie\u0144 30.07.2023"},"content":{"rendered":"\n<h2 class=\"wp-block-heading has-text-align-center\">XVII\u00a0 Niedziela Zwyk\u0142a<\/h2>\n\n\n\n<p class=\"has-text-align-justify\"><strong>I Czytanie 1 Krl 3,5.7-12 &#8211; <\/strong>Bogu bliska jest modlitwa pro\u015bby, On pragnie nas hojnie obdarza\u0107 darami, kt\u00f3re b\u0119dziemy mogli wykorzysta\u0107, s\u0142u\u017c\u0105c braciom.<br><strong>II Czytanie Rz 8,28-30<\/strong> &#8211; Rzeczywisto\u015b\u0107 duchowa jest rzeczywisto\u015bci\u0105 Jezusa, a my mamy by\u0107 obecni w tym \u015bwiecie na Jego wz\u00f3r.<br><strong>Ewangelia Mt 13,44-52 &#8211; <\/strong>Jezus m\u00f3wi do t\u0142um\u00f3w przypowie\u015bci, w kt\u00f3rych podkre\u015bla znaczenie kr\u00f3lestwa niebieskiego. Por\u00f3wnuje je do znanych obraz\u00f3w, aby ludzie mogli Go zrozumie\u0107 i zbli\u017cy\u0107 si\u0119 do tej przewy\u017cszaj\u0105cej wszystko rzeczywisto\u015bci. Kr\u00f3lestwo Bo\u017ce jest cenne, jest doskona\u0142e.<\/p>\n\n\n\n<p class=\"has-text-align-justify\">1. Ka\u017cda Msza \u015awi\u0119ta rozpoczyna si\u0119 wezwaniem do modlitwy, kierowanym do nas przez celebransa, by\u015bmy do wsp\u00f3lnej intencji do\u0142\u0105czyli osobiste, z kt\u00f3rymi przyszli\u015bmy. Czy o tym pami\u0119tamy? Czy zabieramy na Eucharysti\u0119 tak\u017ce osobiste sprawy, by przedstawi\u0107 je Panu? Jezus mo\u017ce spe\u0142ni\u0107 nasze pro\u015bby, przemieni\u0107 nasze \u017cycie, dos\u0142ownie dokona\u0107 cudu, o ile z pe\u0142nym zaufaniem potrafimy z\u0142o\u017cy\u0107 w Jego d\u0142onie to, co czasami okre\u015blamy jako \u201eniewiele\u201d. \u00a0<\/p>\n\n\n\n<p class=\"has-text-align-justify\">2. We wtorek rozpoczniemy\u00a0miesi\u0105c abstynencji. Jako uczniowie Chrystusa podejmujemy to wyzwanie nie tylko jako ofiar\u0119 czy trud osobistego doskonalenia, ale tak\u017ce jako wyraz troski o polskie rodziny i m\u0142ode pokolenia. G\u0142\u0119boko wierzymy, \u017ce nasze wyrzeczenie po\u0142\u0105czone z darem modlitwy przyczyni si\u0119 do kszta\u0142towania trze\u017awego spo\u0142ecze\u0144stwa i b\u0119dzie wsparciem dla upokarzanych przez problem alkoholowy.\u00a0 W\u0142\u0105czmy si\u0119\u00a0 w wielk\u0105 <strong>modlitw\u0119 o trze\u017awo\u015b\u0107 naszego narodu<\/strong>. Mo\u017ce dla wyrwania z na\u0142ogu pija\u0144stwa czy narkomanii kogo\u015b bliskiego, znajomego warto ofiarowa\u0107 Panu Bogu czasow\u0105 lub ca\u0142kowit\u0105 abstynencj\u0119. Naszym or\u0119downikiem w modlitwie o trze\u017awo\u015b\u0107 jest \u015bw. Maksymilian Maria Kolbe.<\/p>\n\n\n\n<p class=\"has-text-align-justify\">3. 1 sierpnia, przypada 79. rocznica wybuchu <strong>Powstania Warszawskiego<\/strong>. Wszystkich, kt\u00f3rzy oddali \u017cycie w obronie naszej ojczyzny, b\u0119dziemy poleca\u0107 w modlitwie mi\u0142osiernemu Bogu.<\/p>\n\n\n\n<p class=\"has-text-align-justify\">4. W \u015brod\u0119, 2 sierpnia, to dzie\u0144 odpustu <strong>Porcjunkuli<\/strong>, zwi\u0105zanego ze \u015awi\u0119tym Franciszkiem z\u00a0Asy\u017cu. Odpust mo\u017cna zyska\u0107 od po\u0142udnia 1 sierpnia do p\u00f3\u0142nocy 2 sierpnia. Do warunk\u00f3w odpustu nale\u017c\u0105: nawiedzenie jakiejkolwiek parafialnej \u015bwi\u0105tyni, odm\u00f3wienie przynajmniej modlitwy Ojcze nasz i Zdrowa\u015b Maryjo, stan \u0142aski u\u015bwiecaj\u0105cej, Komunia \u015awi\u0119ta, modlitwa\u00a0 w intencjach wyznaczonych przez Ojca \u015awi\u0119tego oraz brak przywi\u0105zania do grzechu.<\/p>\n\n\n\n<p class=\"has-text-align-justify\">5. W pi\u0105tek, 4 sierpnia, przypada wspomnienie \u015bw. <strong>Jana Marii Vianneya<\/strong>, patrona proboszcz\u00f3w. Przez jego wstawiennictwo dzi\u0119kujemy Panu Bogu za dar kap\u0142an\u00f3w i ich pos\u0142ug\u0119 oraz prosimy o liczne i \u015bwi\u0119te powo\u0142ania kap\u0142a\u0144skie tak\u017ce z naszej wsp\u00f3lnoty parafialnej.<\/p>\n\n\n\n<p class=\"has-text-align-justify\">6. W niedziel\u0119 b\u0119dziemy \u015bwi\u0119towa\u0107 tajemnic\u0119 <strong>Przemienienia Pa\u0144skiego<\/strong>. W Ko\u015bciele obchodzone jest ju\u017c od VI wieku, a w Polsce znane od XI wieku. Fakt przemienienia pozwala Aposto\u0142om i nam zrozumie\u0107, jak niepe\u0142ne s\u0105 nasze wyobra\u017cenia o Bogu. To lekcja pokory wobec majestatu Bo\u017cej pot\u0119gi. Przemienienie Pa\u0144skie to \u015bwi\u0119to rado\u015bci i nadziei, \u017ce przyjdzie czas, kiedy Pan odmieni nas wszystkich.<\/p>\n\n\n\n<p class=\"has-text-align-justify\">7. Sierpie\u0144 to miesi\u0105c licznych pielgrzymek do r\u00f3\u017cnych sanktuari\u00f3w maryjnych, szczeg\u00f3lnie na Jasn\u0105 G\u00f3r\u0119. Zapraszamy wszystkich na pielgrzymi szlak, a tak\u017ce do w\u0142\u0105czenia si\u0119 w dzie\u0142o pielgrzymowania duchowego. Wszystkich, kt\u00f3rzy podejm\u0105 ten trud, polecamy Bogu przez r\u0119ce Matki Naj\u015bwi\u0119tszej.\u00a0\u00a0<\/p>\n\n\n\n<p class=\"has-text-align-justify\">8. Zapraszamy na <strong>R\u00f3\u017caniec B\u0142agalny<\/strong> o ustanie epidemii oraz o pok\u00f3j w Ukrainie codziennie od poniedzia\u0142ku do soboty o godz.7.30.<\/p>\n\n\n\n<p class=\"has-text-align-justify\">9. W \u015brod\u0119 zapraszamy do modlitwy w intencji Ojczyzny: o godz.17.00 wystawienie Naj\u015bwi\u0119tszego Sakramentu i r\u00f3\u017caniec \u015bwi\u0119ty oraz czuwanie modlitewne.<\/p>\n\n\n\n<p>10. W tym tygodniu<strong> dni eucharystyczne:<\/strong><\/p>\n\n\n\n<ul class=\"wp-block-list\">\n<li>w czwartek&nbsp;&nbsp; <strong>Bractwo Przemienienia Pa\u0144skiego<\/strong> zaprasza do wsp\u00f3lnego \u015bpiewu Godzinek o Przemienieniu Pa\u0144skim na godz.17.00,&nbsp;<\/li>\n\n\n\n<li>zapraszamy na <strong>adoracj\u0119 Pana Jezusa w\u00a0 Naj\u015bwi\u0119tszym Sakramencie<\/strong> w czwartek po Mszy \u015awi\u0119tej o godz.18.00, kt\u00f3ra trwa\u0107 b\u0119dzie do godz.19.30. W tym czasie mo\u017cna skorzysta\u0107 z Sakramentu Mi\u0142osierdzia w spowiednicy.<\/li>\n\n\n\n<li>w pi\u0105tek po mszy \u015bw. o godz.7.00 wystawienie Naj\u015bwi\u0119tszego Sakramentu i nabo\u017ce\u0144stwo do Mi\u0142osierdzia Bo\u017cego, spowied\u017a od godz.16.00, o godz.16.30 Msza&nbsp; \u015awi\u0119ta, po kt\u00f3rej adoracja Naj\u015bwi\u0119tszego Sakramentu do rozpocz\u0119cia Mszy \u015awi\u0119tej o godz.18.00.<\/li>\n\n\n\n<li>w sobot\u0119 &#8211; nabo\u017ce\u0144stwo pierwszo sobotnie: o godz.7.30 r\u00f3\u017caniec, a po mszy \u015bw. o godz.8.00 &#8211; nabo\u017ce\u0144stwo do Niepokalanego Serca N.M.P. W sobot\u0119\u00a0 odwiedzimy\u00a0 Chorych\u00a0\u00a0 z pos\u0142ug\u0105 sakramentaln\u0105.\u00a0\u00a0<\/li>\n<\/ul>\n\n\n\n<p>11. <strong>W przysz\u0142\u0105 niedziel\u0119:<\/strong><\/p>\n\n\n\n<ul class=\"wp-block-list\">\n<li>Suma z liturgi\u0105 w j\u0119zyku kaszubskim<\/li>\n\n\n\n<li>godz.15.00 nabo\u017ce\u0144stwo r\u00f3\u017ca\u0144cowe dla R\u00f3\u017c \u017bywego R\u00f3\u017ca\u0144ca i wszystkich wsp\u00f3lnot parafialnych i spotkanie III Zakonu \u015bw. Franciszka<\/li>\n<\/ul>\n\n\n\n<p class=\"has-text-align-justify\">12. Dzisiaj zach\u0119camy do nabycia nowego nru <strong>\u201eGo\u015bcia Niedzielnego\u201d, <\/strong>jest jeszcze aktualny<strong> \u201ePielgrzym\u201d <\/strong>i inne czasopisma.<\/p>\n\n\n\n<p class=\"has-text-align-justify\">13. W przysz\u0142\u0105 niedziel\u0119 na godz.19.00 na <strong><em>XLI Kartuski Festiwal Muzyki Organowej i<\/em><\/strong><em> <strong>Kameralnej<\/strong><\/em> zaprasza Burmistrz Kartuz. Wyst\u0105pi\u0105:<strong> &#8211;<\/strong> <strong>Jan Bokszczanin<\/strong> \u2013 organy, <strong>Karol Lipi\u0144ski-Bra\u0144ka<\/strong> \u2013\u00a0 <strong>\u00a0<\/strong>skrzypce i<strong> Anna Wr\u00f3bel \u2013 <\/strong>wiolonczela<strong>.<\/strong>Serdecznie zapraszamy do udzia\u0142u.\u00a0 Nast\u0119pny, ostatni ju\u017c w tym roku, koncert b\u0119dzie\u00a0 15 sierpnia.<\/p>\n\n\n\n<p class=\"has-text-align-justify\">14. <strong>Msza \u015awi\u0119ta<\/strong> \u00a0w intencji Bractwa Przemienia Pa\u0144skiego\u00a0 w niedziel\u0119 \u00a0o godz.18.00.\u00a0<\/p>\n\n\n\n<p class=\"has-text-align-justify\">15. W minionym czasie odeszli po nagrod\u0119 do Pana \u015bp. <strong>Irena Formela <\/strong>\u00a0z ul. Ceynowy, \u015bp. <strong>Andrzej Flisikowski<\/strong> ze Sm\u0119towa Chmiele\u0144skiego, \u015bp. <strong>Justyna Kobiela <\/strong>z ul. Klasztornej, \u015bp. <strong>Waldemar Cyra <\/strong>z ul. Jeziornej, \u015bp. <strong>Ryszard Hirsz <\/strong>z ul. \u0141\u0105kowej, \u015bp. <strong>Roman Apolinary Regli\u0144ski <\/strong>z Os. Sikorskiego, a pogrzeb \u015bp. <strong>Oskara Plenikowskiego <\/strong>z Nowego Osiedla w poniedzia\u0142ek o godz.14.00 w kolegiacie, wcze\u015bniej o godz.13.15 r\u00f3\u017caniec w ko\u015bciele \u2013 bliskim sk\u0142adamy serdeczne wyrazy wsp\u00f3\u0142czucia, a Zmar\u0142ych\u00a0 polecamy Mi\u0142osierdziu Bo\u017cemu &#8211; <strong>Dobry Jezu\u2026<\/strong><\/p>\n\n\n\n<p class=\"has-text-align-justify\"><strong>W tym tygodniu patronuj\u0105 nam:<\/strong><br>&#8211; poniedzia\u0142ek, 31 lipca &#8211; \u015bw. <strong>Ignacy z Loyoli<\/strong>, prezbiter<br>-wtorek, 1 sierpnia \u2013\u00a0 \u015bw. <strong>Alfons Maria Liguori<\/strong> (1696-1787), biskup i doktor Ko\u015bcio\u0142a, za\u0142o\u017cyciel wsp\u00f3lnoty redemptoryst\u00f3w;<br>&#8211; pi\u0105tek, 4 sierpnia \u2013 \u015awi\u0119ty <strong>Jan Maria Vianney<\/strong> (1786-1859), prezbiter, patron proboszcz\u00f3w.<\/p>\n\n\n\n<p class=\"has-text-align-justify\"><strong>Naszym Drogim Parafianom i mi\u0142ym Go\u015bciom<\/strong> \u017cyczymy mi\u0142ej, z Bogiem prze\u017cytej niedzieli. Matce Bo\u017cej, Pani Naszej \u2013 Matce i Kr\u00f3lowej\u00a0 z Kartuskiego Raju\u00a0 polecamy\u00a0 dzieci i m\u0142odzie\u017c na czas trwaj\u0105cych\u00a0 wakacji, a solenizantom i jubilatom \u015bwi\u0119tuj\u0105cym w tym tygodniu \u017cyczymy zdrowia, Bo\u017cego b\u0142ogos\u0142awie\u0144stwa i pokoju w sercu.\u00a0<\/p>\n\n\n\n<p class=\"has-text-align-right\">Wasi Duszpasterze<\/p>\n","protected":false},"excerpt":{"rendered":"<p>XVII\u00a0 Niedziela Zwyk\u0142a I Czytanie 1 Krl 3,5.7-12 &#8211; Bogu bliska jest modlitwa pro\u015bby, On pragnie nas hojnie obdarza\u0107 darami, [&hellip;]<\/p>\n","protected":false},"author":2,"featured_media":0,"comment_status":"closed","ping_status":"","sticky":false,"template":"","format":"standard","meta":{"site-sidebar-layout":"default","site-content-layout":"","ast-site-content-layout":"","site-content-style":"default","site-sidebar-style":"default","ast-global-header-display":"","ast-banner-title-visibility":"","ast-main-header-display":"","ast-hfb-above-header-display":"","ast-hfb-below-header-display":"","ast-hfb-mobile-header-display":"","site-post-title":"","ast-breadcrumbs-content":"","ast-featured-img":"","footer-sml-layout":"","theme-transparent-header-meta":"","adv-header-id-meta":"","stick-header-meta":"","header-above-stick-meta":"","header-main-stick-meta":"","header-below-stick-meta":"","astra-migrate-meta-layouts":"default","ast-page-background-enabled":"default","ast-page-background-meta":{"desktop":{"background-color":"var(--ast-global-color-4)","background-image":"","background-repeat":"repeat","background-position":"center center","background-size":"auto","background-attachment":"scroll","background-type":"","background-media":"","overlay-type":"","overlay-color":"","overlay-opacity":"","overlay-gradient":""},"tablet":{"background-color":"","background-image":"","background-repeat":"repeat","background-position":"center center","background-size":"auto","background-attachment":"scroll","background-type":"","background-media":"","overlay-type":"","overlay-color":"","overlay-opacity":"","overlay-gradient":""},"mobile":{"background-color":"","background-image":"","background-repeat":"repeat","background-position":"center center","background-size":"auto","background-attachment":"scroll","background-type":"","background-media":"","overlay-type":"","overlay-color":"","overlay-opacity":"","overlay-gradient":""}},"ast-content-background-meta":{"desktop":{"background-color":"var(--ast-global-color-5)","background-image":"","background-repeat":"repeat","background-position":"center center","background-size":"auto","background-attachment":"scroll","background-type":"","background-media":"","overlay-type":"","overlay-color":"","overlay-opacity":"","overlay-gradient":""},"tablet":{"background-color":"var(--ast-global-color-5)","background-image":"","background-repeat":"repeat","background-position":"center center","background-size":"auto","background-attachment":"scroll","background-type":"","background-media":"","overlay-type":"","overlay-color":"","overlay-opacity":"","overlay-gradient":""},"mobile":{"background-color":"var(--ast-global-color-5)","background-image":"","background-repeat":"repeat","background-position":"center center","background-size":"auto","background-attachment":"scroll","background-type":"","background-media":"","overlay-type":"","overlay-color":"","overlay-opacity":"","overlay-gradient":""}},"advanced_seo_description":"","jetpack_seo_html_title":"","jetpack_seo_noindex":false,"_jetpack_memberships_contains_paid_content":false,"footnotes":""},"categories":[4],"tags":[],"class_list":["post-1136","post","type-post","status-publish","format-standard","hentry","category-ogloszenia"],"jetpack_featured_media_url":"","jetpack-related-posts":[],"jetpack_sharing_enabled":true,"_links":{"self":[{"href":"https:\/\/kolegiatakartuzy.pl\/wp-test\/index.php?rest_route=\/wp\/v2\/posts\/1136","targetHints":{"allow":["GET"]}}],"collection":[{"href":"https:\/\/kolegiatakartuzy.pl\/wp-test\/index.php?rest_route=\/wp\/v2\/posts"}],"about":[{"href":"https:\/\/kolegiatakartuzy.pl\/wp-test\/index.php?rest_route=\/wp\/v2\/types\/post"}],"author":[{"embeddable":true,"href":"https:\/\/kolegiatakartuzy.pl\/wp-test\/index.php?rest_route=\/wp\/v2\/users\/2"}],"replies":[{"embeddable":true,"href":"https:\/\/kolegiatakartuzy.pl\/wp-test\/index.php?rest_route=%2Fwp%2Fv2%2Fcomments&post=1136"}],"version-history":[{"count":1,"href":"https:\/\/kolegiatakartuzy.pl\/wp-test\/index.php?rest_route=\/wp\/v2\/posts\/1136\/revisions"}],"predecessor-version":[{"id":1137,"href":"https:\/\/kolegiatakartuzy.pl\/wp-test\/index.php?rest_route=\/wp\/v2\/posts\/1136\/revisions\/1137"}],"wp:attachment":[{"href":"https:\/\/kolegiatakartuzy.pl\/wp-test\/index.php?rest_route=%2Fwp%2Fv2%2Fmedia&parent=1136"}],"wp:term":[{"taxonomy":"category","embeddable":true,"href":"https:\/\/kolegiatakartuzy.pl\/wp-test\/index.php?rest_route=%2Fwp%2Fv2%2Fcategories&post=1136"},{"taxonomy":"post_tag","embeddable":true,"href":"https:\/\/kolegiatakartuzy.pl\/wp-test\/index.php?rest_route=%2Fwp%2Fv2%2Ftags&post=1136"}],"curies":[{"name":"wp","href":"https:\/\/api.w.org\/{rel}","templated":true}]}}