{"id":1144,"date":"2023-08-12T20:00:00","date_gmt":"2023-08-12T18:00:00","guid":{"rendered":"https:\/\/kolegiatakartuzy.pl\/wp-test\/?p=1144"},"modified":"2023-08-17T12:31:28","modified_gmt":"2023-08-17T10:31:28","slug":"ogloszenia-duszpasterskie-na-dzien-13-08-2023","status":"publish","type":"post","link":"https:\/\/kolegiatakartuzy.pl\/wp-test\/?p=1144","title":{"rendered":"Og\u0142oszenia duszpasterskie na dzie\u0144 13.08.2023"},"content":{"rendered":"\n<h2 class=\"wp-block-heading has-text-align-center\">XIX Niedziela Zwyk\u0142a<\/h2>\n\n\n\n<p class=\"has-text-align-justify\"><strong>I Czytanie 1 Krl 19,9a.11-13 &#8211; <\/strong>B\u00f3g nie objawia si\u0119 w ekstremalnych warunkach, sytuacjach, ale w szmerze \u0142agodnego powiewu, w niespodziewanej lekko\u015bci, delikatno\u015bci.<br><strong>II Czytanie Rz 9,1-5<\/strong> &#8211; \u015awi\u0119ty Pawe\u0142 swoim post\u0119powaniem ukazuje postaw\u0119 ofiarowania, oddania za braci, od kt\u00f3rych pochodzi Chrystus wed\u0142ug cia\u0142a, by mogli by\u0107 zbawieni.<br><strong>Ewangelia Mt 14,22-33 &#8211; <\/strong>Bogu \u2013 Jezusowi s\u0105 poddane wszystkie \u017cywio\u0142y, On czyni cuda przy swoich uczniach, kt\u00f3rzy mog\u0105 z Nim przebywa\u0107 tak\u017ce na co dzie\u0144. Jezus m\u00f3wi, by si\u0119 nie l\u0119ka\u0107, bo przecie\u017c On jest z\u00a0nami. Nawet\u00a0mimo zw\u0105tpienia Piotra na widok wiatru, gdy zdecydowa\u0142 si\u0119 podj\u0105\u0107 ryzyko dla Mistrza i chodzi\u0142 po jeziorze \u2013 Jezus go ratuje.<\/p>\n\n\n\n<p class=\"has-text-align-justify\">1. Dzi\u015b kolejna wakacyjna niedziela, dziewi\u0119tnasta niedziela w roku liturgicznym. Modlimy si\u0119 wsp\u00f3lnie, aby B\u00f3g umocni\u0142 w naszych sercach ducha przybranych dzieci, aby\u015bmy mogli osi\u0105gn\u0105\u0107 obiecane dziedzictwo (kolekta mszalna). Wykorzystajmy nasze wakacyjne w\u0119dr\u00f3wki, pielgrzymki, indywidualny odpoczynek na stworzenie w\u0142a\u015bciwej duchowej atmosfery, niezb\u0119dnej, aby odczu\u0107 blisk\u0105 obecno\u015b\u0107 Boga i umocni\u0107 nasz\u0105 wiar\u0119. Powierzajmy je Bo\u017cej Opatrzno\u015bci przez r\u0119ce naszej niebieskiej Matki \u2013 Pani Jasnog\u00f3rskiej, do kt\u00f3rej w tych sierpniowych dniach kierujemy nasze kroki i wspieramy modlitw\u0105 pielgrzym\u00f3w.<\/p>\n\n\n\n<p class=\"has-text-align-justify\">2. We wtorek 15 sierpnia, b\u0119dziemy obchodzi\u0107 uroczysto\u015b\u0107 <strong><u>Wniebowzi\u0119cia Naj\u015bwi\u0119tszej Maryi Panny<\/u><\/strong>. Prawd\u0119 wiary o tym, \u017ce Maryja po ziemskim \u017cyciu z cia\u0142em i\u00a0dusz\u0105 zosta\u0142a wzi\u0119ta do chwa\u0142y niebieskiej i wywy\u017cszona przez Pana Boga jako Kr\u00f3lowa, og\u0142osi\u0142 papie\u017c Pius XII w\u00a01950 roku. Ta proklamacja dogmatu by\u0142a przypiecz\u0119towaniem starodawnej tradycji. Ju\u017c w\u00a0V wieku obchodzono bowiem w Ko\u015bciele \u015bwi\u0119to Wniebowzi\u0119cia w\u0142a\u015bnie 15 sierpnia &#8211; w tym dniu prze\u017cywa\u0107 wi\u0119c b\u0119dziemy <strong>\u00a0nasz odpust parafialny.<\/strong> <strong>Sum\u0119 odpustow\u0105 o godz.12.30 odprawi jego Ekscelencja Ks. Biskup Diecezjalny Ryszard Kasyna. <\/strong>Porz\u0105dek mszy \u015bw. jak w ka\u017cd\u0105 niedziel\u0119, po ka\u017cdej mszy \u015bw. po\u015bwi\u0119cenie k\u0142os\u00f3w zb\u00f3\u017c, zi\u00f3\u0142 i kwiat\u00f3w. Sam gest b\u0142ogos\u0142awienia rzeczy jest okazj\u0105 do wychwalania Stw\u00f3rcy za wszelkie otrzymane dary. Jest tak\u017ce pro\u015bb\u0105, aby b\u0142ogos\u0142awiony przedmiot zawsze przypomina\u0142 o Panu Bogu i Jego dobroci, o Bo\u017cej opiece. Dlaczego w\u0142a\u015bnie w t\u0119 uroczysto\u015b\u0107 w ko\u015bciele b\u0142ogos\u0142awimy zio\u0142a i kwiaty? Bo dzi\u0119kujemy za dar pierwszych zbior\u00f3w w\u0142a\u015bnie w dniu, w kt\u00f3rym osi\u0105ga pe\u0142ni\u0119 zbawienia Maryja \u2013 Najdojrzalszy Owoc odkupionej ludzko\u015bci. Ofiarujmy Jej nasze serca i codzienny trud przybli\u017cania si\u0119 do Pana Boga. Na wz\u00f3r Maryi mamy stara\u0107 si\u0119 by\u0107 lud\u017ami wniebowzi\u0119cia \u2013 tymi, kt\u00f3rzy \u015bwiadomie i zdecydowanie pod\u0105\u017caj\u0105 ku niebu.<\/p>\n\n\n\n<p class=\"has-text-align-justify\">3. W poniedzia\u0142ek przed odpustem, po Mszy \u015awi\u0119tej o godz.18.00 w intencji Zmar\u0142ych spoczywaj\u0105cych na naszym cmentarzu, tradycyjnie <strong>procesja \u017ca\u0142obna na g\u00f3rny cmentarz<\/strong>.<\/p>\n\n\n\n<p class=\"has-text-align-justify\">4. Tradycyjnie w Uroczysto\u015b\u0107 Wniebowzi\u0119cia NMP na godz.19.00 zapraszamy na fina\u0142owy koncert <strong><em>XLI Kartuskiego Festiwalu Muzyki Organowej i<\/em><\/strong><em> <strong>Kameralnej<\/strong><\/em>. Wyst\u0105pi\u0105 <strong>Gedymin Grubba<\/strong> \u2013 organy, <strong>Monika Sendrowska \u2013 sopran, Pawe\u0142 Gruba \u2013 bazuna koncertowa.<\/strong>Serdecznie zapraszamy do udzia\u0142u<\/p>\n\n\n\n<p class=\"has-text-align-justify\">5. Zapraszamy na <strong>adoracj\u0119 Pana Jezusa w\u00a0 Naj\u015bwi\u0119tszym Sakramencie<\/strong> w czwartek po Mszy \u015awi\u0119tej o godz.18.00, kt\u00f3ra trwa\u0107 b\u0119dzie do godz.19.30. W tym czasie mo\u017cna skorzysta\u0107 z Sakramentu Mi\u0142osierdzia.<\/p>\n\n\n\n<p class=\"has-text-align-justify\">6. Zapraszamy na <strong>R\u00f3\u017caniec B\u0142agalny<\/strong>\u00a0 o pok\u00f3j w Ukrainie codziennie od poniedzia\u0142ku do soboty o godz.7.30.<\/p>\n\n\n\n<p class=\"has-text-align-justify\">7. Dzisiaj\u00a0 <strong>Dzie\u0144 Fatimski &#8211; z<\/strong>apraszamy na godz. 17.30 na r\u00f3\u017caniec fatimski i po mszy \u015bw. Procesj\u0119 Fatimsk\u0105 do Parku \u015bw. Jana Paw\u0142a II.<\/p>\n\n\n\n<p class=\"has-text-align-justify\">8. <strong>Msze \u015awi\u0119te<\/strong>: Msza \u015awi\u0119ta dzi\u0119kczynna w intencji Uczestnik\u00f3w pielgrzymki Apostolstwa Dobrej \u015amierci do \u015awinic Warckich, \u0141odzi i P\u0142ocka w poniedzia\u0142ek o godz.18.00, w intencji Cz\u0142onk\u00f3w Apostolstwa Dobrej \u015amierci \u00a0w sobot\u0119 o godz.8.00.<\/p>\n\n\n\n<p class=\"has-text-align-justify\">9. Serdecznie zach\u0119camy do nabycia nowego nru<strong> \u201eGo\u015bcia Niedzielnego\u201d, <\/strong>jest jeszcze aktualny<strong> \u201ePielgrzym\u201d <\/strong>oraz proponujemy nasze wznowione wydanie\u00a0 <strong>Ilustrowanego Przewodnika Kolegiata Kartuska <\/strong>w cenie 40 z\u0142.<\/p>\n\n\n\n<p class=\"has-text-align-justify\">10. <strong>Apostolstwo Dobrej \u015amierci<\/strong> zaprasza do udzia\u0142u w dwudniowej pielgrzymce do <strong>Cz\u0119stochowy w<\/strong> <strong>pi\u0105tek i sobot\u0119\u00a0 22 i 23 wrze\u015bnia<\/strong>. O godz.7.00 wyjazd do Sanktuarium Maryjnego w Gidlach,\u00a0\u00a0 nast\u0119pnie udamy si\u0119 w dalsz\u0105 drog\u0119 do Cz\u0119stochowy; nocleg w Wy\u017cszym Seminarium Duchownym, w sobot\u0119: 6.00 ods\u0142oni\u0119cie Cudownego Obrazu i Msza \u015awi\u0119ta, 8.00 \u015bniadanie, ok.13.00 wyjazd z Cz\u0119stochowy. Koszt 300 z\u0142. Zapisy w biurze parafialnym. Serdecznie zapraszamy do udzia\u0142u.<\/p>\n\n\n\n<p class=\"has-text-align-justify\">11. W minionym tygodniu odeszli po nagrod\u0119 do Pana \u015bp. <strong>Gra\u017cyna Dunajska <\/strong>z Os. Sikorskiego i \u015bp. <strong>Cezary Janikowski<\/strong> z ul. S\u0142owackiego, a pogrzeb \u015bp. <strong>Agnieszki Lenartowicz zd. Plenikowskiej <\/strong>z L\u0119borka, wcze\u015bniej mieszkaj\u0105cej w Kartuzach w poniedzia\u0142ek o godz.10.00 w kolegiacie, \u00a0wcze\u015bniej o godz. 9.15 r\u00f3\u017caniec w ko\u015bciele \u2013 bliskim sk\u0142adamy serdeczne wyrazy wsp\u00f3\u0142czucia, a wszystkich naszych drogich Zmar\u0142ych\u00a0 polecamy Mi\u0142osierdziu Bo\u017cemu &#8211; <strong>Dobry Jezu\u2026<\/strong>\u00a0\u00a0<\/p>\n\n\n\n<p class=\"has-text-align-justify\"><strong>W tym tygodniu patronuj\u0105 nam:<\/strong><br>&#8211; poniedzia\u0142ek, 14 sierpnia \u2013 \u015awi\u0119ty <strong>\u00a0Maksymilian<\/strong> <strong>Maria Kolbe<\/strong> \u2013 prezbiter, m\u0119czennik<br>&#8211; czwartek, 17 sierpnia &#8211; \u015awi\u0119ty <strong>Jacek<\/strong>, (1200-1257), prezbiter, dominikanin, gorliwy misjonarz, wielki czciciel Matki Bo\u017cej;<br>&#8211; niedziela, 20 sierpnia \u2013 \u015awi\u0119ty <strong>Bernard<\/strong>, (1090-1153), opat cysterski z Clairvaux we Francji,\u00a0 doktor Ko\u015bcio\u0142a \u2013 Patron Diecezji Pelpli\u0144skiej i miasta Pelplina<\/p>\n\n\n\n<p class=\"has-text-align-justify\">Wszystkim Parafianom i wakacyjnym Go\u015bciom \u017cyczymy mi\u0142ego pobytu na Kaszubach, dobrymi \u017cyczeniami obejmujemy wszystkich sierpniowych jubilat\u00f3w i solenizant\u00f3w; a nas wszystkich niech wspiera Bo\u017ce b\u0142ogos\u0142awie\u0144stwo w prze\u017cywaniu naszej uroczysto\u015bci odpustowej ku czci Maryi Wniebowzi\u0119tej i w naszych codziennych poczynaniach \u2013 <em><strong><u>Szcz\u0119\u015b\u0107 Bo\u017ce!<\/u><\/strong><\/em><\/p>\n\n\n\n<p class=\"has-text-align-right\">Wasi Duszpasterze<\/p>\n","protected":false},"excerpt":{"rendered":"<p>XIX Niedziela Zwyk\u0142a I Czytanie 1 Krl 19,9a.11-13 &#8211; B\u00f3g nie objawia si\u0119 w ekstremalnych warunkach, sytuacjach, ale w szmerze [&hellip;]<\/p>\n","protected":false},"author":2,"featured_media":0,"comment_status":"closed","ping_status":"","sticky":false,"template":"","format":"standard","meta":{"site-sidebar-layout":"default","site-content-layout":"","ast-site-content-layout":"","site-content-style":"default","site-sidebar-style":"default","ast-global-header-display":"","ast-banner-title-visibility":"","ast-main-header-display":"","ast-hfb-above-header-display":"","ast-hfb-below-header-display":"","ast-hfb-mobile-header-display":"","site-post-title":"","ast-breadcrumbs-content":"","ast-featured-img":"","footer-sml-layout":"","theme-transparent-header-meta":"","adv-header-id-meta":"","stick-header-meta":"","header-above-stick-meta":"","header-main-stick-meta":"","header-below-stick-meta":"","astra-migrate-meta-layouts":"default","ast-page-background-enabled":"default","ast-page-background-meta":{"desktop":{"background-color":"var(--ast-global-color-4)","background-image":"","background-repeat":"repeat","background-position":"center center","background-size":"auto","background-attachment":"scroll","background-type":"","background-media":"","overlay-type":"","overlay-color":"","overlay-opacity":"","overlay-gradient":""},"tablet":{"background-color":"","background-image":"","background-repeat":"repeat","background-position":"center center","background-size":"auto","background-attachment":"scroll","background-type":"","background-media":"","overlay-type":"","overlay-color":"","overlay-opacity":"","overlay-gradient":""},"mobile":{"background-color":"","background-image":"","background-repeat":"repeat","background-position":"center center","background-size":"auto","background-attachment":"scroll","background-type":"","background-media":"","overlay-type":"","overlay-color":"","overlay-opacity":"","overlay-gradient":""}},"ast-content-background-meta":{"desktop":{"background-color":"var(--ast-global-color-5)","background-image":"","background-repeat":"repeat","background-position":"center center","background-size":"auto","background-attachment":"scroll","background-type":"","background-media":"","overlay-type":"","overlay-color":"","overlay-opacity":"","overlay-gradient":""},"tablet":{"background-color":"var(--ast-global-color-5)","background-image":"","background-repeat":"repeat","background-position":"center center","background-size":"auto","background-attachment":"scroll","background-type":"","background-media":"","overlay-type":"","overlay-color":"","overlay-opacity":"","overlay-gradient":""},"mobile":{"background-color":"var(--ast-global-color-5)","background-image":"","background-repeat":"repeat","background-position":"center center","background-size":"auto","background-attachment":"scroll","background-type":"","background-media":"","overlay-type":"","overlay-color":"","overlay-opacity":"","overlay-gradient":""}},"advanced_seo_description":"","jetpack_seo_html_title":"","jetpack_seo_noindex":false,"_jetpack_memberships_contains_paid_content":false,"footnotes":""},"categories":[4],"tags":[],"class_list":["post-1144","post","type-post","status-publish","format-standard","hentry","category-ogloszenia"],"jetpack_featured_media_url":"","jetpack-related-posts":[],"jetpack_sharing_enabled":true,"_links":{"self":[{"href":"https:\/\/kolegiatakartuzy.pl\/wp-test\/index.php?rest_route=\/wp\/v2\/posts\/1144","targetHints":{"allow":["GET"]}}],"collection":[{"href":"https:\/\/kolegiatakartuzy.pl\/wp-test\/index.php?rest_route=\/wp\/v2\/posts"}],"about":[{"href":"https:\/\/kolegiatakartuzy.pl\/wp-test\/index.php?rest_route=\/wp\/v2\/types\/post"}],"author":[{"embeddable":true,"href":"https:\/\/kolegiatakartuzy.pl\/wp-test\/index.php?rest_route=\/wp\/v2\/users\/2"}],"replies":[{"embeddable":true,"href":"https:\/\/kolegiatakartuzy.pl\/wp-test\/index.php?rest_route=%2Fwp%2Fv2%2Fcomments&post=1144"}],"version-history":[{"count":1,"href":"https:\/\/kolegiatakartuzy.pl\/wp-test\/index.php?rest_route=\/wp\/v2\/posts\/1144\/revisions"}],"predecessor-version":[{"id":1145,"href":"https:\/\/kolegiatakartuzy.pl\/wp-test\/index.php?rest_route=\/wp\/v2\/posts\/1144\/revisions\/1145"}],"wp:attachment":[{"href":"https:\/\/kolegiatakartuzy.pl\/wp-test\/index.php?rest_route=%2Fwp%2Fv2%2Fmedia&parent=1144"}],"wp:term":[{"taxonomy":"category","embeddable":true,"href":"https:\/\/kolegiatakartuzy.pl\/wp-test\/index.php?rest_route=%2Fwp%2Fv2%2Fcategories&post=1144"},{"taxonomy":"post_tag","embeddable":true,"href":"https:\/\/kolegiatakartuzy.pl\/wp-test\/index.php?rest_route=%2Fwp%2Fv2%2Ftags&post=1144"}],"curies":[{"name":"wp","href":"https:\/\/api.w.org\/{rel}","templated":true}]}}