{"id":1149,"date":"2023-08-26T16:35:25","date_gmt":"2023-08-26T14:35:25","guid":{"rendered":"https:\/\/kolegiatakartuzy.pl\/wp-test\/?p=1149"},"modified":"2023-08-26T16:35:25","modified_gmt":"2023-08-26T14:35:25","slug":"ogloszenia-duszpasterskie-na-dzien-27-08-2023","status":"publish","type":"post","link":"https:\/\/kolegiatakartuzy.pl\/wp-test\/?p=1149","title":{"rendered":"Og\u0142oszenia duszpasterskie na dzie\u0144 27.08.2023"},"content":{"rendered":"\n<h2 class=\"wp-block-heading has-text-align-center\">XXI Niedziela Zwyk\u0142a<\/h2>\n\n\n\n<p class=\"has-text-align-justify\"><strong>I Czytanie Iz 22,19-23 &#8211; <\/strong>Pan jest Tym, kt\u00f3ry umacnia w\u0142adz\u0119, kt\u00f3ry powo\u0142uje i wybiera sprawiedliwego na konkretne stanowisko.<br><strong>II Czytanie Rz 11,33-36 &#8211; <\/strong>Wszystko ma pocz\u0105tek w Bogu, Jego m\u0105dro\u015b\u0107 jest nieprzenikniona.<br><strong>Ewangelia Mt 16,13-20 &#8211; <\/strong>Jezus powierza Piotrowi w\u0142adz\u0119, wybiera go (podobie\u0144stwo do I Czytania). B\u0142ogos\u0142awi swojemu s\u0142udze, kt\u00f3rego w\u0142adza ma pocz\u0105tek w Bogu.<\/p>\n\n\n\n<p class=\"has-text-align-justify\">1. Dzi\u015b dwudziesta pierwsza niedziela zwyk\u0142a w roku ko\u015bcielnym. Modlimy si\u0119 we wsp\u00f3lnocie Ko\u015bcio\u0142a, aby\u015bmy w\u015br\u00f3d zmienno\u015bci \u015bwiata tam wznie\u015bli nasze serca, gdzie s\u0105 prawdziwe rado\u015bci (kolekta mszalna). Niech w\u015br\u00f3d naszych codziennych obowi\u0105zk\u00f3w tego tygodnia nie zabraknie troski o blisko\u015b\u0107 Pana i warto\u015bci nieprzemijaj\u0105ce.\u00a0<\/p>\n\n\n\n<p class=\"has-text-align-justify\">2. We wtorek, 29 sierpnia, w liturgii b\u0119dziemy wspominali M\u0119cze\u0144stwo \u015awi\u0119tego <strong>Jana Chrzciciela<\/strong>. Za wierno\u015b\u0107 Bogu i Jego prawu zosta\u0142 zamordowany na rozkaz kr\u00f3la Heroda. Tym samym sta\u0142 si\u0119 kolejnym prorokiem, kt\u00f3ry odda\u0142 \u017cycie, b\u0119d\u0105c g\u0142osicielem Bo\u017cej prawdy.<\/p>\n\n\n\n<p class=\"has-text-align-justify\">3. W czwartek, 31 sierpnia b\u0119dziemy obchodzi\u0107 43. rocznic\u0119 podpisania <strong>porozumie\u0144 sierpniowych<\/strong>, kt\u00f3re zako\u0144czy\u0142y strajki i rozpocz\u0119\u0142y proces przebudowy naszego pa\u0144stwa. \u017byli\u015bmy idea\u0142ami solidarno\u015bci, prawdy, wolno\u015bci. Dzi\u015b warto zada\u0107 sobie pytanie, co w naszych sercach zosta\u0142o z etosu Solidarno\u015bci tamtych lat.<\/p>\n\n\n\n<p class=\"has-text-align-justify\">4. W pi\u0105tek, b\u0119dziemy obchodzi\u0107 <strong>84. rocznic\u0119 wybuchu II wojny \u015bwiatowej<\/strong>. Pami\u0119tajmy w modlitwie szczeg\u00f3lnie o tych, kt\u00f3rzy oddali \u017cycie w obronie ojczyzny na wszystkich frontach. Otoczmy modlitw\u0105 tak\u017ce tych, kt\u00f3rzy po jej zako\u0144czeniu walczyli o suwerenno\u015b\u0107 i niepodleg\u0142o\u015b\u0107 Polski i z\u0142o\u017cyli ofiar\u0119 swojego \u017cycia jako wi\u0119\u017aniowie polityczni, a kt\u00f3rych pr\u00f3bowano wymaza\u0107 z historii.<\/p>\n\n\n\n<p class=\"has-text-align-justify\">5. Zapraszamy na <strong>R\u00f3\u017caniec B\u0142agalny<\/strong>\u00a0\u00a0 o pok\u00f3j w Ukrainie codziennie od poniedzia\u0142ku do soboty o godz.7.30.<\/p>\n\n\n\n<p class=\"has-text-align-justify\">6. Zapraszamy na <strong>adoracj\u0119 Pana Jezusa w\u00a0 Naj\u015bwi\u0119tszym Sakramencie<\/strong> w czwartek po Mszy \u015awi\u0119tej o godz.18.00, kt\u00f3ra trwa\u0107 b\u0119dzie do godz.19.30. W tym czasie mo\u017cna skorzysta\u0107 z Sakramentu Mi\u0142osierdzia w spowiednicy.<\/p>\n\n\n\n<p>7. W tym tygodniu<strong> dni eucharystyczne:<\/strong><\/p>\n\n\n\n<ul class=\"wp-block-list\">\n<li>w pi\u0105tek po mszy \u015bw. o godz.7.00 wystawienie Naj\u015bwi\u0119tszego Sakramentu i nabo\u017ce\u0144stwo do Mi\u0142osierdzia Bo\u017cego, spowied\u017a od godz.16.00, o godz.16.30 Msza&nbsp; \u015awi\u0119ta po kt\u00f3rej adoracja Naj\u015bwi\u0119tszego Sakramentu do rozpocz\u0119cia Mszy \u015awi\u0119tej o godz.18.00.<\/li>\n\n\n\n<li>W sobot\u0119 &#8211; nabo\u017ce\u0144stwo pierwszo sobotnie: o godz.7.30 r\u00f3\u017caniec, a po mszy \u015bw. o godz.8.00 &#8211; nabo\u017ce\u0144stwo do Niepokalanego Serca N.M.P. W sobot\u0119&nbsp; odwiedzimy&nbsp; Chorych&nbsp;&nbsp; z pos\u0142ug\u0105 sakramentaln\u0105.&nbsp;&nbsp;<\/li>\n<\/ul>\n\n\n\n<p>8. <strong>W przysz\u0142\u0105 niedziel\u0119:<\/strong><\/p>\n\n\n\n<ul class=\"wp-block-list\">\n<li>Suma z liturgi\u0105 w j\u0119zyku kaszubskim<\/li>\n\n\n\n<li>Uroczysty <strong>Chrzest \u015awi\u0119ty<\/strong> w czasie Mszy \u015awi\u0119tej o godz.13.30, nauka przed Chrztem dla rodzic\u00f3w i chrzestnych w sobot\u0119 o godz.17.00 w spowiednicy.<\/li>\n\n\n\n<li>godz.15.00 <strong>Nabo\u017ce\u0144stwo R\u00f3\u017ca\u0144cowe<\/strong> dla R\u00f3\u017c \u017bywego R\u00f3\u017ca\u0144ca i wszystkich wsp\u00f3lnot parafialnych i spotkanie III Zakonu \u015bw. Franciszka<\/li>\n<\/ul>\n\n\n\n<p class=\"has-text-align-justify\">9. Powakacyjne\u00a0spotkanie dla m\u0142odzie\u017cy, rozpoczynaj\u0105cej drugi rok formacji, przygotowuj\u0105cej do przyj\u0119cia sakramentu bierzmowania (z 1. klas szko\u0142y ponadpodstawowej) odb\u0119dzie si\u0119 w pi\u0105tek, 1 wrze\u015bnia po wieczornej Mszy \u015awi\u0119tej w ko\u015bciele. Obecno\u015b\u0107 obowi\u0105zkowa.<\/p>\n\n\n\n<p class=\"has-text-align-justify\">10. <strong>Msza \u015awi\u0119ta<\/strong> za ++Cz\u0142onkinie z 21 R\u00f3\u017cy Matek i ++ Ksi\u0119\u017cy z naszej Parafii w czwartek o godz.18.00. \u00a0\u00a0\u00a0\u00a0\u00a0\u00a0<\/p>\n\n\n\n<p class=\"has-text-align-justify\">11. Zach\u0119camy do nabycia nowego nru <strong>\u201eGo\u015bcia Niedzielnego\u201d, \u201eMa\u0142ego Go\u015bcia\u201d\u00a0 <\/strong>i innych czasopism.<\/p>\n\n\n\n<p class=\"has-text-align-justify\">12. W minionym tygodniu odeszli po nagrod\u0119 do Pana \u015bp. <strong>Irena Sawicka <\/strong>z Os. XX Lecia, \u015bp. <strong>Teresa Sternik<\/strong> z Nowego Osiedla, \u015bp. <strong>Henryk Flisikowski<\/strong> z Brodnicy G\u00f3rnej i \u015bp. <strong>Stanis\u0142aw<\/strong> <strong>Flisikowski<\/strong> z Prokowa\u00a0 \u2013 bliskim sk\u0142adamy serdeczne wyrazy wsp\u00f3\u0142czucia, a wszystkich naszych Zmar\u0142ych\u00a0 polecamy Mi\u0142osierdziu Bo\u017cemu &#8211; <strong>Dobry Jezu\u2026<\/strong>\u00a0\u00a0 <\/p>\n\n\n\n<p>\u00a0<strong>W tym tygodniu patronuj\u0105 nam:<\/strong><br>&#8211; poniedzia\u0142ek, 28 sierpnia \u2013 \u015awi\u0119ty <strong>Augustyn<\/strong>, biskup i doktor Ko\u015bcio\u0142a<\/p>\n\n\n\n<p class=\"has-text-align-justify\"><strong>Naszym Drogim Parafianom i mi\u0142ym Go\u015bciom<\/strong> \u017cyczymy mi\u0142ej, z Bogiem prze\u017cytej niedzieli. Matce Bo\u017cej, Pani Naszej \u2013 Matce i Kr\u00f3lowej z Kartuskiego Raju\u00a0polecamy dzieci i m\u0142odzie\u017c na ostatnie ju\u017c dni wakacji, a solenizantom i jubilatom \u015bwi\u0119tuj\u0105cym w tym tygodniu \u017cyczymy zdrowia, Bo\u017cego b\u0142ogos\u0142awie\u0144stwa i pokoju w sercu.\u00a0<\/p>\n\n\n\n<p class=\"has-text-align-right\">Wasi\u00a0 Duszpasterze<\/p>\n","protected":false},"excerpt":{"rendered":"<p>XXI Niedziela Zwyk\u0142a I Czytanie Iz 22,19-23 &#8211; Pan jest Tym, kt\u00f3ry umacnia w\u0142adz\u0119, kt\u00f3ry powo\u0142uje i wybiera sprawiedliwego na [&hellip;]<\/p>\n","protected":false},"author":2,"featured_media":0,"comment_status":"closed","ping_status":"","sticky":false,"template":"","format":"standard","meta":{"site-sidebar-layout":"default","site-content-layout":"","ast-site-content-layout":"","site-content-style":"default","site-sidebar-style":"default","ast-global-header-display":"","ast-banner-title-visibility":"","ast-main-header-display":"","ast-hfb-above-header-display":"","ast-hfb-below-header-display":"","ast-hfb-mobile-header-display":"","site-post-title":"","ast-breadcrumbs-content":"","ast-featured-img":"","footer-sml-layout":"","theme-transparent-header-meta":"","adv-header-id-meta":"","stick-header-meta":"","header-above-stick-meta":"","header-main-stick-meta":"","header-below-stick-meta":"","astra-migrate-meta-layouts":"default","ast-page-background-enabled":"default","ast-page-background-meta":{"desktop":{"background-color":"var(--ast-global-color-4)","background-image":"","background-repeat":"repeat","background-position":"center center","background-size":"auto","background-attachment":"scroll","background-type":"","background-media":"","overlay-type":"","overlay-color":"","overlay-opacity":"","overlay-gradient":""},"tablet":{"background-color":"","background-image":"","background-repeat":"repeat","background-position":"center center","background-size":"auto","background-attachment":"scroll","background-type":"","background-media":"","overlay-type":"","overlay-color":"","overlay-opacity":"","overlay-gradient":""},"mobile":{"background-color":"","background-image":"","background-repeat":"repeat","background-position":"center center","background-size":"auto","background-attachment":"scroll","background-type":"","background-media":"","overlay-type":"","overlay-color":"","overlay-opacity":"","overlay-gradient":""}},"ast-content-background-meta":{"desktop":{"background-color":"var(--ast-global-color-5)","background-image":"","background-repeat":"repeat","background-position":"center center","background-size":"auto","background-attachment":"scroll","background-type":"","background-media":"","overlay-type":"","overlay-color":"","overlay-opacity":"","overlay-gradient":""},"tablet":{"background-color":"var(--ast-global-color-5)","background-image":"","background-repeat":"repeat","background-position":"center center","background-size":"auto","background-attachment":"scroll","background-type":"","background-media":"","overlay-type":"","overlay-color":"","overlay-opacity":"","overlay-gradient":""},"mobile":{"background-color":"var(--ast-global-color-5)","background-image":"","background-repeat":"repeat","background-position":"center center","background-size":"auto","background-attachment":"scroll","background-type":"","background-media":"","overlay-type":"","overlay-color":"","overlay-opacity":"","overlay-gradient":""}},"advanced_seo_description":"","jetpack_seo_html_title":"","jetpack_seo_noindex":false,"_jetpack_memberships_contains_paid_content":false,"footnotes":""},"categories":[4],"tags":[],"class_list":["post-1149","post","type-post","status-publish","format-standard","hentry","category-ogloszenia"],"jetpack_featured_media_url":"","jetpack-related-posts":[],"jetpack_sharing_enabled":true,"_links":{"self":[{"href":"https:\/\/kolegiatakartuzy.pl\/wp-test\/index.php?rest_route=\/wp\/v2\/posts\/1149","targetHints":{"allow":["GET"]}}],"collection":[{"href":"https:\/\/kolegiatakartuzy.pl\/wp-test\/index.php?rest_route=\/wp\/v2\/posts"}],"about":[{"href":"https:\/\/kolegiatakartuzy.pl\/wp-test\/index.php?rest_route=\/wp\/v2\/types\/post"}],"author":[{"embeddable":true,"href":"https:\/\/kolegiatakartuzy.pl\/wp-test\/index.php?rest_route=\/wp\/v2\/users\/2"}],"replies":[{"embeddable":true,"href":"https:\/\/kolegiatakartuzy.pl\/wp-test\/index.php?rest_route=%2Fwp%2Fv2%2Fcomments&post=1149"}],"version-history":[{"count":1,"href":"https:\/\/kolegiatakartuzy.pl\/wp-test\/index.php?rest_route=\/wp\/v2\/posts\/1149\/revisions"}],"predecessor-version":[{"id":1150,"href":"https:\/\/kolegiatakartuzy.pl\/wp-test\/index.php?rest_route=\/wp\/v2\/posts\/1149\/revisions\/1150"}],"wp:attachment":[{"href":"https:\/\/kolegiatakartuzy.pl\/wp-test\/index.php?rest_route=%2Fwp%2Fv2%2Fmedia&parent=1149"}],"wp:term":[{"taxonomy":"category","embeddable":true,"href":"https:\/\/kolegiatakartuzy.pl\/wp-test\/index.php?rest_route=%2Fwp%2Fv2%2Fcategories&post=1149"},{"taxonomy":"post_tag","embeddable":true,"href":"https:\/\/kolegiatakartuzy.pl\/wp-test\/index.php?rest_route=%2Fwp%2Fv2%2Ftags&post=1149"}],"curies":[{"name":"wp","href":"https:\/\/api.w.org\/{rel}","templated":true}]}}