{"id":1159,"date":"2023-09-09T16:48:11","date_gmt":"2023-09-09T14:48:11","guid":{"rendered":"https:\/\/kolegiatakartuzy.pl\/wp-test\/?p=1159"},"modified":"2023-09-09T16:48:11","modified_gmt":"2023-09-09T14:48:11","slug":"ogloszenia-duszpasterskie-na-dzien-10-09-2023","status":"publish","type":"post","link":"https:\/\/kolegiatakartuzy.pl\/wp-test\/?p=1159","title":{"rendered":"Og\u0142oszenia duszpasterskie na dzie\u0144 10.09.2023"},"content":{"rendered":"\n<h2 class=\"wp-block-heading has-text-align-center\">XXIII\u00a0 Niedziela Zwyk\u0142a<\/h2>\n\n\n\n<p class=\"has-text-align-justify\"><strong>I Czytanie Ez 33,7-9 &#8211; <\/strong>Pan ustanawia nas swoimi narz\u0119dziami \u2013 swoim post\u0119powaniem mamy chroni\u0107 braci zmierzaj\u0105cych z\u0142\u0105 drog\u0105, co niekiedy wymaga wyj\u015bcia ze swojej strefy komfortu.<br><strong>II Czytanie Rz 13,8-10<\/strong> &#8211; Kierowanie si\u0119 mi\u0142o\u015bci\u0105 w \u017cyciu zak\u0142ada, \u017ce nie zawsze b\u0119dzie to \u0142atwe \u2013 czasem trzeba kogo\u015b naprowadzi\u0107 na w\u0142a\u015bciwa drog\u0119.<br><strong>Ewangelia Mt 18,15-20 &#8211; <\/strong>Jezus m\u00f3wi tak\u017ce, aby upomina\u0107 braci z mi\u0142o\u015bci\u0105. Podpowiada te\u017c, \u017ce gdy wsp\u00f3lnota prosi o\u00a0co\u015b Ojca, On jest blisko tej wsp\u00f3lnoty.<\/p>\n\n\n\n<p class=\"has-text-align-justify\">1. Dzi\u015b dwudziesta trzecia niedziela w ci\u0105gu roku ko\u015bcielnego. Sprawuj\u0105c tajemnic\u0119 m\u0119ki, \u015bmierci i zmartwychwstania Chrystusa, uwielbili\u015bmy Boga i zaczerpn\u0119li\u015bmy ze \u017ar\u00f3d\u0142a Bo\u017cej \u0142aski. Niech te dary umacniaj\u0105 nas na drogach codziennego \u017cycia i dawania \u015bwiadectwa naszej blisko\u015bci z Bogiem.<\/p>\n\n\n\n<p class=\"has-text-align-justify\">2. Od pocz\u0105tku wrze\u015bnia modlimy si\u0119 o pok\u00f3j i dobre wychowanie m\u0142odego pokolenia. Warto wi\u0119c dzi\u015b przypomnie\u0107 s\u0142owa \u015awi\u0119tego Jana Paw\u0142a II: \u201eOsi\u0105gniemy pok\u00f3j, wychowuj\u0105c do pokoju! [\u2026] Ko\u015bci\u00f3\u0142 nie przestaje powtarza\u0107: pok\u00f3j jest obowi\u0105zkiem\u201d (z Or\u0119dzia na XXXVII \u015awiatowy Dzie\u0144 Pokoju). W zbli\u017caj\u0105c\u0105 si\u0119 rocznic\u0119 terrorystycznego zamachu na Word Trade Center w Nowym Jorku, 11 wrze\u015bnia \u00a0obejmijmy pami\u0119ci\u0105 ofiary tej i innych tragedii, kt\u00f3rych \u017ar\u00f3d\u0142em zawsze jest nienawi\u015b\u0107. Pro\u015bmy Chrystusa \u2013 Ksi\u0119cia Pokoju, aby nasze dzieci wzrasta\u0142y w poczuciu bezpiecze\u0144stwa i w harmonii, a nasza Ojczyzna unikn\u0119\u0142a okrucie\u0144stwa terroryzmu.<\/p>\n\n\n\n<p class=\"has-text-align-justify\">3. Dzisiaj \u00a0<strong>odpust w Sianowie<\/strong>. Suma odpustowa o godz.11.30 pod przewodnictwem Ks. Biskupa Arkadiusza Okroja. \u00a0<\/p>\n\n\n\n<p class=\"has-text-align-justify\">4. W \u015brod\u0119\u00a0 <strong><em>Dzie\u0144 Fatimski<\/em><\/strong> \u2013 zapraszamy na godz.17.30 na r\u00f3\u017caniec i po mszy \u015bw. do udzia\u0142u w Procesji Fatimskiej do Parku \u015bw. Jana Paw\u0142a II.<\/p>\n\n\n\n<p class=\"has-text-align-justify\">5. W czwartek, 14 wrze\u015bnia, przypada \u015bwi\u0119to <strong>Podwy\u017cszenia Krzy\u017ca \u015awi\u0119tego<\/strong>. Krzy\u017c jest naszym chrze\u015bcija\u0144skim god\u0142em \u2013 znakiem m\u0119ki i \u015bmierci naszego Odkupiciela, jednak po nim by\u0142o zmartwychwstanie i wniebowst\u0105pienie. Krzy\u017c jest wi\u0119c tak\u017ce znakiem naszej nadziei. Pami\u0119tajmy, \u017ce Chrystusowym krzy\u017cem staje si\u0119 o\u0142tarz w naszej \u015bwi\u0105tyni i we wszystkich ko\u015bcio\u0142ach na ca\u0142ym \u015bwiecie. Na nim podczas Eucharystii Chrystus ponawia swoj\u0105 paschaln\u0105 Ofiar\u0119 \u201eza \u017cycie \u015bwiata\u201d. Nasza Ojczyzna i jej dzieje znaczone s\u0105 krzy\u017cami. Jak nigdzie w Europie, zw\u0142aszcza Zachodniej, wsz\u0119dzie g\u00f3ruj\u0105 u nas krzy\u017ce. Zachowujmy je w szacunku i dba\u0142o\u015bci nie tylko przy okazji \u015bwi\u0119ta Podwy\u017cszenia Krzy\u017ca.\u00a0<\/p>\n\n\n\n<p class=\"has-text-align-justify\">6. W czwartek zapraszamy na adoracj\u0119 i uwielbienie Krzy\u017ca \u015awi\u0119tego\u00a0 na <strong>\u0141apalickiej G\u00f3rze<\/strong>, kt\u00f3re odb\u0119dzie si\u0119 w czasie nabo\u017ce\u0144stwa\u00a0 o godz.17.30.<\/p>\n\n\n\n<p class=\"has-text-align-justify\">7. W czwartek zapraszamy na Msz\u0119 \u015awi\u0119t\u0105 w <strong>Kaplicy Podwy\u017cszenia Krzy\u017ca \u015awi\u0119tego<\/strong> na Wzg\u00f3rzu Wolno\u015bci ku uczczeniu Krzy\u017ca \u015awi\u0119tego o godz.19.00.<\/p>\n\n\n\n<p class=\"has-text-align-justify\">8. W s\u0105siedztwie \u015bwi\u0119ta Podwy\u017cszenia Krzy\u017ca \u015awi\u0119tego w kalendarzu liturgicznym pod dat\u0105 15 wrze\u015bnia\u00a0 przypada wspomnienie <strong>Matki Bo\u017cej Bolesnej<\/strong>. Przez to wspomnienie mo\u017cemy u\u015bwiadomi\u0107 sobie cierpienia, jakie by\u0142y udzia\u0142em Maryi, kt\u00f3ra \u2013 jak nikt inny \u2013 by\u0142a zjednoczona z Chrystusem r\u00f3wnie\u017c w Jego m\u0119ce, cierpieniu i \u015bmierci. Apostolstwo Dobrej \u015amierci zaprasza na <strong><em>Nowenn\u0119 do Matki Bo\u017cej Bolesnej<\/em><\/strong>\u00a0 do czwartku\u00a0 14.09. 2023\u00a0 o godz.17.40.<\/p>\n\n\n\n<p class=\"has-text-align-justify\">9. <strong><em>Zapraszamy serdecznie do wsp\u00f3lnego dzi\u0119kczynienia za tegoroczne plony ziemi w pi\u0105tek o godz.18.00. <\/em><\/strong>\u00a0W czasie mszy \u015bw. b\u0119dziemy prosili Ojca w niebie, aby zebrane p\u0142ody ziemi s\u0142u\u017cy\u0142y wsp\u00f3lnemu dobru. Dlatego te\u017c modlitewn\u0105 pami\u0119ci\u0105 obejmiemy wszystkich, kt\u00f3rzy w\u0142asn\u0105 prac\u0105 zadbali o ich obfito\u015b\u0107, ale r\u00f3wnie\u017c tych, od kt\u00f3rych b\u0119dzie zale\u017ca\u0142 sprawiedliwy podzia\u0142 tych d\u00f3br. Serdecznie wszystkich zapraszamy do udzia\u0142u.<\/p>\n\n\n\n<p class=\"has-text-align-justify\">10. Zapraszamy do udzia\u0142u odpu\u015bcie ku czci <strong>Matki Bo\u017cej Bolesnej w Ko\u015bcierzynie<\/strong> w sobot\u0119 16 wrze\u015bnia o godz.11.45. Szczeg\u00f3lnie zapraszamy Rodzin\u0119 R\u00f3\u017ca\u0144cow\u0105 na \u015awi\u0119to R\u00f3\u017c R\u00f3\u017ca\u0144cowych Rejonu Ko\u015bcierskiego.<\/p>\n\n\n\n<p class=\"has-text-align-justify\">11. Zapraszamy na <strong>R\u00f3\u017caniec B\u0142agalny<\/strong> \u00a0\u00a0o pok\u00f3j w Ukrainie codziennie od poniedzia\u0142ku do soboty o godz.7.30.<\/p>\n\n\n\n<p class=\"has-text-align-justify\">12. Zapraszamy na <strong>adoracj\u0119 Pana Jezusa w\u00a0 Naj\u015bwi\u0119tszym Sakramencie<\/strong> w czwartek po Mszy \u015awi\u0119tej o godz.18.00, kt\u00f3ra trwa\u0107 b\u0119dzie do godz.19.30. W tym czasie mo\u017cna skorzysta\u0107 z Sakramentu Mi\u0142osierdzia.\u00a0<\/p>\n\n\n\n<p class=\"has-text-align-justify\">13. Osoby, kt\u00f3re planuj\u0105 zawrze\u0107 ma\u0142\u017ce\u0144stwo sakramentalne w roku przysz\u0142ym, proszone s\u0105, aby do ko\u0144ca wrze\u015bnia zg\u0142osi\u0142y si\u0119 do biura parafialnego w celu om\u00f3wienia przygotowania do \u015blubu. Zach\u0119camy narzeczonych, \u017ceby uczestniczyli w jesiennych terminach\u00a0<em>Weekend\u00f3w dla narzeczonych<\/em>\u00a0oraz\u00a0<em>Spotka\u0144 dla narzeczonych<\/em>, r\u00f3wnie\u017c je\u017celi \u015blub jest zaplanowany na lato<\/p>\n\n\n\n<p class=\"has-text-align-justify\">14. Serdecznie zapraszamy ch\u0142opc\u00f3w, kt\u00f3rzy chcieliby zosta\u0107 ministrantami na zbi\u00f3rk\u0119 w poniedzia\u0142ek\u00a0po wieczornej Mszy \u015bwi\u0119tej w ko\u015bciele.\u00a0<\/p>\n\n\n\n<p class=\"has-text-align-justify\">15. Po wakacyjnej przerwie wznawiamy cotygodniowe spotkania dla m\u0142odzie\u017cy. Zapraszamy we wtorki po Mszy \u015bwi\u0119tej\u00a0wieczornej do salek katechetycznych. Spotkania potrwaj\u0105 do oko\u0142o godz. 20:00. Szczeg\u00f3lnie zapraszamy m\u0142odzie\u017c, kt\u00f3ra w ostatnich latach przyj\u0119\u0142a sakrament bierzmowania oraz t\u0105, kt\u00f3ra przygotowuje si\u0119 do przyj\u0119cia tego sakramentu.\u00a0<\/p>\n\n\n\n<p class=\"has-text-align-justify\">16. Zapraszamy w niedziel\u0119 na 11.00 do salki na pr\u00f3b\u0119 \u015bpiewu dziewczynki, kt\u00f3re chc\u0105 nale\u017ce\u0107 do naszej scholki parafialnej.<\/p>\n\n\n\n<p class=\"has-text-align-justify\">17. Rozpoczynamy 2-letni cykl przygotowania do sakramentu bierzmowania. Uczni\u00f3w klas 8-mych zapraszamy na spotkanie organizacyjne w poniedzia\u0142ek na godz. 18.30 do ko\u015bcio\u0142a. Obecno\u015b\u0107 obowi\u0105zkowa.\u00a0<\/p>\n\n\n\n<p class=\"has-text-align-justify\">18. Spotkanie <strong>Sychar<\/strong> &#8211; wsp\u00f3lnoty trudnych ma\u0142\u017ce\u0144stw w pi\u0105tek po mszy \u015bw. w salkach katechetycznych. Zapraszamy szczeg\u00f3lnie wszystkich ma\u0142\u017conk\u00f3w prze\u017cywaj\u0105cych trudno\u015bci i kryzysy w ma\u0142\u017ce\u0144stwie.<\/p>\n\n\n\n<p class=\"has-text-align-justify\">19. Zach\u0119camy do nabycia nowego nru <strong>\u201eGo\u015bcia Niedzielnego\u201d, \u201ePielgrzyma\u201d i \u201eMisyjnych Dr\u00f3g\u201d.<\/strong><\/p>\n\n\n\n<p>20. W przysz\u0142\u0105 niedziel\u0119\u00a0 kolekta na W.S.D. w Pelplinie.<\/p>\n\n\n\n<p class=\"has-text-align-justify\">21. <strong>Msze \u015awi\u0119te:<\/strong> za ++Cz\u0142onk\u00f3w I R\u00f3\u017cy Ojc\u00f3w i Ksi\u0119\u017cy\u00a0 z naszej Parafii w poniedzia\u0142ek o godz.18.00, <strong>\u00a0<\/strong>z podzi\u0119kowaniem za otrzymane \u0142aski w czasie pielgrzymki \u017bywego R\u00f3\u017ca\u0144ca na Pomorze Zachodnie, z pro\u015bb\u0105 o dalsze Bo\u017ce b\u0142og., opiek\u0119 Matki Bo\u017cej dla wszystkich uczestnik\u00f3w i Cz\u0142onk\u00f3w ich Rodzin \u015brod\u0119 o godz.18.00 \u2013 po Mszy \u015awi\u0119tej po\u015bwi\u0119cenie dewocjonali\u00f3w,<strong> <\/strong>w intencji Cz\u0142onk\u00f3w Apostolstwa Dobrej \u015amierci w sobot\u0119 o godz.8.00.<\/p>\n\n\n\n<p class=\"has-text-align-justify\">22. W minionym czasie odszed\u0142 po nagrod\u0119 do Pana \u015bp. <strong>Andrzej Plichta <\/strong>z Somonina \u2013 bliskim sk\u0142adamy serdeczne wyrazy wsp\u00f3\u0142czucia, a wszystkich naszych Zmar\u0142ych polecamy Mi\u0142osierdziu Bo\u017cemu &#8211; <strong>Dobry Jezu\u2026<\/strong><\/p>\n\n\n\n<p class=\"has-text-align-justify\"><strong>\u00a0W tym tygodniu patronuj\u0105 nam:<\/strong><br>&#8211; wtorek, 13 wrze\u015bnia \u2013 \u015awi\u0119ty <strong>Jan Chryzostom<\/strong> (ok. 354-407) biskup Konstantynopola, wybitny kaznodzieja, doktor Ko\u015bcio\u0142a;<br>&#8211; pi\u0105tek, 16 wrze\u015bnia \u2013 \u015awi\u0119ci <strong>Korneliusz<\/strong> (ok. 200-253) papie\u017c, or\u0119downik jedno\u015bci Ko\u015bcio\u0142a, i <strong>Cyprian<\/strong> (ok. 210-258), biskup Kartaginy, obaj zgin\u0119li \u015bmierci\u0105 m\u0119cze\u0144sk\u0105.<\/p>\n\n\n\n<p class=\"has-text-align-justify\">Powr\u00f3t do szko\u0142y, do pracy dla niekt\u00f3rych jest trudny. Jako uczniowie Pana Jezusa wiemy, \u017ce B\u00f3g pragnie naszego rozwoju fizycznego, intelektualnego, psychicznego i duchowego. Pan Jezus obieca\u0142,\u00a0\u017ce nasze dobre wysi\u0142ki b\u0119dzie wspiera\u0142 swoj\u0105 \u0142ask\u0105.<br><strong>Naszym Drogim Parafianom i mi\u0142ym Go\u015bciom<\/strong> \u017cyczymy mi\u0142ej, z Bogiem prze\u017cytej niedzieli. Matce Bo\u017cej, Pani Naszej \u2013 Matce i Kr\u00f3lowej\u00a0 z Kartuskiego Raju\u00a0 polecamy dzieci i m\u0142odzie\u017c na nowy rok szkolny, a solenizantom i jubilatom \u015bwi\u0119tuj\u0105cym w tym tygodniu \u017cyczymy zdrowia, Bo\u017cego b\u0142ogos\u0142awie\u0144stwa i pokoju w sercu.\u00a0<\/p>\n\n\n\n<p class=\"has-text-align-right\">Wasi\u00a0 Duszpasterze<\/p>\n","protected":false},"excerpt":{"rendered":"<p>XXIII\u00a0 Niedziela Zwyk\u0142a I Czytanie Ez 33,7-9 &#8211; Pan ustanawia nas swoimi narz\u0119dziami \u2013 swoim post\u0119powaniem mamy chroni\u0107 braci zmierzaj\u0105cych [&hellip;]<\/p>\n","protected":false},"author":2,"featured_media":0,"comment_status":"closed","ping_status":"","sticky":false,"template":"","format":"standard","meta":{"site-sidebar-layout":"default","site-content-layout":"","ast-site-content-layout":"","site-content-style":"default","site-sidebar-style":"default","ast-global-header-display":"","ast-banner-title-visibility":"","ast-main-header-display":"","ast-hfb-above-header-display":"","ast-hfb-below-header-display":"","ast-hfb-mobile-header-display":"","site-post-title":"","ast-breadcrumbs-content":"","ast-featured-img":"","footer-sml-layout":"","theme-transparent-header-meta":"","adv-header-id-meta":"","stick-header-meta":"","header-above-stick-meta":"","header-main-stick-meta":"","header-below-stick-meta":"","astra-migrate-meta-layouts":"default","ast-page-background-enabled":"default","ast-page-background-meta":{"desktop":{"background-color":"var(--ast-global-color-4)","background-image":"","background-repeat":"repeat","background-position":"center center","background-size":"auto","background-attachment":"scroll","background-type":"","background-media":"","overlay-type":"","overlay-color":"","overlay-opacity":"","overlay-gradient":""},"tablet":{"background-color":"","background-image":"","background-repeat":"repeat","background-position":"center center","background-size":"auto","background-attachment":"scroll","background-type":"","background-media":"","overlay-type":"","overlay-color":"","overlay-opacity":"","overlay-gradient":""},"mobile":{"background-color":"","background-image":"","background-repeat":"repeat","background-position":"center center","background-size":"auto","background-attachment":"scroll","background-type":"","background-media":"","overlay-type":"","overlay-color":"","overlay-opacity":"","overlay-gradient":""}},"ast-content-background-meta":{"desktop":{"background-color":"var(--ast-global-color-5)","background-image":"","background-repeat":"repeat","background-position":"center center","background-size":"auto","background-attachment":"scroll","background-type":"","background-media":"","overlay-type":"","overlay-color":"","overlay-opacity":"","overlay-gradient":""},"tablet":{"background-color":"var(--ast-global-color-5)","background-image":"","background-repeat":"repeat","background-position":"center center","background-size":"auto","background-attachment":"scroll","background-type":"","background-media":"","overlay-type":"","overlay-color":"","overlay-opacity":"","overlay-gradient":""},"mobile":{"background-color":"var(--ast-global-color-5)","background-image":"","background-repeat":"repeat","background-position":"center center","background-size":"auto","background-attachment":"scroll","background-type":"","background-media":"","overlay-type":"","overlay-color":"","overlay-opacity":"","overlay-gradient":""}},"advanced_seo_description":"","jetpack_seo_html_title":"","jetpack_seo_noindex":false,"_jetpack_memberships_contains_paid_content":false,"footnotes":""},"categories":[4],"tags":[],"class_list":["post-1159","post","type-post","status-publish","format-standard","hentry","category-ogloszenia"],"jetpack_featured_media_url":"","jetpack-related-posts":[],"jetpack_sharing_enabled":true,"_links":{"self":[{"href":"https:\/\/kolegiatakartuzy.pl\/wp-test\/index.php?rest_route=\/wp\/v2\/posts\/1159","targetHints":{"allow":["GET"]}}],"collection":[{"href":"https:\/\/kolegiatakartuzy.pl\/wp-test\/index.php?rest_route=\/wp\/v2\/posts"}],"about":[{"href":"https:\/\/kolegiatakartuzy.pl\/wp-test\/index.php?rest_route=\/wp\/v2\/types\/post"}],"author":[{"embeddable":true,"href":"https:\/\/kolegiatakartuzy.pl\/wp-test\/index.php?rest_route=\/wp\/v2\/users\/2"}],"replies":[{"embeddable":true,"href":"https:\/\/kolegiatakartuzy.pl\/wp-test\/index.php?rest_route=%2Fwp%2Fv2%2Fcomments&post=1159"}],"version-history":[{"count":1,"href":"https:\/\/kolegiatakartuzy.pl\/wp-test\/index.php?rest_route=\/wp\/v2\/posts\/1159\/revisions"}],"predecessor-version":[{"id":1160,"href":"https:\/\/kolegiatakartuzy.pl\/wp-test\/index.php?rest_route=\/wp\/v2\/posts\/1159\/revisions\/1160"}],"wp:attachment":[{"href":"https:\/\/kolegiatakartuzy.pl\/wp-test\/index.php?rest_route=%2Fwp%2Fv2%2Fmedia&parent=1159"}],"wp:term":[{"taxonomy":"category","embeddable":true,"href":"https:\/\/kolegiatakartuzy.pl\/wp-test\/index.php?rest_route=%2Fwp%2Fv2%2Fcategories&post=1159"},{"taxonomy":"post_tag","embeddable":true,"href":"https:\/\/kolegiatakartuzy.pl\/wp-test\/index.php?rest_route=%2Fwp%2Fv2%2Ftags&post=1159"}],"curies":[{"name":"wp","href":"https:\/\/api.w.org\/{rel}","templated":true}]}}