{"id":1172,"date":"2023-09-30T17:49:40","date_gmt":"2023-09-30T15:49:40","guid":{"rendered":"https:\/\/kolegiatakartuzy.pl\/wp-test\/?p=1172"},"modified":"2023-09-30T17:49:40","modified_gmt":"2023-09-30T15:49:40","slug":"ogloszenia-duszpasterskie-na-dzien-01-10-2023","status":"publish","type":"post","link":"https:\/\/kolegiatakartuzy.pl\/wp-test\/?p=1172","title":{"rendered":"Og\u0142oszenia duszpasterskie na dzie\u0144 01.10.2023"},"content":{"rendered":"\n<h2 class=\"wp-block-heading has-text-align-center\">XXVI\u00a0 Niedziela Zwyk\u0142a<\/h2>\n\n\n\n<p class=\"has-text-align-justify\"><strong>I Czytanie Ez 18,25-28 &#8211; <\/strong>Pan B\u00f3g post\u0119puje zawsze sprawiedliwie, jednak my\u015bli Jego cz\u0119sto s\u0105 trudne do przyj\u0119cia przez cz\u0142owieka.<br><strong>II Czytanie Flp 2,1-11 &#8211; <\/strong>We wsp\u00f3lnocie chrze\u015bcija\u0144skiej powinni\u015bmy patrze\u0107 jedni na drugich z mi\u0142o\u015bci\u0105, by\u015bmy mogli si\u0119 wspomaga\u0107 i d\u0105\u017cy\u0107 wsp\u00f3lnie do jednego celu.<br><strong>Ewangelia Mt 21,28-32 &#8211; <\/strong>Jezus zadaje pytanie arcykap\u0142anom i starszym, aby ich napomnie\u0107, gdy\u017c potrzebuj\u0105 radykalnej zmiany post\u0119powania. Chrystus pokazuje, \u017ce je\u015bli odrzucaj\u0105 braci, odrzucaj\u0105 prorok\u00f3w, to nie wype\u0142niaj\u0105 woli Ojca i zachowuj\u0105 si\u0119 jak ten z opowie\u015bci Jezusa, kt\u00f3rego post\u0119powanie odrzucili. \u00a0<\/p>\n\n\n\n<p class=\"has-text-align-justify\">1. Dzisiaj rozpoczynamy <strong>pa\u017adziernik &#8211; miesi\u0105c r\u00f3\u017ca\u0144cowy<\/strong>. Maryja w objawieniach cz\u0119sto zach\u0119ca\u0142a, aby\u015bmy odmawiali r\u00f3\u017caniec. Id\u0105c za Jej wezwaniem, zach\u0119camy do codziennego wsp\u00f3lnego rozwa\u017cania tajemnic r\u00f3\u017ca\u0144cowych. W ko\u015bcio\u0142ach i we wsp\u00f3lnotach rodzinnych rozpoczynamy nabo\u017ce\u0144stwa r\u00f3\u017ca\u0144cowe. Zapraszamy na nabo\u017ce\u0144stwa r\u00f3\u017ca\u0144cowe:<\/p>\n\n\n\n<ul class=\"wp-block-list\">\n<li>Dla <strong>ca\u0142ych rodzin <\/strong>codziennie&nbsp;&nbsp; przed msz\u0105 \u015bw. o <strong>godz.17.30<\/strong><\/li>\n\n\n\n<li>Dla <strong>dzieci<\/strong>&nbsp;&nbsp; we wtorki i pi\u0105tki&nbsp; o <strong>godz<\/strong>.<strong>16.30<\/strong><\/li>\n\n\n\n<li>W \u0141apalicach przy krzy\u017cu w dni powszednie&nbsp; o <strong>godz.17.00<\/strong>, a w niedziele i \u015bwi\u0119ta o <strong>godz.14.00<\/strong>&nbsp;<\/li>\n<\/ul>\n\n\n\n<p class=\"has-text-align-justify\">2. Dzisiejsza niedziela i ca\u0142y pa\u017adziernik stanowi\u0105 dobr\u0105 okazj\u0119 do zainteresowania si\u0119 r\u00f3\u017cami <strong><em>\u017bywego R\u00f3\u017ca\u0144ca<\/em><\/strong> w naszej parafii. Cieszymy si\u0119 z Parafian, kt\u00f3rzy nale\u017c\u0105 ju\u017c do tych r\u00f3\u017c, a\u00a0pozosta\u0142ych zach\u0119camy do zaanga\u017cowania si\u0119 w ich dzia\u0142alno\u015b\u0107. Niekt\u00f3re r\u00f3\u017ce wymagaj\u0105 uzupe\u0142nienia z powodu \u015bmierci lub wyjazdu cz\u0119\u015bci ich cz\u0142onk\u00f3w. W zwi\u0105zku z tym zainteresowanych wst\u0105pieniem do r\u00f3\u017c zapraszamy do zakrystii w ka\u017cd\u0105 pierwsz\u0105 niedziel\u0119 po nabo\u017ce\u0144stwie r\u00f3\u017ca\u0144cowym. Je\u015bli b\u0119dzie wi\u0119cej ch\u0119tnych os\u00f3b, to by\u0107 mo\u017ce uda si\u0119 za\u0142o\u017cy\u0107 nowe r\u00f3\u017ce. Do obowi\u0105zk\u00f3w os\u00f3b nale\u017c\u0105cych do r\u00f3\u017cy nale\u017cy branie udzia\u0142u w nabo\u017ce\u0144stwach r\u00f3\u017ca\u0144cowych odbywaj\u0105cych si\u0119 raz w\u00a0miesi\u0105cu oraz codzienne odmawianie\u00a0\u00a0 jednej tajemnicy r\u00f3\u017ca\u0144ca w\u00a0intencjach wyznaczonych przez Ko\u015bci\u00f3\u0142.<\/p>\n\n\n\n<p class=\"has-text-align-justify\">3. W poniedzia\u0142ek czcimy \u015awi\u0119tych <strong>Anio\u0142\u00f3w Str\u00f3\u017c\u00f3w<\/strong>, ka\u017cdego dnia zawierzajmy si\u0119 ich opiece.<\/p>\n\n\n\n<p class=\"has-text-align-justify\">4. W \u015brod\u0119, 4 pa\u017adziernika, w kalendarzu liturgicznym przypada wspomnienie \u015awi\u0119tego <strong>Franciszka<\/strong> z Asy\u017cu. To tak\u017ce dzie\u0144 imienin papie\u017ca Franciszka. Niech nasza modlitwa b\u0119dzie wsparciem dla Ojca \u015awi\u0119tego.<\/p>\n\n\n\n<p class=\"has-text-align-justify\">5. W czwartek, 5 pa\u017adziernika, b\u0119dziemy wspomina\u0107 w liturgii \u015awi\u0119t\u0105 Siostr\u0119 <strong>Faustyn\u0119 Kowalsk\u0105<\/strong>, kt\u00f3r\u0105 nazywamy Aposto\u0142k\u0105 Bo\u017cego Mi\u0142osierdzia. Tego dnia w spos\u00f3b szczeg\u00f3lny b\u0119dziemy modli\u0107 si\u0119 przez jej wstawiennictwo o mi\u0142osierdzie Bo\u017ce dla nas i ca\u0142ego \u015bwiata.<\/p>\n\n\n\n<p class=\"has-text-align-justify\">6. W pi\u0105tek <strong>6 pa\u017adziernika\u00a0 <\/strong>obchodzi\u0107 b\u0119dziemy\u00a0 nasz odpust ku czci <strong>Patrona Kartuz \u015bw. Brunona<\/strong> z Kolonii. W czwartek przed odpustem\u00a0 adoracja Naj\u015bwi\u0119tszego Sakramentu od godz.17.00\u00a0 i b\u0119dzie trwa\u0142a\u00a0 do godz. 18.00 &#8211; w tym czasie\u00a0 b\u0119dzie trwa\u0142a spowied\u017a \u015bwi\u0119ta. Tradycyjnie modli\u0107 si\u0119 b\u0119dziemy za naszych zmar\u0142ych przed odpustem. Zapraszamy w czwartek\u00a0 na<strong>\u00a0 godz. 18.00 <\/strong>na msz\u0119 \u015bw. w intencji\u00a0 zmar\u0142ych spoczywaj\u0105cych na naszym cmentarzu<strong>,\u00a0\u00a0 po mszy\u00a0 \u015bw. procesja na dolny cmentarz, zako\u0144czenie procesji \u017ca\u0142obnej przy krzy\u017cu \u00a0przy ko\u015bciele.<\/strong> W dniu odpustu w pi\u0105tek\u00a0 Msze \u015awi\u0119te odpustowe o godz.7.00, 8.30, <strong>11.00 &#8211; Suma odpustowa pod przewodnictwem Ks. Biskupa Diecezjalnego Ryszarda Kasyny\u00a0 <\/strong>z udzia\u0142em Kapitu\u0142y Kolegiackiej Kartuskiej oraz W\u0142adz Miasta i Powiatu, 16.30\u00a0 i o godz.18.00.<\/p>\n\n\n\n<p class=\"has-text-align-justify\">7. W sobot\u0119 7 pa\u017adziernika przypada kolejna <strong>rocznica konsekracji naszej \u015awi\u0105tyni (1403<\/strong> <strong>r.). <\/strong>Zapraszamy do modlitwy dzi\u0119kczynnej za budowniczych naszego ko\u015bcio\u0142a poklasztornego, Ojc\u00f3w i Braci Kartuz\u00f3w oraz wszystkich, kt\u00f3rzy przez wieki i r\u00f3wnie\u017c dzisiaj troszcz\u0105 si\u0119 o nasz\u0105 \u015bwi\u0105tyni\u0119 i w niej si\u0119 modl\u0105 \u2013 ta prastara \u015bwi\u0105tynia \u0142\u0105czy wieki i pokolenia modlitwy i Bo\u017cej Chwa\u0142y. W tym dniu wspominamy <strong>Matk\u0119 Bo\u017c\u0105 R\u00f3\u017ca\u0144cow\u0105, <\/strong>dlatego zapraszamy\u00a0wszystkie <strong>dzieci przygotowuj\u0105ce si\u0119 do I Komunii \u015bwi\u0119tej<\/strong> na Msz\u0119 \u015awi\u0119t\u0105 w niedziel\u0119 na godz.12.30 z po\u015bwi\u0119ceniem r\u00f3\u017ca\u0144c\u00f3w.\u00a0<\/p>\n\n\n\n<p class=\"has-text-align-justify\">8. Zapraszamy na <strong>R\u00f3\u017caniec B\u0142agalny<\/strong>\u00a0o pok\u00f3j w Ukrainie codziennie od poniedzia\u0142ku do soboty o godz.7.30.<\/p>\n\n\n\n<p class=\"has-text-align-justify\">9. W \u015brod\u0119 zapraszamy do modlitwy w intencji Ojczyzny: o godz.17.00 wystawienie Naj\u015bwi\u0119tszego Sakramentu i r\u00f3\u017caniec \u015bwi\u0119ty oraz czuwanie modlitewne.<\/p>\n\n\n\n<p>10. W tym tygodniu<strong> dni eucharystyczne:<\/strong><\/p>\n\n\n\n<ul class=\"wp-block-list\">\n<li>w czwartek\u00a0\u00a0 <strong>Bractwo Przemienienia Pa\u0144skiego<\/strong> zaprasza do wsp\u00f3lnego \u015bpiewu Godzinek o Przemienieniu Pa\u0144skim na godz.17.00 \u2013 w tym czasie spowied\u017a \u015bwi\u0119ta i adoracja Naj\u015bwi\u0119tszego Sakramentu<\/li>\n\n\n\n<li>od 2015 roku trwamy na wzajemnej modlitwie z naszym Wy\u017cszym Seminarium Duchownym w Pelplinie. Ka\u017cdego dnia, kiedy klerycy przebywaj\u0105 w seminarium, modlimy si\u0119 za konkretne wsp\u00f3lnoty parafialne naszej diecezji, kap\u0142an\u00f3w, rodziny, osoby konsekrowane, wszystkich samotnych, chorych, cierpi\u0105cych, nie wy\u0142\u0105czaj\u0105c te\u017c z pami\u0119ci modlitewnej zmar\u0142ych parafian. W ten spos\u00f3b pami\u0119taj\u0105 w modlitwie o danej parafii, przybli\u017caj\u0105c sobie jednocze\u015bnie charakterystyk\u0119 wsp\u00f3lnoty parafialnej. A ka\u017cda\u00a0 parafia natomiast danego dnia jest zaproszona do modlitwy za nasze Wy\u017csze Seminarium Duchowne, za wszystkich kleryk\u00f3w, moderator\u00f3w, wychowawc\u00f3w i profesor\u00f3w naszego seminarium, z trosk\u0105 o kszta\u0142towanie \u015bwi\u0119tych kap\u0142an\u00f3w i nowe powo\u0142ania do s\u0142u\u017cby Bo\u017cej \u2013 nasza parafia w tym <strong>Mo\u015bcie Modlitewnym<\/strong> \u0142\u0105czy\u0107 si\u0119 b\u0119dzie w pi\u0105tek 6 pa\u017adziernika.<\/li>\n\n\n\n<li>w pi\u0105tek, w dniu naszego Odpustu, po Mszy \u015awi\u0119tej o godz.7.00 wystawienie Naj\u015bwi\u0119tszego Sakramentu i nabo\u017ce\u0144stwo do Mi\u0142osierdzia Bo\u017cego, spowied\u017a od godz.16.00, o godz.16.30 Msza \u015awi\u0119ta, po kt\u00f3rej adoracja Naj\u015bwi\u0119tszego Sakramentu do rozpocz\u0119cia Mszy \u015awi\u0119tej o godz.18.00\u00a0 w czasie adoracji szczeg\u00f3lnie modli\u0107 si\u0119 b\u0119dziemy za nasze Pelpli\u0144skie Seminarium<\/li>\n\n\n\n<li>W sobot\u0119 &#8211; nabo\u017ce\u0144stwo pierwszo sobotnie: o godz.7.30 r\u00f3\u017caniec, a po mszy \u015bw. o godz.8.00 &#8211; nabo\u017ce\u0144stwo do Niepokalanego Serca N.M.P. W sobot\u0119\u00a0 odwiedzimy\u00a0 Chorych\u00a0\u00a0 z pos\u0142ug\u0105 sakramentaln\u0105.\u00a0\u00a0<\/li>\n<\/ul>\n\n\n\n<p class=\"has-text-align-justify\">11. Dzisiaj zach\u0119camy do nabycia nowego nru <strong>\u201eGo\u015bcia Niedzielnego\u201d,\u00a0 \u201ePielgrzyma\u201d <\/strong>i innych czasopism.<\/p>\n\n\n\n<p class=\"has-text-align-justify\">12. <strong>Msza \u015awi\u0119ta:<\/strong> z<strong> <\/strong>podzi\u0119kowaniem za otrzymane \u0142aski i z\u00a0 pro\u015bb\u0105 o dalsze Bo\u017ce b\u0142og. i opiek\u0119\u00a0 Matki Bo\u017cej dla Cz\u0142onkini Urszuli Damaszk i jej Rodziny z okazji 70 Urodzin od 40 R\u00f3\u017cy Matek \u00a0w \u015brod\u0119 o godz.8.00.<\/p>\n\n\n\n<p class=\"has-text-align-justify\">13. We wtorek, 03 pa\u017adziernika po Mszy \u015bwi\u0119tej\u00a0wieczornej w ko\u015bciele spotkanie dla m\u0142odzie\u017cy przygotowuj\u0105cej si\u0119 do przyj\u0119cia sakramentu bierzmowania z klas 1 szk\u00f3\u0142 ponadpodstawowych. Obecno\u015b\u0107 obowi\u0105zkowa!<\/p>\n\n\n\n<p class=\"has-text-align-justify\">14. <strong>Apostolstwo Dobrej \u015amierci <\/strong>zaprasza na wsp\u00f3lny wyjazd do Filharmonii Ba\u0142tyckiej na balet: \u201eDziadek do orzech\u00f3w\u201d 4 listopada 2023 na godz.16.30, koszt 160 z\u0142 oraz na koncert Vivat Operetka \u2013 Gala Noworoczna 2 stycznia 2024 na godz.18.00 , koszt 170 z\u0142. Zapisy w biurze parafialnym. Serdecznie zapraszamy do udzia\u0142u.<\/p>\n\n\n\n<p class=\"has-text-align-justify\">15. <strong>Ksi\u0119\u017ce Proboszczu! Drodzy Parafianie! <\/strong>Bardzo si\u0119 ciesz\u0119, \u017ce w niedziel\u0119, 8 pa\u017adziernika, w Waszej parafii mo\u017ce zosta\u0107 przeprowadzona zbi\u00f3rka pieni\u0119dzy na budow\u0119 hospicjum w Kartuzach w ramach corocznej akcji DWA \u015aWIATY. Wolontariusze zbiera\u0107 b\u0119d\u0105 datki, kt\u00f3re wspomog\u0105 pacjent\u00f3w hospicyjnych z naszego regionu. Ju\u017c teraz dzi\u0119kuj\u0119 za Pa\u0144stwa otwarte serca i udzielone wsparcie. Jednocze\u015bnie zapraszam tak\u017ce do wzi\u0119cia udzia\u0142u w koncercie, kt\u00f3ry odb\u0119dzie si\u0119 <strong>8 pa\u017adziernika o godz. 19:00 w parafii \u015bw. Wojciecha w Kartuzach<\/strong>. Wyst\u0105pi tw\u00f3rca muzyki uwielbieniowej \u2013 Micha\u0142 Kr\u00f3l, kt\u00f3ry podczas koncertu wprawi nas w wyj\u0105tkowy nastr\u00f3j oraz zbli\u017cy do Boga. Raz jeszcze dzi\u0119kuj\u0119 za wsparcie na rzecz naszego hospicjum, a tak\u017ce licz\u0119 na Pa\u0144stwa obecno\u015b\u0107 w czasie koncertu. <strong>Zach\u0119cam tak\u017ce do skorzystania z pomocy, jak\u0105 oferuje ju\u017c dzi\u015b nasze hospicjum.<\/strong> \u00a0Zach\u0119cam tak\u017ce do w\u0142\u0105czenia si\u0119 w dzia\u0142alno\u015b\u0107 hospicjum i tworzenia, budowanie naszego Domu Nadziei poprzez pos\u0142ug\u0119 jako wolontariusz (przy pacjentach, aby im towarzyszy\u0107, przy pracach w naszym Domu, w kwestowaniu pieni\u0119dzy). Wystarczy dobra wola, ch\u0119\u0107 niesienia pomocy bli\u017anim i zg\u0142oszenie si\u0119 do Koordynatora wolontariatu pod adresem email: <a href=\"mailto:wolontariat@caritas-kartuzy.pl\">wolontariat@caritas-kartuzy.pl<\/a> lub pod nrem telefonu: 693-870-700 \u00a0\u00a0&#8211;\u00a0 <strong>Ks. Pra\u0142at Marek Trybowski<\/strong><\/p>\n\n\n\n<p class=\"has-text-align-justify\"><strong>Naszym Drogim Parafianom i mi\u0142ym Go\u015bciom<\/strong> \u017cyczymy mi\u0142ej, z Bogiem prze\u017cytej niedzieli i\u00a0 polecamy Matce Bo\u017cej, Pani Naszej \u2013 Matce i Kr\u00f3lowej R\u00f3\u017ca\u0144cowej z Kartuskiego Raju, a solenizantom i jubilatom \u015bwi\u0119tuj\u0105cym w tym tygodniu \u017cyczymy zdrowia, Bo\u017cego b\u0142ogos\u0142awie\u0144stwa i pokoju w sercu.\u00a0 <strong>\u00a0<\/strong><\/p>\n\n\n\n<p class=\"has-text-align-right\">&nbsp;&nbsp;&nbsp;&nbsp;&nbsp;&nbsp;&nbsp;&nbsp;&nbsp;&nbsp;&nbsp;&nbsp;&nbsp;&nbsp;&nbsp;&nbsp;&nbsp;&nbsp;&nbsp;&nbsp;&nbsp;&nbsp;&nbsp;&nbsp;&nbsp;&nbsp;&nbsp;&nbsp;&nbsp;&nbsp;&nbsp;&nbsp;&nbsp;&nbsp;&nbsp;&nbsp;&nbsp;&nbsp;&nbsp;&nbsp;&nbsp;&nbsp;&nbsp;&nbsp;&nbsp;&nbsp;&nbsp;&nbsp;&nbsp;&nbsp;&nbsp;&nbsp;&nbsp;&nbsp;&nbsp;&nbsp;&nbsp;&nbsp;&nbsp;&nbsp;&nbsp;&nbsp;&nbsp;&nbsp;&nbsp;&nbsp;&nbsp;&nbsp;&nbsp;&nbsp;&nbsp;&nbsp;&nbsp;&nbsp;&nbsp;&nbsp;&nbsp;&nbsp;&nbsp;&nbsp;&nbsp;&nbsp;&nbsp;&nbsp;&nbsp;&nbsp;&nbsp;&nbsp;&nbsp;&nbsp;&nbsp;&nbsp;&nbsp;&nbsp;&nbsp;&nbsp;&nbsp;&nbsp;&nbsp;&nbsp;&nbsp;&nbsp;&nbsp;&nbsp;&nbsp;&nbsp;&nbsp;&nbsp;&nbsp;&nbsp;&nbsp; &nbsp;&nbsp;&nbsp;&nbsp;&nbsp;&nbsp;&nbsp;&nbsp;&nbsp;&nbsp;&nbsp;&nbsp;&nbsp;&nbsp;&nbsp;&nbsp;&nbsp;&nbsp;&nbsp;&nbsp;&nbsp;&nbsp;&nbsp;Wasi Duszpasterze&nbsp;&nbsp;&nbsp;&nbsp;<\/p>\n","protected":false},"excerpt":{"rendered":"<p>XXVI\u00a0 Niedziela Zwyk\u0142a I Czytanie Ez 18,25-28 &#8211; Pan B\u00f3g post\u0119puje zawsze sprawiedliwie, jednak my\u015bli Jego cz\u0119sto s\u0105 trudne do [&hellip;]<\/p>\n","protected":false},"author":2,"featured_media":0,"comment_status":"closed","ping_status":"","sticky":false,"template":"","format":"standard","meta":{"site-sidebar-layout":"default","site-content-layout":"","ast-site-content-layout":"","site-content-style":"default","site-sidebar-style":"default","ast-global-header-display":"","ast-banner-title-visibility":"","ast-main-header-display":"","ast-hfb-above-header-display":"","ast-hfb-below-header-display":"","ast-hfb-mobile-header-display":"","site-post-title":"","ast-breadcrumbs-content":"","ast-featured-img":"","footer-sml-layout":"","theme-transparent-header-meta":"","adv-header-id-meta":"","stick-header-meta":"","header-above-stick-meta":"","header-main-stick-meta":"","header-below-stick-meta":"","astra-migrate-meta-layouts":"default","ast-page-background-enabled":"default","ast-page-background-meta":{"desktop":{"background-color":"var(--ast-global-color-4)","background-image":"","background-repeat":"repeat","background-position":"center center","background-size":"auto","background-attachment":"scroll","background-type":"","background-media":"","overlay-type":"","overlay-color":"","overlay-opacity":"","overlay-gradient":""},"tablet":{"background-color":"","background-image":"","background-repeat":"repeat","background-position":"center center","background-size":"auto","background-attachment":"scroll","background-type":"","background-media":"","overlay-type":"","overlay-color":"","overlay-opacity":"","overlay-gradient":""},"mobile":{"background-color":"","background-image":"","background-repeat":"repeat","background-position":"center center","background-size":"auto","background-attachment":"scroll","background-type":"","background-media":"","overlay-type":"","overlay-color":"","overlay-opacity":"","overlay-gradient":""}},"ast-content-background-meta":{"desktop":{"background-color":"var(--ast-global-color-5)","background-image":"","background-repeat":"repeat","background-position":"center center","background-size":"auto","background-attachment":"scroll","background-type":"","background-media":"","overlay-type":"","overlay-color":"","overlay-opacity":"","overlay-gradient":""},"tablet":{"background-color":"var(--ast-global-color-5)","background-image":"","background-repeat":"repeat","background-position":"center center","background-size":"auto","background-attachment":"scroll","background-type":"","background-media":"","overlay-type":"","overlay-color":"","overlay-opacity":"","overlay-gradient":""},"mobile":{"background-color":"var(--ast-global-color-5)","background-image":"","background-repeat":"repeat","background-position":"center center","background-size":"auto","background-attachment":"scroll","background-type":"","background-media":"","overlay-type":"","overlay-color":"","overlay-opacity":"","overlay-gradient":""}},"advanced_seo_description":"","jetpack_seo_html_title":"","jetpack_seo_noindex":false,"_jetpack_memberships_contains_paid_content":false,"footnotes":""},"categories":[4],"tags":[],"class_list":["post-1172","post","type-post","status-publish","format-standard","hentry","category-ogloszenia"],"jetpack_featured_media_url":"","jetpack-related-posts":[],"jetpack_sharing_enabled":true,"_links":{"self":[{"href":"https:\/\/kolegiatakartuzy.pl\/wp-test\/index.php?rest_route=\/wp\/v2\/posts\/1172","targetHints":{"allow":["GET"]}}],"collection":[{"href":"https:\/\/kolegiatakartuzy.pl\/wp-test\/index.php?rest_route=\/wp\/v2\/posts"}],"about":[{"href":"https:\/\/kolegiatakartuzy.pl\/wp-test\/index.php?rest_route=\/wp\/v2\/types\/post"}],"author":[{"embeddable":true,"href":"https:\/\/kolegiatakartuzy.pl\/wp-test\/index.php?rest_route=\/wp\/v2\/users\/2"}],"replies":[{"embeddable":true,"href":"https:\/\/kolegiatakartuzy.pl\/wp-test\/index.php?rest_route=%2Fwp%2Fv2%2Fcomments&post=1172"}],"version-history":[{"count":1,"href":"https:\/\/kolegiatakartuzy.pl\/wp-test\/index.php?rest_route=\/wp\/v2\/posts\/1172\/revisions"}],"predecessor-version":[{"id":1173,"href":"https:\/\/kolegiatakartuzy.pl\/wp-test\/index.php?rest_route=\/wp\/v2\/posts\/1172\/revisions\/1173"}],"wp:attachment":[{"href":"https:\/\/kolegiatakartuzy.pl\/wp-test\/index.php?rest_route=%2Fwp%2Fv2%2Fmedia&parent=1172"}],"wp:term":[{"taxonomy":"category","embeddable":true,"href":"https:\/\/kolegiatakartuzy.pl\/wp-test\/index.php?rest_route=%2Fwp%2Fv2%2Fcategories&post=1172"},{"taxonomy":"post_tag","embeddable":true,"href":"https:\/\/kolegiatakartuzy.pl\/wp-test\/index.php?rest_route=%2Fwp%2Fv2%2Ftags&post=1172"}],"curies":[{"name":"wp","href":"https:\/\/api.w.org\/{rel}","templated":true}]}}