{"id":1310,"date":"2024-04-13T18:00:00","date_gmt":"2024-04-13T16:00:00","guid":{"rendered":"https:\/\/kolegiatakartuzy.pl\/wp-test\/?p=1310"},"modified":"2024-04-13T18:04:00","modified_gmt":"2024-04-13T16:04:00","slug":"ogloszenia-duszpasterskie-na-dzien-14-04-2024","status":"publish","type":"post","link":"https:\/\/kolegiatakartuzy.pl\/wp-test\/?p=1310","title":{"rendered":"Og\u0142oszenia duszpasterskie na dzie\u0144 14.04.2024"},"content":{"rendered":"\n<h2 class=\"wp-block-heading has-text-align-center\">III Niedziela Wielkanocna<\/h2>\n\n\n\n<p><strong>Dz 3,13-15.17-19 <\/strong><em>B\u00f3g naszych ojc\u00f3w wskrzesi\u0142 Jezusa<\/em><br><strong>1 J 2,1-5 <\/strong><em>Chrystus jest ofiar\u0105 przeb\u0142agaln\u0105 za nasze grzechy<\/em><br><strong>\u0141k 24,35-48 <\/strong><em>Musia\u0142y si\u0119 wype\u0142ni\u0107 zapowiedzi Pisma<\/em><\/p>\n\n\n\n<p class=\"has-text-align-justify\">B\u00f3g wykorzystuje liczne okazje, aby objawi\u0107 si\u0119 cz\u0142owiekowi. Zgromadzenie si\u0119 wyl\u0119knionych uczni\u00f3w za drzwiami Wieczernika stanowi\u0142o okazj\u0119, aby Jezus m\u00f3g\u0142 objawi\u0107 si\u0119 jako Zmartwychwsta\u0142y. Spotkanie z uczniami da\u0142o Jezusowi okazj\u0119 zar\u00f3wno do za\u015bwiadczenia o realno\u015bci swej Osoby, a tak\u017ce do potwierdzenia, \u017ce w Jego \u015bmierci i&nbsp;powstaniu z martwych wype\u0142ni\u0142y si\u0119 s\u0142owa Pisma i prorok\u00f3w. Moment, w kt\u00f3rym Pan \u201eo\u015bwieci\u0142 umys\u0142y uczni\u00f3w, by rozumieli Pisma\u201d, zaowocowa\u0142 w Dziejach Apostolskich. Piotr dzi\u0119ki \u0142asce Bo\u017cej uzdrawia chromego od urodzenia. Cud ten przyci\u0105ga t\u0142um gapi\u00f3w i&nbsp;s\u0142uchaczy. Jak niegdy\u015b Jezus, tak teraz Piotr wykorzystuje t\u0119 okazj\u0119 do g\u0142oszenia ludowi Jezusa Zmartwychwsta\u0142ego, kt\u00f3ry wype\u0142ni\u0142 mesja\u0144skie proroctwa. Zas\u0142uchani w S\u0142owo Bo\u017ce, otw\u00f3rzmy serca na spotkanie z Panem.<\/p>\n\n\n\n<p class=\"has-text-align-justify\">1. Dzi\u015b w ca\u0142ej Polsce obchodzona jest po raz kolejny <strong>Niedziela Biblijna<\/strong>, rozpoczynaj\u0105ca Tydzie\u0144 Biblijny. To zach\u0119ta do lektury i rozwa\u017cania tekst\u00f3w Pisma \u015awi\u0119tego. \u201eNieznajomo\u015b\u0107 Pisma \u015awi\u0119tego jest nieznajomo\u015bci\u0105 Chrystusa\u201d \u2013 m\u00f3wi\u0142 \u015awi\u0119ty Hieronim. Niech b\u0119dzie to czas szczeg\u00f3lnego zas\u0142uchania i rozwa\u017cania s\u0142owa Pana.<\/p>\n\n\n\n<p class=\"has-text-align-justify\">2. Wiara w zmartwychwstanie Chrystusa staje si\u0119 naszym udzia\u0142em dzi\u0119ki \u015bwiadectwom przekazanym nam na kartach Nowego Testamentu. Rozpoczynaj\u0105cy si\u0119 dzisiaj Tydzie\u0144 Biblijny jest dla nas zach\u0119t\u0105 do cz\u0119stszego si\u0119gania po Pismo \u015awi\u0119te, kt\u00f3re jest niewyczerpanym \u017ar\u00f3d\u0142em m\u0105dro\u015bci i przewodnikiem na drogach wiary. Niedziela i Tydzie\u0144 Biblijny to inicjatywy kierowane szczeg\u00f3lnie do tych wiernych, kt\u00f3rzy w spos\u00f3b szczeg\u00f3lny interesuj\u0105 si\u0119 Pismem \u015awi\u0119tym. Ale nie tylko do nich. Mamy g\u0142osi\u0107 Dobr\u0105 Nowin\u0119 w dzisiejszym \u00a0\u015bwiecie, a gdzie znajdziemy lepsze \u017ar\u00f3d\u0142o poznania Bo\u017cej ekonomii zbawienia, je\u015bli nie w Biblii. Zatem nie tylko dzisiaj, w Niedziel\u0119 Biblijn\u0105 oraz w ci\u0105gu tego rozpoczynaj\u0105cego si\u0119 Tygodnia Biblijnego wczytujmy si\u0119 z ochot\u0105 i rozwa\u017cajmy s\u0142owo Bo\u017ce, zw\u0142aszcza zawarte na kartach Ewangelii.<\/p>\n\n\n\n<p class=\"has-text-align-justify\">3.\u00a0Nie zapominajmy, \u017ce \u017ar\u00f3d\u0142em naszej rado\u015bci i mocy do ci\u0105g\u0142ego trwania przy Chrystusie, a je\u015bli odeszli\u015bmy z powodu naszych s\u0142abo\u015bci, do ci\u0105g\u0142ego powracania, jest Bo\u017ce mi\u0142osierdzie. Zmartwychwsta\u0142y Pan Jezus nie rozlicza Piotra z trzykrotnego zaparcia si\u0119 Go, ale trzykrotnie pyta o mi\u0142o\u015b\u0107. I nasze grzechy, raz powierzone Bo\u017cemu mi\u0142osierdziu, staj\u0105 si\u0119 \u201eb\u0142ogos\u0142awion\u0105 win\u0105\u201d. Dlatego Ko\u015bci\u00f3\u0142 przypomina, \u017ce jeszcze jest stosowny czas na spowied\u017a \u015bw. i Komuni\u0119 \u015bw. wielkanocn\u0105.<\/p>\n\n\n\n<p class=\"has-text-align-justify\">4. Dzisiaj prze\u017cywamy <strong>\u015awi\u0119to Chrztu Polski<\/strong> ustanowione przez Sejm RP na pami\u0105tk\u0119 rocznicy przyj\u0119cia chrztu przez ksi\u0119cia Mieszka I.<\/p>\n\n\n\n<p class=\"has-text-align-justify\">5. Dzisiaj <strong>procesja wielkanocna<\/strong> przed Msza \u015awi\u0119t\u0105 o godz.9.30, a w przysz\u0142\u0105 niedziel\u0119 przed Msz\u0105 \u015awi\u0119t\u0105 o godz.11.00.<\/p>\n\n\n\n<p class=\"has-text-align-justify\">6. Rozpocz\u0119li\u015bmy w naszej parafii peregrynacj\u0119 obrazu <strong>Matki Bo\u017cej Nieustaj\u0105cej Pomocy<\/strong> w naszych rodzinach. \u00a0Zapraszamy do modlitwy za rodziny, kt\u00f3re \u00a0obraz przyjmuj\u0105, a w \u015brod\u0119 na Nowenn\u0119 i Msz\u0119 \u015awi\u0119t\u0105 na godz. 17.30 przynosimy obrazy i w ko\u015bciele nast\u0119pne rodziny b\u0119d\u0105 przejmowa\u0142y obrazy MBNP. Szczeg\u00f3\u0142y na dodatkowych kartkach informacyjnych i na stronie naszej Parafii.<\/p>\n\n\n\n<p class=\"has-text-align-justify\">7. W \u015brod\u0119, 17 kwietnia <strong>Ks. Biskup Diecezjalny Ryszard Kasyna<\/strong> przeprowadzi wizytacj\u0119 kanoniczn\u0105 w naszej Parafii. Zapraszamy wszystkich Parafian na nabo\u017ce\u0144stwo \u017ca\u0142obne na cmentarzu przy ko\u015bciele na godz.12.00 oraz na Nowenn\u0119 do Matki Bo\u017cej Nieustaj\u0105cej Pomocy ju\u017c na godz.17.30 i na Msz\u0119 \u015awi\u0119t\u0105 na godz.18.00.<\/p>\n\n\n\n<p class=\"has-text-align-justify\">8. Przypominamy, \u017ce <strong>Uroczysto\u015b\u0107 I Komunii \u015awi\u0119tej w naszej parafii b\u0119dzie w sobot\u0119 18 maja<\/strong>. Dzieci przyst\u0105pi\u0105 do I Komunii \u015awi\u0119tej w dw\u00f3ch grupach: <strong>Grupa I<\/strong> &#8211; klasa\u00a0 IIIA Szk. Podst. Nr 2 oraz wszystkie dzieci klas III ze Szko\u0142y Podst. Nr 1 w sobot\u0119 18 maja o godz.10.00 i <strong>Grupa II<\/strong> &#8211;\u00a0\u00a0 dzieci klasy III B ze Szk. Podst. Nr 2, ze Szko\u0142y Katolickiej i z \u0141apalic w sobot\u0119 18 maja o godz.12.30. Pierwsze spotkania dla\u00a0 <strong>I Grupy<\/strong> w czwartek 18 kwietnia o godz.16.00 a dla <strong>II Grupy<\/strong> w czwartek 18 kwietnia o godz.17.00, serdecznie te\u017c prosimy przynajmniej jedno z rodzic\u00f3w, aby by\u0142o obecne z dzieckiem. Nabo\u017ce\u0144stwo <strong>odnowienia Przymierza Chrztu \u015awi\u0119tego<\/strong> w sobot\u0119 20 kwietnia:\u00a0 I Grupa o godz.10.00, a II Grupa o godz.11.00. Na spotkania zapraszamy dzieci z rodzicami. Prosimy o zabranie ze sob\u0105 \u015bwiec z Chrztu \u015awi\u0119tego. Obecno\u015b\u0107 obowi\u0105zkowa.\u00a0Prosimy wszystkich\u00a0 o modlitw\u0119 w intencji dzieci przygotowuj\u0105cych si\u0119 do I Spowiedzi \u015awi\u0119tej i I Komunii \u015awi\u0119tej oraz ich Rodzin.<\/p>\n\n\n\n<p class=\"has-text-align-justify\">9. Zapraszamy na <strong>adoracj\u0119 Pana Jezusa w\u00a0 Naj\u015bwi\u0119tszym Sakramencie<\/strong> w czwartek po Mszy \u015awi\u0119tej o godz.18.00, kt\u00f3ra trwa\u0107 b\u0119dzie do godz.19.30. W tym czasie mo\u017cna skorzysta\u0107 z spowiedzi \u015bwi\u0119tej.<\/p>\n\n\n\n<p class=\"has-text-align-justify\">10. Zapraszamy na <strong>R\u00f3\u017caniec B\u0142agalny<\/strong> o pok\u00f3j w Ukrainie codziennie od poniedzia\u0142ku do soboty o godz.7.30.\u00a0<\/p>\n\n\n\n<p class=\"has-text-align-justify\">11. W przysz\u0142\u0105, czwart\u0105 niedziel\u0119 Wielkanocy, zwan\u0105 niedziel\u0105 <strong>Dobrego Pasterza<\/strong>, pragniemy modli\u0107 si\u0119 w intencji o nowe powo\u0142ania kap\u0142a\u0144skie i do \u017cycia konsekrowanego.<\/p>\n\n\n\n<p class=\"has-text-align-justify\">12.\u00a0Zapraszamy na \u00a0spotkanie formacyjne m\u0142odzie\u017cy przygotowuj\u0105cej si\u0119 do bierzmowania w poniedzia\u0142ek 15 kwietnia o godz. 18.30 w salkach parafialnych. Obecno\u015b\u0107 obowi\u0105zkowa.\u00a0<\/p>\n\n\n\n<p class=\"has-text-align-justify\">13.\u00a0Dzisiaj zach\u0119camy do nabycia nowe go nru \u201e<strong>Go\u015bcia Niedzielnego\u201d, <\/strong>\u201e<strong>Pielgrzyma<\/strong>\u201d \u00a0i innych czasopism religijnych.<\/p>\n\n\n\n<p class=\"has-text-align-justify\">14. <strong>Msze \u015awi\u0119te:<\/strong> \u00a0\u00a0z podzi\u0119kowaniem za otrzymane \u0142aski, z pro\u015bb\u0105 o dalsze Bo\u017ce b\u0142og. i opiek\u0119 Matki Bo\u017cej, zdrowie dla 26 R\u00f3\u017cy Matek pw. \u015aw. Agnieszki w \u015brod\u0119 o godz.8.00, z podzi\u0119kowaniem za wszystkie otrzymane \u0142aski, z pro\u015bb\u0105 o przebaczenie grzech\u00f3w, o zdrowie, dalsze Bo\u017ce b\u0142og. i szczeg\u00f3ln\u0105 opiek\u0119 Matki Bo\u017cej R\u00f3\u017ca\u0144cowej dla Si\u00f3str z 45 R\u00f3\u017cy Matek, Cz\u0142onk\u00f3w ich Rodzin oraz o obfite \u0142aski dla Kap\u0142an\u00f3w pracuj\u0105cych w naszej Parafii w pi\u0105tek o godz.8.00, w intencji Wsp\u00f3lnoty Sychar w pi\u0105tek o godz.18.00 i w intencji Apostolstwa Dobrej \u015amierci w sobot\u0119 o godz.8.00.\u00a0\u00a0\u00a0 \u00a0<\/p>\n\n\n\n<p class=\"has-text-align-justify\">15. <strong>Apostolstwo Dobrej \u015amierci <\/strong>zaprasza do udzia\u0142u w pielgrzymce: W\u0105chock \u2013 Sanktuarium Matki Bo\u017cej Ostrobramskiej w Skar\u017cysko Kamiennej &#8211; Markowa, miejscowo\u015b\u0107, w kt\u00f3rej mieszka\u0142a rodzina Ulm\u00f3w<strong>,<\/strong>\u00a0 muzeum Polak\u00f3w Ratuj\u0105cych \u017byd\u00f3w &#8211; Pa\u0142ac w \u0141a\u0144cucie &#8211; Rzesz\u00f3w-rynek z pi\u0119knym ratuszem oraz rzeszowskie \u015bwi\u0105tynie \u2013 Ko\u015bci\u00f3\u0142 Farny, Sanktuarium Matki Bo\u017cej Rzeszowskiej &#8211; J\u0119drzej\u00f3w &#8211; najstarszy klasztor Cysters\u00f3w w Polsce &#8211; Jaskinia Raj &#8211; zwiedzanie w dniach <strong>23-26.07.2024r.<\/strong> Koszt 1100 z\u0142 + koszty wst\u0119p\u00f3w. Zapisy w biurze parafialnym. Serdecznie zapraszamy.<strong> \u00a0<\/strong>\u00a0<\/p>\n\n\n\n<p class=\"has-text-align-justify\">16. <strong>Dyrektor Pa\u0144stwowej Szko\u0142y Muzycznej <\/strong>w Kartuzach zaprasza kandydat\u00f3w do szko\u0142y na koncert z okazji dnia otwartego, kt\u00f3ry odb\u0119dzie si\u0119 18 kwietnia w czwartek o godz.17.30. Szczeg\u00f3\u0142owe informacje o rekrutacji znajduj\u0105 si\u0119 na stronie internetowej szko\u0142y.<\/p>\n\n\n\n<p class=\"has-text-align-justify\">17. W minionym tygodniu odszed\u0142 po nagrod\u0119 do Pana \u015bp. <strong>Joachim Formela<\/strong> z ul. Prokowskiej \u00a0\u2013 bliskim sk\u0142adamy serdeczne wyrazy wsp\u00f3\u0142czucia, a wszystkich naszych Zmar\u0142ych polecamy Mi\u0142osierdziu Bo\u017cemu &#8211; <strong>Dobry Jezu\u2026<\/strong><\/p>\n\n\n\n<p class=\"has-text-align-justify\">Praca sprawia, \u017ce uczymy si\u0119 nowych rzeczy i si\u0119 rozwijamy. W\u015br\u00f3d licznych obowi\u0105zk\u00f3w dnia codziennego pami\u0119tajmy o czytaniu Pisma \u015awi\u0119tego. Pan B\u00f3g pragnie, aby\u015bmy Go dobrze poznali ju\u017c tutaj, na ziemi i przygotowali si\u0119 na spotkanie z Nim w niebie.<br><strong>Naszym Drogim Parafianom i mi\u0142ym Go\u015bciom<\/strong> \u017cyczymy mi\u0142ej, z Bogiem prze\u017cytej, wielkanocnej \u00a0\u00a0niedzieli. Matce Bo\u017cej, Pani Naszej \u2013 Matce i Kr\u00f3lowej z Kartuskiego Raju\u00a0 polecamy Osoby starsze i chore oraz Solenizant\u00f3w i Jubilat\u00f3w tego tygodnia.<\/p>\n\n\n\n<p class=\"has-text-align-right\">&nbsp;&nbsp;&nbsp;&nbsp; &nbsp;&nbsp;&nbsp;&nbsp;&nbsp;&nbsp;&nbsp;&nbsp;&nbsp;&nbsp;&nbsp;&nbsp;&nbsp;&nbsp;&nbsp;&nbsp;&nbsp;&nbsp;&nbsp;&nbsp;&nbsp;&nbsp;&nbsp;&nbsp;&nbsp;&nbsp;&nbsp;&nbsp;&nbsp;&nbsp;&nbsp;&nbsp;&nbsp;&nbsp;&nbsp;&nbsp;&nbsp;&nbsp;&nbsp;&nbsp;&nbsp;&nbsp;&nbsp;&nbsp;&nbsp;&nbsp;&nbsp;&nbsp;&nbsp;&nbsp;&nbsp;&nbsp;&nbsp;&nbsp;&nbsp;&nbsp;&nbsp;&nbsp;&nbsp;&nbsp;&nbsp;&nbsp;&nbsp;&nbsp;&nbsp;&nbsp;&nbsp;&nbsp;&nbsp;&nbsp;&nbsp;&nbsp;&nbsp;&nbsp;&nbsp;&nbsp;&nbsp;&nbsp;&nbsp;&nbsp;&nbsp;&nbsp;&nbsp;&nbsp;&nbsp;&nbsp;&nbsp;&nbsp;&nbsp;&nbsp;&nbsp;&nbsp;&nbsp;&nbsp;&nbsp;&nbsp;&nbsp;&nbsp;&nbsp;&nbsp;&nbsp;&nbsp;&nbsp;&nbsp;&nbsp;&nbsp;&nbsp;&nbsp;&nbsp;&nbsp;&nbsp;Wasi Duszpasterze&nbsp;&nbsp;<\/p>\n","protected":false},"excerpt":{"rendered":"<p>III Niedziela Wielkanocna Dz 3,13-15.17-19 B\u00f3g naszych ojc\u00f3w wskrzesi\u0142 Jezusa1 J 2,1-5 Chrystus jest ofiar\u0105 przeb\u0142agaln\u0105 za nasze grzechy\u0141k 24,35-48 [&hellip;]<\/p>\n","protected":false},"author":2,"featured_media":0,"comment_status":"closed","ping_status":"","sticky":false,"template":"","format":"standard","meta":{"site-sidebar-layout":"default","site-content-layout":"","ast-site-content-layout":"default","site-content-style":"default","site-sidebar-style":"default","ast-global-header-display":"","ast-banner-title-visibility":"","ast-main-header-display":"","ast-hfb-above-header-display":"","ast-hfb-below-header-display":"","ast-hfb-mobile-header-display":"","site-post-title":"","ast-breadcrumbs-content":"","ast-featured-img":"","footer-sml-layout":"","theme-transparent-header-meta":"","adv-header-id-meta":"","stick-header-meta":"","header-above-stick-meta":"","header-main-stick-meta":"","header-below-stick-meta":"","astra-migrate-meta-layouts":"set","ast-page-background-enabled":"default","ast-page-background-meta":{"desktop":{"background-color":"var(--ast-global-color-4)","background-image":"","background-repeat":"repeat","background-position":"center center","background-size":"auto","background-attachment":"scroll","background-type":"","background-media":"","overlay-type":"","overlay-color":"","overlay-opacity":"","overlay-gradient":""},"tablet":{"background-color":"","background-image":"","background-repeat":"repeat","background-position":"center center","background-size":"auto","background-attachment":"scroll","background-type":"","background-media":"","overlay-type":"","overlay-color":"","overlay-opacity":"","overlay-gradient":""},"mobile":{"background-color":"","background-image":"","background-repeat":"repeat","background-position":"center center","background-size":"auto","background-attachment":"scroll","background-type":"","background-media":"","overlay-type":"","overlay-color":"","overlay-opacity":"","overlay-gradient":""}},"ast-content-background-meta":{"desktop":{"background-color":"var(--ast-global-color-5)","background-image":"","background-repeat":"repeat","background-position":"center center","background-size":"auto","background-attachment":"scroll","background-type":"","background-media":"","overlay-type":"","overlay-color":"","overlay-opacity":"","overlay-gradient":""},"tablet":{"background-color":"var(--ast-global-color-5)","background-image":"","background-repeat":"repeat","background-position":"center center","background-size":"auto","background-attachment":"scroll","background-type":"","background-media":"","overlay-type":"","overlay-color":"","overlay-opacity":"","overlay-gradient":""},"mobile":{"background-color":"var(--ast-global-color-5)","background-image":"","background-repeat":"repeat","background-position":"center center","background-size":"auto","background-attachment":"scroll","background-type":"","background-media":"","overlay-type":"","overlay-color":"","overlay-opacity":"","overlay-gradient":""}},"advanced_seo_description":"","jetpack_seo_html_title":"","jetpack_seo_noindex":false,"_jetpack_memberships_contains_paid_content":false,"footnotes":""},"categories":[4],"tags":[],"class_list":["post-1310","post","type-post","status-publish","format-standard","hentry","category-ogloszenia"],"jetpack_featured_media_url":"","jetpack-related-posts":[],"jetpack_sharing_enabled":true,"_links":{"self":[{"href":"https:\/\/kolegiatakartuzy.pl\/wp-test\/index.php?rest_route=\/wp\/v2\/posts\/1310","targetHints":{"allow":["GET"]}}],"collection":[{"href":"https:\/\/kolegiatakartuzy.pl\/wp-test\/index.php?rest_route=\/wp\/v2\/posts"}],"about":[{"href":"https:\/\/kolegiatakartuzy.pl\/wp-test\/index.php?rest_route=\/wp\/v2\/types\/post"}],"author":[{"embeddable":true,"href":"https:\/\/kolegiatakartuzy.pl\/wp-test\/index.php?rest_route=\/wp\/v2\/users\/2"}],"replies":[{"embeddable":true,"href":"https:\/\/kolegiatakartuzy.pl\/wp-test\/index.php?rest_route=%2Fwp%2Fv2%2Fcomments&post=1310"}],"version-history":[{"count":1,"href":"https:\/\/kolegiatakartuzy.pl\/wp-test\/index.php?rest_route=\/wp\/v2\/posts\/1310\/revisions"}],"predecessor-version":[{"id":1311,"href":"https:\/\/kolegiatakartuzy.pl\/wp-test\/index.php?rest_route=\/wp\/v2\/posts\/1310\/revisions\/1311"}],"wp:attachment":[{"href":"https:\/\/kolegiatakartuzy.pl\/wp-test\/index.php?rest_route=%2Fwp%2Fv2%2Fmedia&parent=1310"}],"wp:term":[{"taxonomy":"category","embeddable":true,"href":"https:\/\/kolegiatakartuzy.pl\/wp-test\/index.php?rest_route=%2Fwp%2Fv2%2Fcategories&post=1310"},{"taxonomy":"post_tag","embeddable":true,"href":"https:\/\/kolegiatakartuzy.pl\/wp-test\/index.php?rest_route=%2Fwp%2Fv2%2Ftags&post=1310"}],"curies":[{"name":"wp","href":"https:\/\/api.w.org\/{rel}","templated":true}]}}