{"id":1319,"date":"2024-05-04T17:18:15","date_gmt":"2024-05-04T15:18:15","guid":{"rendered":"https:\/\/kolegiatakartuzy.pl\/wp-test\/?p=1319"},"modified":"2024-05-04T17:18:49","modified_gmt":"2024-05-04T15:18:49","slug":"ogloszenia-duszpasterskie-na-dzien-05-05-2024","status":"publish","type":"post","link":"https:\/\/kolegiatakartuzy.pl\/wp-test\/?p=1319","title":{"rendered":"Og\u0142oszenia duszpasterskie na dzie\u0144 05.05.2024"},"content":{"rendered":"\n<h2 class=\"wp-block-heading has-text-align-center\">VI\u00a0 Niedziela Wielkanocna<\/h2>\n\n\n\n<p><strong>Dz 10,25-26.34-35.44-48 <\/strong><em>Powo\u0142anie pogan do Ko\u015bcio\u0142a<\/em><br><strong>1 J 4,7-10 <\/strong><em>B\u00f3g jest mi\u0142o\u015bci\u0105<\/em><br><strong>J 15,9-17 <\/strong><em>Przykazanie mi\u0142o\u015bci<\/em><\/p>\n\n\n\n<p class=\"has-text-align-justify\">Starotestamentalne przepisy Prawa nios\u0142y ze sob\u0105 wiele skutk\u00f3w. Rozd\u017awi\u0119k pojawia\u0142 si\u0119, gdy Prawo zamiast zbli\u017ca\u0107 pobo\u017cnych \u017byd\u00f3w do Boga Jahwe i swych bli\u017anich, zaprowadza\u0142o niezdrowy rytualizm i dystans w relacjach mi\u0119dzy lud\u017ami. W czasie Ostatniej Wieczerzy Jezus, wskazuj\u0105c na istot\u0119 Prawa, daje uczniom nowe przykazanie \u2013 przykazanie mi\u0142o\u015bci. Jedynie ten, kto kocha Boga i drugiego cz\u0142owieka nie liter\u0105, a sercem, wype\u0142nia istot\u0119 przykazania. M\u00f3wi\u0105c o mi\u0142o\u015bci, Jezus nie m\u00f3wi\u0142 o silnym uczuciu, lecz wskazywa\u0142 na siebie. Za\u015bwiadcza o tym \u015bwiadek tamtego zdarzenia, \u015awi\u0119ty Jan, kt\u00f3ry w jednym z list\u00f3w oznajmia: \u201eB\u00f3g jest mi\u0142o\u015bci\u0105\u201d. Przyk\u0142ad mi\u0142o\u015bci a\u017c po belki krzy\u017ca ukaza\u0142 sam Jezus. W&nbsp;Dziejach Apostolskich owa mi\u0142o\u015b\u0107 poci\u0105gn\u0119\u0142a pogan do wiary w Chrystusa. Odpowiedzmy mi\u0142o\u015bci\u0105 na mi\u0142o\u015b\u0107 Jezusa.<\/p>\n\n\n\n<p class=\"has-text-align-justify\">1. Pan Jezus wybiera i powo\u0142uje ka\u017cd\u0105 i ka\u017cdego z nas do bycia Jego uczniem, a jednocze\u015bnie \u015bwiadkiem Jego niesko\u0144czonej mi\u0142o\u015bci. Przez wzajemn\u0105 mi\u0142o\u015b\u0107, kt\u00f3r\u0105 b\u0119dziemy sobie okazywa\u0107, najlepiej i najpe\u0142niej wype\u0142nimy to zadanie, to przykazanie. Razem z Maryj\u0105 chcemy prosi\u0107 Pana o si\u0142y do realizacji tej misji, dlatego zapraszamy do udzia\u0142u w&nbsp;nabo\u017ce\u0144stwach majowych:<\/p>\n\n\n\n<ul class=\"wp-block-list\">\n<li>w ko\u015bciele po mszy \u015bw. o godz.18.00 dla ca\u0142ych rodzin\u00a0<\/li>\n\n\n\n<li>w kaplicy na Wzg\u00f3rzu Wolno\u015bci od poniedzia\u0142ku do pi\u0105tku o godz.17.00<\/li>\n\n\n\n<li>w \u0141apalicach przy krzy\u017cu: w niedziele o godz.14.00, a w dni powszednie o godz.18.00<\/li>\n<\/ul>\n\n\n\n<p class=\"has-text-align-justify\">2. W tym sz\u00f3stym tygodniu Wielkanocy zanosimy swoje b\u0142aganie do Boga o dobre urodzaje i\u00a0za kraje g\u0142oduj\u0105ce. Ta intencja towarzyszy\u0107 nam b\u0119dzie podczas nabo\u017ce\u0144stw majowych: razem z Maryj\u0105 b\u0119dziemy prosi\u0107 Dobrego Boga, by b\u0142ogos\u0142awi\u0142 ludzkim wysi\u0142kom, aby one przynios\u0142y obfity plon i aby nikomu nie brakowa\u0142o codziennego chleba; przez trzy kolejne dni b\u0119dziemy si\u0119 <strong><em>modli\u0107 o dobre urodzaje i za<\/em><\/strong> <strong><em>kraje g\u0142oduj\u0105ce<\/em><\/strong>. B\u0119dziemy prosi\u0107 Boga o obfite plony i b\u0142ogos\u0142awie\u0144stwo dla ci\u0119\u017ckiej pracy ludzkiej na roli, o sprawiedliwy podzia\u0142 d\u00f3br i chleb dla g\u0142oduj\u0105cych w naszym kraju i na ca\u0142ym \u015bwiecie. Nabo\u017ce\u0144stwa i procesje b\u0142agalne o urodzaje i za kraje g\u0142oduj\u0105ce: <strong><em>w<\/em><\/strong> <strong><em>poniedzia\u0142ek<\/em><\/strong><em> <strong>\u00a0w<\/strong> <strong>\u0141apalicach przy krzy\u017cu o godz.18.00<\/strong><\/em> &#8211; nabo\u017ce\u0144stwo b\u0142agalne i obrz\u0119d b\u0142ogos\u0142awie\u0144stwa p\u00f3l, a <strong><em>we wtorek\u00a0 i \u015brod\u0119 w kolegiacie przed msz\u0105 \u015bw. o godz.18.00 procesje b\u0142agalne o urodzaje wok\u00f3\u0142 ko\u015bcio\u0142a<\/em><\/strong>, we wtorek o godz.18.00 Msza \u015awi\u0119ta w intencji pracuj\u0105cych na roli o dobre plony ofiarowana od Mieszka\u0144c\u00f3w \u0141apalic.<\/p>\n\n\n\n<p class=\"has-text-align-justify\">3. Zapraszamy do wsp\u00f3lnej modlitwy w \u015brod\u0119, 8 maja, w przypadaj\u0105c\u0105 uroczysto\u015b\u0107 \u015awi\u0119tego Stanis\u0142awa, biskupa i m\u0119czennika, g\u0142\u00f3wnego patrona Polski. Msze \u015awi\u0119te o zwyk\u0142ej porze.<\/p>\n\n\n\n<p class=\"has-text-align-justify\">4. W przysz\u0142\u0105 niedziel\u0119 uroczysto\u015b\u0107 <strong><em>Wniebowst\u0105pienia Pa\u0144skiego.<\/em><\/strong><\/p>\n\n\n\n<p class=\"has-text-align-justify\">5. Od pi\u0105tku b\u0119dziemy przyzywa\u0107 <strong>Ducha \u015awi\u0119tego<\/strong> jako przygotowanie do uroczysto\u015bci Zielonych \u015awi\u0105t. Modlitwy nowenny odmawiamy w \u0142\u0105czno\u015bci z nabo\u017ce\u0144stwem majowym.<\/p>\n\n\n\n<p class=\"has-text-align-justify\">6.&nbsp; Dzisiaj <strong>procesja wielkanocna<\/strong> z niedzielnym pokropieniem przed msz\u0105 \u015bw. o godz. 18.00, a w przysz\u0142\u0105 niedziel\u0119 przed msz\u0105 \u015bw. o godz. 8.15.<\/p>\n\n\n\n<p class=\"has-text-align-justify\">7.Dzisiaj zach\u0119camy do nabycia nowego nru <strong>\u201eGo\u015bcia Niedzielnego\u201d, \u201eApostolstwa Chorych\u201d, <\/strong>jest jeszcze aktualny<strong> \u201ePielgrzym\u201d&nbsp; <\/strong>i inne czasopisma.<\/p>\n\n\n\n<p class=\"has-text-align-justify\">8. Zapraszamy na <strong>R\u00f3\u017caniec B\u0142agalny<\/strong> o pok\u00f3j w Ukrainie i ziemi \u015bwi\u0119tej codziennie od poniedzia\u0142ku do soboty o godz.7.30.&nbsp;<\/p>\n\n\n\n<p class=\"has-text-align-justify\">9.Zapraszamy na <strong>adoracj\u0119 Pana Jezusa w&nbsp; Naj\u015bwi\u0119tszym Sakramencie<\/strong> w czwartek po Mszy \u015awi\u0119tej o godz.18.00, kt\u00f3ra trwa\u0107 b\u0119dzie do godz.19.30. W tym czasie mo\u017cna skorzysta\u0107 z spowiedzi \u015bwi\u0119tej.<\/p>\n\n\n\n<p class=\"has-text-align-justify\">10. Przypominamy, \u017ce <strong>Uroczysto\u015b\u0107 I Komunii \u015awi\u0119tej w naszej parafii b\u0119dzie w sobot\u0119 18 maja<\/strong>.\u00a0\u00a0 Dzieci przyst\u0105pi\u0105 do I Komunii \u015awi\u0119tej w dw\u00f3ch grupach: <strong>Grupa I<\/strong> &#8211; klasa\u00a0 IIIA Szk. Podst. Nr 2 oraz wszystkie dzieci klas III ze Szko\u0142y Podst. Nr 1 w sobot\u0119 18 maja o godz.10.00 i <strong>Grupa II<\/strong> &#8211;\u00a0\u00a0 dzieci klasy III B ze Szk. Podst. Nr 2, ze Szko\u0142y Katolickiej i z \u0141apalic w sobot\u0119 18 maja o godz.12.30. Zapraszamy na spotkania: dla\u00a0 <strong>I Grupy<\/strong> w poniedzia\u0142ek 6 maja \u00a0o godz.16.00 i w czwartek 9 maja na godz.16.00, a dla <strong>II Grupy<\/strong> w \u015brod\u0119 8 maja o godz.16.00 i w pi\u0105tek 10 maja na godz.16.00; serdecznie te\u017c prosimy, aby przynajmniej jedno z rodzic\u00f3w, by\u0142o obecne z dzieckiem.<br>W \u015brod\u0119 6 maja na godz.17.00 zapraszamy na spotkanie w ko\u015bciele wszystkich rodzic\u00f3w.<br>Prosimy wszystkich\u00a0 o modlitw\u0119 w intencji dzieci przygotowuj\u0105cych si\u0119 do I Spowiedzi \u015awi\u0119tej i I Komunii \u015awi\u0119tej oraz ich Rodzin.<\/p>\n\n\n\n<p class=\"has-text-align-justify\">11. Trwa w naszej parafii peregrynacja obrazu <strong>Matki Bo\u017cej Nieustaj\u0105cej Pomocy<\/strong> w naszych rodzinach.&nbsp; Zapraszamy do modlitwy za rodziny, kt\u00f3re&nbsp; obraz przyjmuj\u0105, a w \u015brod\u0119 na Nowenn\u0119 i Msz\u0119 \u015awi\u0119t\u0105 na godz. 18.00 przynosimy obrazy i w ko\u015bciele nast\u0119pne rodziny b\u0119d\u0105 przejmowa\u0142y obrazy MBNP. Szczeg\u00f3\u0142y peregrynacji na dodatkowych kartkach informacyjnych i na stronie naszej Parafii.<strong>&nbsp;&nbsp;&nbsp;&nbsp;&nbsp;&nbsp;&nbsp;&nbsp;&nbsp;&nbsp;&nbsp;&nbsp;&nbsp;&nbsp;&nbsp;&nbsp;&nbsp;&nbsp;&nbsp; <\/strong><strong>&nbsp;&nbsp;&nbsp;&nbsp;<\/strong><strong>&nbsp;&nbsp;&nbsp;&nbsp;&nbsp;&nbsp;&nbsp;&nbsp;&nbsp;&nbsp;<\/strong>&nbsp;&nbsp;<strong>&nbsp;<\/strong><\/p>\n\n\n\n<p class=\"has-text-align-justify\">12.<strong>Msze \u015awi\u0119te:<\/strong> w intencji naszych Maturzyst\u00f3w o \u0142aski potrzebne i Dary Ducha \u015awi\u0119tego w poniedzia\u0142ek o godz.18.00, z<strong> <\/strong>pro\u015bb\u0105 o dobre plony oraz Bo\u017ce b\u0142og. i wiar\u0119 w Ko\u015bci\u00f3\u0142 Chrystusowy dla naszej Ojczynzy i wiernych w tym roku, aby\u015bmy budowali wsp\u00f3lnie pi\u0119kny Ko\u015bci\u00f3\u0142 Bo\u017cy w naszych sercach, wsp\u00f3lnotach zakonnych, rodzinach oraz naszej ma\u0142ej ojczy\u017anie, a tak\u017ce ca\u0142ym kraju i \u015bwiecie. Niech nastanie pok\u00f3j Chrystusowy we wtorek o godz.18.00, &nbsp;++ Siostry z 39 R\u00f3\u017cy Niewiast pw. \u015aw. Teresy od Dzieci\u0105tka Jezus oraz Kap\u0142an\u00f3w, kt\u00f3rzy pos\u0142ugiwali i pochodzili&nbsp; z naszej Parafii ; +Krystyn\u0119 Nawrock\u0105 w 2 r.\u015bm.; +Witolda Szac od pracownik\u00f3w firmy Burens; ++Aniel\u0119 i Leona Lewi\u0144skich w \u015brod\u0119 o godz.18.00, w intencji Ojca \u015bw., naszych biskup\u00f3w, kap\u0142an\u00f3w, ojca Jonasza i o nowe powo\u0142ania kap\u0142a\u0144skie, zakonne, misyjne, do \u017cycia konsekrowanego i do FZ\u015a w sobot\u0119 o godz.8.00, z podzi\u0119kowaniem za otrzymane \u0142aski, z pro\u015bb\u0105 o dalsze Bo\u017ce b\u0142og., i opiek\u0119 Matki Bo\u017cej i zdrowie&nbsp; dla Cz\u0142onki\u0144 z 17 R\u00f3\u017cy Niewiast oraz Kaplan\u00f3w naszej Parafii<strong>&nbsp; <\/strong>w niedziel\u0119 o godz.8.15.<strong>&nbsp;<\/strong><\/p>\n\n\n\n<p class=\"has-text-align-justify\">13.W poniedzia\u0142ek na godz.18.00 zapraszamy wszystkich Maturzyst\u00f3w na Msz\u0119 \u015awi\u0119t\u0105; w ich intencji b\u0119dziemy wyprasza\u0107 \u0142aski i Dary Ducha \u015awi\u0119tego, zapraszamy r\u00f3wnie\u017c rodzic\u00f3w i rodziny Maturzyst\u00f3w, nauczycieli i wychowawc\u00f3w.<\/p>\n\n\n\n<p class=\"has-text-align-justify\">14.<strong>Kartuskie Centrum Kultury<\/strong> zaprasza na kolejne 3-4 filmu \u201d<strong>The Chosen IV<\/strong>\u201d \u2013 to \u015bwiatowy hit o \u017cyciu Pana Jezusa, o kt\u00f3rym miliony ludzi nie przestaj\u0105 m\u00f3wi\u0107. Film jest grany dzisiaj, w niedziel\u0119, 5 maja o godz.17.30, wy\u015bwietlamy wersj\u0119 z lektorem.<\/p>\n\n\n\n<p class=\"has-text-align-justify\">15.W minionym czasie odeszli po nagrod\u0119 do Pana \u015bp. <strong>Danuta Lica<\/strong> z ul. Gda\u0144skiej i \u015bp. <strong>Gertruda Richert<\/strong> z \u017bukowa, a pogrzeb \u015bp. <strong>Andrzeja Kami\u0144skiego<\/strong> z ul. Sambora w poniedzia\u0142ek o godz.13.00 w kolegiacie, eksporta&nbsp; z Domu Pogrzebowego przy ul. Dworcowej i \u015bp. <strong>Jadwigi Teclaf<\/strong> z ul. Ko\u015bcierskiej we wtorek o godz.10.00 w ko\u015bciele \u015bw. Kazimierza \u2013\u2013 bliskim sk\u0142adamy serdeczne wyrazy wsp\u00f3\u0142czucia, a wszystkich naszych Zmar\u0142ych&nbsp; polecamy Mi\u0142osierdziu Bo\u017cemu &#8211; <strong>Dobry Jezu\u2026<\/strong><\/p>\n\n\n\n<p class=\"has-text-align-justify\"><strong>\u00a0W TYM TYGODNIU PATRONUJ\u0104 NAM:<\/strong><br>&#8211; w poniedzia\u0142ek, 6 maja \u2013 \u015bw. \u015bw. Aposto\u0142owie <strong>Filip i Jakub<\/strong>: Filip to ten, kt\u00f3ry do Jezusa przyprowadzi\u0142 Natanaela (Bart\u0142omieja) i prosi\u0142 Mistrza, by pokaza\u0142 mu Ojca. Jakub zwany M\u0142odszym to aktywny uczestnik tak zwanego Soboru Jerozolimskiego i przewodnicz\u0105cy gminy chrze\u015bcija\u0144skiej w Jerozolimie<br>&#8211; w \u015brod\u0119, 8 maja \u2013 \u015bw. <strong>Stanis\u0142aw<\/strong>, biskup i m\u0119czennik, g\u0142\u00f3wny patron naszej ojczyzny, kt\u00f3ry stan\u0105\u0142 w obronie kr\u00f3lewskich poddanych i nie waha\u0142 si\u0119 upomnie\u0107 kr\u00f3la Boles\u0142awa \u015amia\u0142ego.<\/p>\n\n\n\n<p class=\"has-text-align-justify\">\u201eMi\u0142ujmy si\u0119 wzajemnie\u201d \u2013 zr\u00f3bmy wszystko, aby s\u0142owa z us\u0142yszanego przez nas dzisiaj fragmentu Pierwszego Listu \u015awi\u0119tego Jana Aposto\u0142a wyznacza\u0142y nasze dzia\u0142ania przez wszystkie nadchodz\u0105ce dni. Pami\u0119tajmy, \u017ce B\u00f3g nas ukocha\u0142 i zara\u017cajmy mi\u0142o\u015bci\u0105 innych. <strong>Naszym Drogim Parafianom i mi\u0142ym Go\u015bciom<\/strong> \u017cyczymy mi\u0142ej, z Bogiem prze\u017cytej, wielkanocnej niedzieli. Matce Bo\u017cej, Pani Naszej \u2013 Matce i Kr\u00f3lowej z Kartuskiego Raju polecamy\u00a0 Osoby starsze i chore oraz Solenizant\u00f3w i Jubilat\u00f3w tego tygodnia.<\/p>\n\n\n\n<p class=\"has-text-align-right\">&nbsp;&nbsp;&nbsp;&nbsp;&nbsp;&nbsp;&nbsp;&nbsp;&nbsp;&nbsp;&nbsp;&nbsp;&nbsp;&nbsp;&nbsp;&nbsp;&nbsp;&nbsp;&nbsp;&nbsp;&nbsp;&nbsp;&nbsp;&nbsp;&nbsp;&nbsp;&nbsp;&nbsp;&nbsp;&nbsp;&nbsp;&nbsp;&nbsp;&nbsp;&nbsp;&nbsp;&nbsp;&nbsp;&nbsp;&nbsp;&nbsp;&nbsp;&nbsp;&nbsp;&nbsp;&nbsp;&nbsp;&nbsp;&nbsp;&nbsp;&nbsp;&nbsp;&nbsp;&nbsp;&nbsp;&nbsp;&nbsp;&nbsp;&nbsp;&nbsp;&nbsp;&nbsp;&nbsp;&nbsp;&nbsp;&nbsp;&nbsp;&nbsp;&nbsp;&nbsp;&nbsp;&nbsp;&nbsp;&nbsp;&nbsp;&nbsp;&nbsp;&nbsp;&nbsp;&nbsp;&nbsp;&nbsp;&nbsp;&nbsp;&nbsp;&nbsp;&nbsp;&nbsp;&nbsp;&nbsp;&nbsp;&nbsp;&nbsp;&nbsp;&nbsp;&nbsp;&nbsp;&nbsp;&nbsp;&nbsp;&nbsp;&nbsp;&nbsp;&nbsp;&nbsp;&nbsp;&nbsp;&nbsp;&nbsp;&nbsp;&nbsp;&nbsp;&nbsp;&nbsp;&nbsp;&nbsp; Wasi Duszpasterz<\/p>\n","protected":false},"excerpt":{"rendered":"<p>VI\u00a0 Niedziela Wielkanocna Dz 10,25-26.34-35.44-48 Powo\u0142anie pogan do Ko\u015bcio\u0142a1 J 4,7-10 B\u00f3g jest mi\u0142o\u015bci\u0105J 15,9-17 Przykazanie mi\u0142o\u015bci Starotestamentalne przepisy Prawa [&hellip;]<\/p>\n","protected":false},"author":2,"featured_media":0,"comment_status":"closed","ping_status":"","sticky":false,"template":"","format":"standard","meta":{"site-sidebar-layout":"default","site-content-layout":"","ast-site-content-layout":"default","site-content-style":"default","site-sidebar-style":"default","ast-global-header-display":"","ast-banner-title-visibility":"","ast-main-header-display":"","ast-hfb-above-header-display":"","ast-hfb-below-header-display":"","ast-hfb-mobile-header-display":"","site-post-title":"","ast-breadcrumbs-content":"","ast-featured-img":"","footer-sml-layout":"","theme-transparent-header-meta":"","adv-header-id-meta":"","stick-header-meta":"","header-above-stick-meta":"","header-main-stick-meta":"","header-below-stick-meta":"","astra-migrate-meta-layouts":"set","ast-page-background-enabled":"default","ast-page-background-meta":{"desktop":{"background-color":"var(--ast-global-color-4)","background-image":"","background-repeat":"repeat","background-position":"center center","background-size":"auto","background-attachment":"scroll","background-type":"","background-media":"","overlay-type":"","overlay-color":"","overlay-opacity":"","overlay-gradient":""},"tablet":{"background-color":"","background-image":"","background-repeat":"repeat","background-position":"center center","background-size":"auto","background-attachment":"scroll","background-type":"","background-media":"","overlay-type":"","overlay-color":"","overlay-opacity":"","overlay-gradient":""},"mobile":{"background-color":"","background-image":"","background-repeat":"repeat","background-position":"center center","background-size":"auto","background-attachment":"scroll","background-type":"","background-media":"","overlay-type":"","overlay-color":"","overlay-opacity":"","overlay-gradient":""}},"ast-content-background-meta":{"desktop":{"background-color":"var(--ast-global-color-5)","background-image":"","background-repeat":"repeat","background-position":"center center","background-size":"auto","background-attachment":"scroll","background-type":"","background-media":"","overlay-type":"","overlay-color":"","overlay-opacity":"","overlay-gradient":""},"tablet":{"background-color":"var(--ast-global-color-5)","background-image":"","background-repeat":"repeat","background-position":"center center","background-size":"auto","background-attachment":"scroll","background-type":"","background-media":"","overlay-type":"","overlay-color":"","overlay-opacity":"","overlay-gradient":""},"mobile":{"background-color":"var(--ast-global-color-5)","background-image":"","background-repeat":"repeat","background-position":"center center","background-size":"auto","background-attachment":"scroll","background-type":"","background-media":"","overlay-type":"","overlay-color":"","overlay-opacity":"","overlay-gradient":""}},"advanced_seo_description":"","jetpack_seo_html_title":"","jetpack_seo_noindex":false,"_jetpack_memberships_contains_paid_content":false,"footnotes":""},"categories":[4],"tags":[],"class_list":["post-1319","post","type-post","status-publish","format-standard","hentry","category-ogloszenia"],"jetpack_featured_media_url":"","jetpack-related-posts":[],"jetpack_sharing_enabled":true,"_links":{"self":[{"href":"https:\/\/kolegiatakartuzy.pl\/wp-test\/index.php?rest_route=\/wp\/v2\/posts\/1319","targetHints":{"allow":["GET"]}}],"collection":[{"href":"https:\/\/kolegiatakartuzy.pl\/wp-test\/index.php?rest_route=\/wp\/v2\/posts"}],"about":[{"href":"https:\/\/kolegiatakartuzy.pl\/wp-test\/index.php?rest_route=\/wp\/v2\/types\/post"}],"author":[{"embeddable":true,"href":"https:\/\/kolegiatakartuzy.pl\/wp-test\/index.php?rest_route=\/wp\/v2\/users\/2"}],"replies":[{"embeddable":true,"href":"https:\/\/kolegiatakartuzy.pl\/wp-test\/index.php?rest_route=%2Fwp%2Fv2%2Fcomments&post=1319"}],"version-history":[{"count":2,"href":"https:\/\/kolegiatakartuzy.pl\/wp-test\/index.php?rest_route=\/wp\/v2\/posts\/1319\/revisions"}],"predecessor-version":[{"id":1321,"href":"https:\/\/kolegiatakartuzy.pl\/wp-test\/index.php?rest_route=\/wp\/v2\/posts\/1319\/revisions\/1321"}],"wp:attachment":[{"href":"https:\/\/kolegiatakartuzy.pl\/wp-test\/index.php?rest_route=%2Fwp%2Fv2%2Fmedia&parent=1319"}],"wp:term":[{"taxonomy":"category","embeddable":true,"href":"https:\/\/kolegiatakartuzy.pl\/wp-test\/index.php?rest_route=%2Fwp%2Fv2%2Fcategories&post=1319"},{"taxonomy":"post_tag","embeddable":true,"href":"https:\/\/kolegiatakartuzy.pl\/wp-test\/index.php?rest_route=%2Fwp%2Fv2%2Ftags&post=1319"}],"curies":[{"name":"wp","href":"https:\/\/api.w.org\/{rel}","templated":true}]}}