{"id":1332,"date":"2024-06-08T17:34:44","date_gmt":"2024-06-08T15:34:44","guid":{"rendered":"https:\/\/kolegiatakartuzy.pl\/wp-test\/?p=1332"},"modified":"2024-06-08T17:34:44","modified_gmt":"2024-06-08T15:34:44","slug":"ogloszenia-duszpasterskie-na-dzien-09-06-2024","status":"publish","type":"post","link":"https:\/\/kolegiatakartuzy.pl\/wp-test\/?p=1332","title":{"rendered":"Og\u0142oszenia duszpasterskie na dzie\u0144 09.06.2024"},"content":{"rendered":"\n<h2 class=\"wp-block-heading has-text-align-center\">X Niedziela Zwyk\u0142a<\/h2>\n\n\n\n<p><strong>Rdz 3,9-15 <\/strong><em>Obietnica odkupienia<\/em><br><strong>2 Kor 4,13 \u2013 5,1 <\/strong><em>Nadzieja apostolskiego \u017cycia<\/em><br><strong>Mk 3,20-35 <\/strong><em>Szatan zosta\u0142 pokonany<\/em><\/p>\n\n\n\n<p class=\"has-text-align-justify\">S\u0142owa i postawa Jezusa wzbudza\u0142y niepok\u00f3j w\u015br\u00f3d uczonych w Pi\u015bmie. Wed\u0142ug Ewangelisty Marka sp\u00f3r Jezusa z \u017bydami zacz\u0105\u0142 narasta\u0107 od momentu polemiki nad uzdrowieniem w&nbsp;szabat cia\u0142a i duszy paralityka. Dzisiejszy fragment stanowi kontratak duchowych przyw\u00f3dc\u00f3w Izraela. Staraj\u0105 si\u0119 wykaza\u0107, \u017ce Jezus jest ob\u0142\u0105kany i sw\u0105 moc czerpie nie z&nbsp;Ducha Bo\u017cego, lecz z ducha Belzebuba. Grzech przeciwko Duchowi \u015awi\u0119temu rodzi si\u0119 wtedy, gdy w zatwardzia\u0142o\u015bci serca cz\u0142owiek uporczywie podwa\u017ca Osob\u0119 Jezusa i&nbsp;kwestionuje \u0142ask\u0119 Bo\u017c\u0105. Jednak \u017ar\u00f3d\u0142em owej postawy nie jest cz\u0142owiek, lecz szatan. W&nbsp;my\u015bli biblijnej diabe\u0142 od pocz\u0105tku \u015bwiata jest i zwodzicielem, i oskar\u017cycielem, kt\u00f3ry zatruwa serca ludzkie i sieje niepok\u00f3j. Niech s\u0142owo Bo\u017ce umocni nasze serca w przyj\u0119ciu prawdy, \u017ce Jezus nie jest oskar\u017cycielem, lecz naszym uzdrowicielem.<\/p>\n\n\n\n<p class=\"has-text-align-justify\">1. Prze\u017cywamy czerwiec \u2013 miesi\u0105c naszej szczeg\u00f3lnej modlitwy do <strong>Naj\u015bwi\u0119tszego Serca Pana Jezusa.<\/strong> Przez udzia\u0142 w nabo\u017ce\u0144stwach czerwcowych wynagradzamy Bo\u017cemu Sercu za grzechy nasze i bli\u017anich, wszelkie zniewagi i braki w wierze. Dzi\u0119kujemy za Bo\u017ce mi\u0142osierdzie i prosimy o wytchnienie oraz pociech\u0119 w codziennych troskach. Pami\u0119tajmy, \u017ce Serce Jezusowe jest jedynym \u017ar\u00f3d\u0142em zdolnym rozgrza\u0107 serca ludzi do mi\u0142o\u015b\u0107 do Boga i bli\u017aniego.<\/p>\n\n\n\n<p class=\"has-text-align-justify\">2.\u00a0Zapraszamy na czerwcowe <strong><em>nabo\u017ce\u0144stwa:<\/em><\/strong><\/p>\n\n\n\n<ul class=\"wp-block-list\">\n<li>w ko\u015bciele po mszy \u015bw. wieczornej dla ca\u0142ych rodzin\u00a0<\/li>\n\n\n\n<li>w kaplicy na Wzg\u00f3rzu Wolno\u015bci\u00a0 &#8211;\u00a0 od poniedzia\u0142ku do pi\u0105tku o godz.17.00<\/li>\n\n\n\n<li>w \u0141apalicach przy krzy\u017cu: w niedziele o godz.14.00, a w dni powszednie o godz.18.00<\/li>\n<\/ul>\n\n\n\n<p class=\"has-text-align-justify\">3. W czwartek 13 &#8211; ty dzie\u0144 miesi\u0105ca \u2013 <strong>Dzie\u0144 Fatimski<\/strong>. Zapraszamy na r\u00f3\u017caniec \u015bwi\u0119ty na godz.17.30, a po Mszy \u015awi\u0119tej o godz.18.00 b\u0119dziemy uczestniczy\u0107 w procesji z Figur\u0105 Matki Bo\u017cej Fatimskiej do Parku \u015bw. Jana Paw\u0142a II.<\/p>\n\n\n\n<p class=\"has-text-align-justify\">4. W przysz\u0142\u0105 niedziel\u0119 16 dzie\u0144 miesi\u0105ca zapraszamy na nabo\u017ce\u0144stwo za wstawiennictwem <strong>\u015bw. Jana<\/strong> <strong>Paw\u0142a II<\/strong> w \u0142\u0105czno\u015bci z nabo\u017ce\u0144stwem czerwcowym.<\/p>\n\n\n\n<p class=\"has-text-align-justify\">5. Zapraszamy na <strong>adoracj\u0119 Pana Jezusa w\u00a0 Naj\u015bwi\u0119tszym Sakramencie<\/strong> w czwartek po Mszy \u015awi\u0119tej o godz.18.00, kt\u00f3ra trwa\u0107 b\u0119dzie do godz.19.30. W tym czasie mo\u017cna skorzysta\u0107 z spowiedzi \u015bwi\u0119tej.<\/p>\n\n\n\n<p class=\"has-text-align-justify\">6. Zapraszamy na <strong>R\u00f3\u017caniec B\u0142agalny<\/strong> o pok\u00f3j w Ukrainie codziennie od poniedzia\u0142ku do soboty o godz.7.30.<\/p>\n\n\n\n<p class=\"has-text-align-justify\">7. Msze \u015awi\u0119te: w<strong> <\/strong>podzi\u0119kowaniem Bogu Tr\u00f3jjedynemu za otrzymane \u0142aski, z pro\u015bb\u0105 o Bo\u017ce b\u0142og., opiek\u0119 Matki Bo\u017cej z Kartuskiego Raju, zdrowie dla dzieci pierwszokomunijnych, Ksi\u0119\u017cy z naszej Parafii oraz dla Grupy sprz\u0105taj\u0105cej nasz ko\u015bci\u00f3\u0142 w pi\u0105tek o godz.18.00, w intencji Apostolstwa Dobrej \u015amierci w\u00a0 sobot\u0119\u00a0 o godz.8.00.<\/p>\n\n\n\n<p class=\"has-text-align-justify\">8. Dzisiaj zach\u0119camy do nabycia <strong>\u00a0\u201eGo\u015bcia Niedzielnego\u201d, \u201ePielgrzyma\u201d <\/strong>i innych czasopism.<\/p>\n\n\n\n<p class=\"has-text-align-justify\">9. Ka\u017cdego roku przed wakacjami zapraszamy do Pelplina na <strong>Przysta\u0144<\/strong>: w dniach 14-17 czerwca 2024. Szczeg\u00f3\u0142owy program na stronie internetowej naszej Diecezji Pelpli\u0144skiej i na stronie naszej Parafii. Serdecznie zapraszamy.<\/p>\n\n\n\n<p class=\"has-text-align-justify\"><strong>W TYM TYGODNIU PATRONUJ\u0104 NAM:<\/strong><br>&#8211; we wtorek, 11 czerwca \u2013 \u015bw. <strong>Barnaba<\/strong>, Aposto\u0142, kt\u00f3rego Dzieje Apostolskie charakteryzuj\u0105 jako \u201ecz\u0142owieka dobrego i pe\u0142nego Ducha \u015awi\u0119tego i wiary\u201d;<br>&#8211; w czwartek, 13 czerwca \u2013 \u015bw. <strong>Antoni <\/strong>z Padwy, jeden z najwa\u017cniejszych \u015bwi\u0119tych franciszka\u0144skich i jeden z najwybitniejszych kaznodziej\u00f3w \u015bredniowiecznych, kt\u00f3ry w\u00a0ludowej tradycji jest czczony jako Patron rzeczy znalezionych.<br>&#8211; w pi\u0105tek, 14 czerwca \u2013 b\u0142. <strong>Micha\u0142 Kozal<\/strong>, biskup i m\u0119czennik z Dachau, gorliwy duszpasterz i\u00a0przewodnik seminarzyst\u00f3w, kt\u00f3ry do ko\u0144ca swoich dni ni\u00f3s\u0142 duchown\u0105 pos\u0142ug\u0119 swoim wsp\u00f3\u0142wi\u0119\u017aniom.<\/p>\n\n\n\n<p class=\"has-text-align-justify\"><strong>Naszym Drogim Parafianom i mi\u0142ym Go\u015bciom<\/strong> \u017cyczymy mi\u0142ej, z Bogiem prze\u017cytej niedzieli. Sercu Bo\u017cemu i Matce Bo\u017cej, Pani Naszej \u2013 Matce i Kr\u00f3lowej\u00a0 z Kartuskiego Raju\u00a0 polecamy Osoby starsze i chore oraz Solenizant\u00f3w i Jubilat\u00f3w tego tygodnia.<\/p>\n\n\n\n<p class=\"has-text-align-right\">&nbsp;&nbsp;&nbsp;&nbsp;&nbsp;&nbsp;&nbsp;&nbsp;&nbsp;&nbsp;&nbsp;&nbsp;&nbsp;&nbsp;&nbsp;&nbsp;&nbsp;&nbsp;&nbsp;&nbsp;&nbsp;&nbsp;&nbsp;&nbsp;&nbsp;&nbsp;&nbsp;&nbsp;&nbsp;&nbsp;&nbsp;&nbsp;&nbsp;&nbsp;&nbsp;&nbsp;&nbsp;&nbsp;&nbsp;&nbsp;&nbsp;&nbsp;&nbsp;&nbsp;&nbsp;&nbsp;&nbsp;&nbsp;&nbsp;&nbsp;&nbsp;&nbsp;&nbsp;&nbsp;&nbsp;&nbsp;&nbsp;&nbsp;&nbsp;&nbsp;&nbsp;&nbsp;&nbsp;&nbsp;&nbsp;&nbsp;&nbsp;&nbsp;&nbsp;&nbsp;&nbsp;&nbsp;&nbsp;&nbsp;&nbsp;&nbsp;&nbsp;&nbsp;&nbsp;&nbsp;&nbsp;&nbsp;&nbsp;&nbsp;&nbsp;&nbsp;&nbsp;&nbsp;&nbsp;&nbsp;&nbsp;&nbsp;&nbsp;&nbsp;&nbsp;&nbsp;&nbsp;&nbsp;&nbsp;&nbsp; Wasi Duszpasterze<\/p>\n","protected":false},"excerpt":{"rendered":"<p>X Niedziela Zwyk\u0142a Rdz 3,9-15 Obietnica odkupienia2 Kor 4,13 \u2013 5,1 Nadzieja apostolskiego \u017cyciaMk 3,20-35 Szatan zosta\u0142 pokonany S\u0142owa i [&hellip;]<\/p>\n","protected":false},"author":2,"featured_media":0,"comment_status":"closed","ping_status":"","sticky":false,"template":"","format":"standard","meta":{"site-sidebar-layout":"default","site-content-layout":"","ast-site-content-layout":"default","site-content-style":"default","site-sidebar-style":"default","ast-global-header-display":"","ast-banner-title-visibility":"","ast-main-header-display":"","ast-hfb-above-header-display":"","ast-hfb-below-header-display":"","ast-hfb-mobile-header-display":"","site-post-title":"","ast-breadcrumbs-content":"","ast-featured-img":"","footer-sml-layout":"","theme-transparent-header-meta":"","adv-header-id-meta":"","stick-header-meta":"","header-above-stick-meta":"","header-main-stick-meta":"","header-below-stick-meta":"","astra-migrate-meta-layouts":"set","ast-page-background-enabled":"default","ast-page-background-meta":{"desktop":{"background-color":"var(--ast-global-color-4)","background-image":"","background-repeat":"repeat","background-position":"center center","background-size":"auto","background-attachment":"scroll","background-type":"","background-media":"","overlay-type":"","overlay-color":"","overlay-opacity":"","overlay-gradient":""},"tablet":{"background-color":"","background-image":"","background-repeat":"repeat","background-position":"center center","background-size":"auto","background-attachment":"scroll","background-type":"","background-media":"","overlay-type":"","overlay-color":"","overlay-opacity":"","overlay-gradient":""},"mobile":{"background-color":"","background-image":"","background-repeat":"repeat","background-position":"center center","background-size":"auto","background-attachment":"scroll","background-type":"","background-media":"","overlay-type":"","overlay-color":"","overlay-opacity":"","overlay-gradient":""}},"ast-content-background-meta":{"desktop":{"background-color":"var(--ast-global-color-5)","background-image":"","background-repeat":"repeat","background-position":"center center","background-size":"auto","background-attachment":"scroll","background-type":"","background-media":"","overlay-type":"","overlay-color":"","overlay-opacity":"","overlay-gradient":""},"tablet":{"background-color":"var(--ast-global-color-5)","background-image":"","background-repeat":"repeat","background-position":"center center","background-size":"auto","background-attachment":"scroll","background-type":"","background-media":"","overlay-type":"","overlay-color":"","overlay-opacity":"","overlay-gradient":""},"mobile":{"background-color":"var(--ast-global-color-5)","background-image":"","background-repeat":"repeat","background-position":"center center","background-size":"auto","background-attachment":"scroll","background-type":"","background-media":"","overlay-type":"","overlay-color":"","overlay-opacity":"","overlay-gradient":""}},"advanced_seo_description":"","jetpack_seo_html_title":"","jetpack_seo_noindex":false,"_jetpack_memberships_contains_paid_content":false,"footnotes":""},"categories":[4],"tags":[],"class_list":["post-1332","post","type-post","status-publish","format-standard","hentry","category-ogloszenia"],"jetpack_featured_media_url":"","jetpack-related-posts":[],"jetpack_sharing_enabled":true,"_links":{"self":[{"href":"https:\/\/kolegiatakartuzy.pl\/wp-test\/index.php?rest_route=\/wp\/v2\/posts\/1332","targetHints":{"allow":["GET"]}}],"collection":[{"href":"https:\/\/kolegiatakartuzy.pl\/wp-test\/index.php?rest_route=\/wp\/v2\/posts"}],"about":[{"href":"https:\/\/kolegiatakartuzy.pl\/wp-test\/index.php?rest_route=\/wp\/v2\/types\/post"}],"author":[{"embeddable":true,"href":"https:\/\/kolegiatakartuzy.pl\/wp-test\/index.php?rest_route=\/wp\/v2\/users\/2"}],"replies":[{"embeddable":true,"href":"https:\/\/kolegiatakartuzy.pl\/wp-test\/index.php?rest_route=%2Fwp%2Fv2%2Fcomments&post=1332"}],"version-history":[{"count":1,"href":"https:\/\/kolegiatakartuzy.pl\/wp-test\/index.php?rest_route=\/wp\/v2\/posts\/1332\/revisions"}],"predecessor-version":[{"id":1333,"href":"https:\/\/kolegiatakartuzy.pl\/wp-test\/index.php?rest_route=\/wp\/v2\/posts\/1332\/revisions\/1333"}],"wp:attachment":[{"href":"https:\/\/kolegiatakartuzy.pl\/wp-test\/index.php?rest_route=%2Fwp%2Fv2%2Fmedia&parent=1332"}],"wp:term":[{"taxonomy":"category","embeddable":true,"href":"https:\/\/kolegiatakartuzy.pl\/wp-test\/index.php?rest_route=%2Fwp%2Fv2%2Fcategories&post=1332"},{"taxonomy":"post_tag","embeddable":true,"href":"https:\/\/kolegiatakartuzy.pl\/wp-test\/index.php?rest_route=%2Fwp%2Fv2%2Ftags&post=1332"}],"curies":[{"name":"wp","href":"https:\/\/api.w.org\/{rel}","templated":true}]}}