{"id":1429,"date":"2024-08-24T16:35:14","date_gmt":"2024-08-24T14:35:14","guid":{"rendered":"https:\/\/kolegiatakartuzy.pl\/wp-test\/?p=1429"},"modified":"2024-08-24T16:39:49","modified_gmt":"2024-08-24T14:39:49","slug":"ogloszenia-duszpasterskie-na-dzien-25-08-2024-r","status":"publish","type":"post","link":"https:\/\/kolegiatakartuzy.pl\/wp-test\/?p=1429","title":{"rendered":"Og\u0142oszenia duszpasterskie na dzie\u0144 25.08.2024 r."},"content":{"rendered":"\n<h2 class=\"wp-block-heading has-text-align-center\">XXI Niedziela Zwyk\u0142a<\/h2>\n\n\n\n<p class=\"has-black-color has-text-color has-link-color wp-elements-52d6852b7267b370af0d57192a1d68a2\"><strong>Joz 24,1-2a.15-17.18b <\/strong><em>Przypomnienie powo\u0142ania narodu<\/em><\/p>\n\n\n\n<p class=\"has-black-color has-text-color has-link-color wp-elements-582ec179cd067997d109bb8b14ee1b85\"><strong>Ef 5,21-32<\/strong> <em>Mi\u0142o\u015b\u0107 ma\u0142\u017ce\u0144ska na\u015bladowaniem mi\u0142o\u015bci Chrystusa i Ko\u015bcio\u0142a<\/em><\/p>\n\n\n\n<p class=\"has-black-color has-text-color has-link-color wp-elements-10e036141581b06bb7d8b810d7879358\"><strong>J 6,55.60-69<\/strong> <em>Do kogo p\u00f3jdziemy, Ty masz s\u0142owa \u017cycia wiecznego<\/em><\/p>\n\n\n\n<p class=\"has-text-align-justify has-black-color has-text-color\">Historia zbawienia uczy, \u017ce B\u00f3g szanuje woln\u0105 wol\u0119 cz\u0142owieka wraz z konsekwencjami r\u00f3\u017cnych decyzji. W pierwszym czytaniu Jozue jako nast\u0119pca Moj\u017cesza gromadzi wszystkie pokolenia Narodu Wybranego. W obliczu rych\u0142ej \u015bmierci Jozuego Izraelici mieli ostatecznie rozstrzygn\u0105\u0107, komu chc\u0105 s\u0142u\u017cy\u0107: poga\u0144skim bo\u017ckom czy Jedynemu Bogu. Pami\u0119\u0107 o Bo\u017cych dobrodziejstwach sk\u0142ania lud do zawierzenia siebie Bogu Izraela. Fragment dzisiejszej Ewangelii stanowi za\u015b bolesny i krytyczny moment dalszej misji Jezusa i&nbsp;Jego Ko\u015bcio\u0142a. Wielu podj\u0119\u0142o osobist\u0105 decyzj\u0119 o odej\u015bciu od Pana. Jednak \u017cywa wiara Dwunastu, kt\u00f3ra wyp\u0142ywa\u0142a z pami\u0119ci o Bo\u017cych dzie\u0142ach, sk\u0142oni\u0142a Dwunastu do pozostania przy Jezusie. W&nbsp;czasie liturgii s\u0142owa dokonajmy \u015bwiadomego wyboru p\u00f3j\u015bcia za Panem.<\/p>\n\n\n\n<p class=\"has-text-align-justify has-black-color has-text-color has-link-color wp-elements-34cad8768e5bd5ec089db934f1a4a847\">1. W naszej Parafialnej Wsp\u00f3lnocie z rado\u015bci\u0105 witamy nowych <strong>Duszpasterzy Ksi\u0119\u017cy<\/strong> <strong>Wikariuszy:<\/strong> <strong>mgra Roberta Ratkowskiego i mgra Karola Sosnowskiego<\/strong>; zapewniamy o \u017cyczliwym naszym przyj\u0119ciu, modlitwie i \u017cyczymy, aby w naszej Parafii czuli si\u0119 jak najlepiej oraz wspierajmy ich w wype\u0142nianiu Ich pos\u0142ugi kap\u0142a\u0144skiej w naszej Parafii.<\/p>\n\n\n\n<p class=\"has-text-align-justify has-black-color has-text-color has-link-color wp-elements-e71b6d4368b40fca2038668a34c08d1f\">2. W niedziel\u0119 rozpoczynaj\u0105c\u0105 ostatni tydzie\u0144 wakacji Ewangelia przywo\u0142uje wyznanie Aposto\u0142a Piotra: \u201ePanie, do kogo p\u00f3jdziemy? Ty masz s\u0142owa \u017cycia wiecznego. A my uwierzyli\u015bmy i poznali\u015bmy, \u017ce Ty jeste\u015b \u015awi\u0119tym Bo\u017cym\u201d. S\u0105 one jak przynaglenie do zrobienia rachunku sumienia z prze\u017cytego czasu wypoczynku: czy przypadkiem sobie nie pofolgowali\u015bmy, zwalniaj\u0105c si\u0119 z niedzielnej Mszy \u015awi\u0119tej, z codziennej modlitwy. Warto w&nbsp;kolejny rok szkolny i katechetyczny wej\u015b\u0107 pojednanym z Bogiem, dlatego przed ka\u017cd\u0105 Msz\u0105 \u015awi\u0119t\u0105 jest okazja do spowiedzi \u015bwi\u0119tej. Niech w\u015br\u00f3d naszych codziennych obowi\u0105zk\u00f3w tego tygodnia nie zabraknie troski o blisko\u015b\u0107 Pana i warto\u015bci nieprzemijaj\u0105ce.&nbsp;<\/p>\n\n\n\n<p class=\"has-text-align-justify has-black-color has-text-color has-link-color wp-elements-6d4234ebfc72c4f0e9f295e72a732a99\">3. W poniedzia\u0142ek <strong>Uroczysto\u015b\u0107 Matki Bo\u017cej Jasnog\u00f3rskiej<\/strong>, czczonej jako Kr\u00f3lowa Polski i g\u0142\u00f3wna Patronka naszego Narodu, sk\u0142ania nasze serca ku jeszcze wi\u0119kszemu zawierzeniu Jej naszych los\u00f3w. \u015aw. Jan Pawe\u0142 II na Jasnej G\u00f3rze powtarza\u0142, \u017ce tu bije serce narodu. Ws\u0142uchani w s\u0142owa Maryi: uczy\u0144cie wszystko, co wam m\u00f3wi m\u00f3j Syn, starajmy si\u0119 wiernie wype\u0142ni\u0107 Jej wskazania. Zapraszamy na Msze \u015bw. o godz.: <strong>7.00, 8.30, 11.00 i 18.00; <\/strong>w czasie Mszy \u015bwi\u0119tych b\u0119dziemy odnawia\u0107 Jasnog\u00f3rskie \u015aluby Narodu; w Prokowie o godz. 11.00 suma odpustowa.<\/p>\n\n\n\n<p class=\"has-text-align-justify has-black-color has-text-color has-link-color wp-elements-48c63d50f34020982d49dddba496d7a9\">4. W czwartek, 29 sierpnia, w liturgii b\u0119dziemy wspominali M\u0119cze\u0144stwo \u015awi\u0119tego <strong>Jana Chrzciciela<\/strong>. Za wierno\u015b\u0107 Bogu i Jego prawu zosta\u0142 zamordowany na rozkaz kr\u00f3la Heroda. Tym samym sta\u0142 si\u0119 kolejnym prorokiem, kt\u00f3ry odda\u0142 \u017cycie, b\u0119d\u0105c g\u0142osicielem Bo\u017cej prawdy.<\/p>\n\n\n\n<p class=\"has-text-align-justify has-black-color has-text-color has-link-color wp-elements-fd53cee4883a7ef6962634206a112ff6\">5. W sobot\u0119, 31 sierpnia b\u0119dziemy obchodzi\u0107 43. rocznic\u0119 podpisania <strong>porozumie\u0144 sierpniowych<\/strong>, kt\u00f3re zako\u0144czy\u0142y strajki i rozpocz\u0119\u0142y proces przebudowy naszego pa\u0144stwa. \u017byli\u015bmy idea\u0142ami solidarno\u015bci, prawdy, wolno\u015bci. Dzi\u015b warto zada\u0107 sobie pytanie, co w naszych sercach zosta\u0142o z etosu Solidarno\u015bci tamtych lat.<\/p>\n\n\n\n<p class=\"has-text-align-justify has-black-color has-text-color has-link-color wp-elements-323a6cdde0da023bcfb9a011a0ccf071\">6. W niedziel\u0119, b\u0119dziemy obchodzi\u0107 <strong>85. rocznic\u0119 wybuchu II wojny \u015bwiatowej<\/strong>. Pami\u0119tajmy w modlitwie szczeg\u00f3lnie o tych, kt\u00f3rzy oddali \u017cycie w obronie ojczyzny na wszystkich frontach. Otoczmy modlitw\u0105 tak\u017ce tych, kt\u00f3rzy po jej zako\u0144czeniu walczyli o suwerenno\u015b\u0107 i niepodleg\u0142o\u015b\u0107 Polski i z\u0142o\u017cyli ofiar\u0119 swojego \u017cycia jako wi\u0119\u017aniowie polityczni, a kt\u00f3rych pr\u00f3bowano wymaza\u0107 z historii.<\/p>\n\n\n\n<p class=\"has-text-align-justify has-black-color has-text-color has-link-color wp-elements-90234666e69e0e7f71878f81902c4dcf\">7. Zapraszamy na <strong>R\u00f3\u017caniec B\u0142agalny<\/strong> o pok\u00f3j w Ukrainie i Bliskim Wschodzie codziennie od poniedzia\u0142ku do soboty o godz.7.30.<\/p>\n\n\n\n<p class=\"has-text-align-justify has-black-color has-text-color has-link-color wp-elements-050fa8508915c9172ec869d8a3e4c5f4\">8. Zapraszamy na <strong>adoracj\u0119 Pana Jezusa w&nbsp; Naj\u015bwi\u0119tszym Sakramencie<\/strong> w czwartek po Mszy \u015awi\u0119tej o godz.18.00, kt\u00f3ra trwa\u0107 b\u0119dzie do godz.19.30. W tym czasie mo\u017cna skorzysta\u0107 z Sakramentu Mi\u0142osierdzia w spowiednicy.<\/p>\n\n\n\n<p class=\"has-black-color has-text-color has-link-color wp-elements-c39115e8171a24bc46252d9bc785df77\">9. W tym tygodniu<strong> &nbsp;I niedziela miesi\u0105ca:<\/strong><\/p>\n\n\n\n<p class=\"has-text-align-justify has-black-color has-text-color has-link-color wp-elements-85c9d84f85a7b60b56e1c4aeea327a68\">&#8211; suma z liturgi\u0105 w j\u0119zyku kaszubskim;<\/p>\n\n\n\n<p class=\"has-text-align-justify has-black-color has-text-color has-link-color wp-elements-6be7642f8316cfec7daeca0c68e5a217\">&#8211; uroczysty <strong>Chrzest \u015awi\u0119ty<\/strong> w czasie Mszy \u015awi\u0119tej o godz.13.30, nauka przed Chrztem dla rodzic\u00f3w i chrzestnych w sobot\u0119 o godz.17.00 w spowiednicy;<\/p>\n\n\n\n<p class=\"has-text-align-justify has-black-color has-text-color has-link-color wp-elements-64ada2965df8d590e593cba2fed6d269\">&#8211; godz.15.00 <strong>Nabo\u017ce\u0144stwo R\u00f3\u017ca\u0144cowe<\/strong> dla R\u00f3\u017c \u017bywego R\u00f3\u017ca\u0144ca i wszystkich wsp\u00f3lnot parafialnych i spotkanie III Zakonu \u015bw. Franciszka.<\/p>\n\n\n\n<p class=\"has-text-align-justify has-black-color has-text-color has-link-color wp-elements-d7720a2a41a01e6cb66054d55f93f0dc\">10. <strong>Msza \u015awi\u0119ta<\/strong> za +Mariana Ropel od Wsp\u00f3\u0142pracownik\u00f3w Kartuskiego Przedsi\u0119biorstwa Wodoci\u0105g\u00f3w i Kanalizacji w poniedzia\u0142ek &nbsp;o godz.7.00, Z pro\u015bb\u0105 o zdrowie, Bo\u017ce b\u0142og. i opiek\u0119 Matki Bo\u017cej dla Kap\u0142an\u00f3w z Parafii Chmiele\u0144skiej i Kolegiackiej oraz za ++Kap\u0142an\u00f3w, kt\u00f3rzy pos\u0142ugiwali w Chmielnie i Kartuskiej Kolegiacie ofiarowana od Wojciecha i Renaty z Chmielna w niedziel\u0119 o godz.11.00.&nbsp; &nbsp;&nbsp;<\/p>\n\n\n\n<p class=\"has-text-align-justify has-black-color has-text-color has-link-color wp-elements-0fc93b05512020bcac84349c7950378e\">11. <strong>Apostolstwo Dobrej \u015amierci <\/strong>zaprasza do udzia\u0142u w pielgrzymce autokarowej w dniach 1 i 2 pa\u017adziernika 2024 roku, nawiedzimy: Gietrzwa\u0142d, \u015awi\u0119t\u0105 Lipk\u0119 Bisztynek \u2013 Sanktuarium Najdro\u017cszej Krwi Pana Jezusa, Stoczek Klasztorny \u2013 klasztor &#8211; miejsce internowania b\u0142. Stefana Wyszy\u0144skiego i Lidzbark Warmi\u0144ski. Koszt 410 z\u0142, zapisy w biurze parafialnym.<\/p>\n\n\n\n<p class=\"has-text-align-justify has-black-color has-text-color has-link-color wp-elements-fddf65755fbccff3701bea4e4c078646\">12. Zach\u0119camy do nabycia nowego nru <strong>\u201eGo\u015bcia Niedzielnego\u201d, \u201eApostolstwa Chorych\u201d, <\/strong>jest jeszcze aktualny<strong> \u201ePielgrzym\u201d&nbsp; <\/strong>i inne czasopisma.<\/p>\n\n\n\n<p class=\"has-black-color has-text-color has-link-color wp-elements-27876814dc27bf2b6163d4e500cf6431\"><strong>W TYM TYGODNIU PATRONUJ\u0104 NAM:<\/strong><\/p>\n\n\n\n<p class=\"has-text-align-justify has-black-color has-text-color has-link-color wp-elements-a421af6c7e0f2a5bd6d008db6aaf1039\">&#8211; we wtorek, 27 sierpnia \u2013 \u015bw. <strong>Monika<\/strong>, matka \u015bw. Augustyna; jej \u0142zy, a nade wszystko gorliwa i wytrwa\u0142a modlitwa oraz \u015bwi\u0119te \u017cycie doprowadzi\u0142y do nawr\u00f3cenia m\u0119\u017ca i syn\u00f3w.<\/p>\n\n\n\n<p class=\"has-text-align-justify has-black-color has-text-color has-link-color wp-elements-06ee0a261a40c7b7808d65f1803942c0\">&#8211; w \u015brod\u0119, 28 sierpnia \u2013 \u015bw. <strong>Augustyn<\/strong>, najwi\u0119kszy teolog chrze\u015bcija\u0144skiej staro\u017cytno\u015bci, jeden z czterech wielkich doktor\u00f3w Ko\u015bcio\u0142a Zachodniego.<\/p>\n\n\n\n<p class=\"has-text-align-justify has-black-color has-text-color has-link-color wp-elements-41d967b49628629513a1ffff36357c41\">&#8211; w czwartek, 29 sierpnia \u2013 \u015bw. <strong>Jan Chrzciciel<\/strong>, kt\u00f3ry wskaza\u0142 Mesjasza, Baranka Bo\u017cego, i&nbsp;poprzedzi\u0142 Go r\u00f3wnie\u017c w m\u0119cze\u0144stwie.<\/p>\n\n\n\n<p class=\"has-text-align-justify has-black-color has-text-color has-link-color wp-elements-febcf6ba51f69c032a2abc15c00ffa72\"><strong>Naszym Drogim Parafianom i mi\u0142ym Go\u015bciom<\/strong> \u017cyczymy mi\u0142ej, z Bogiem prze\u017cytej niedzieli. Matce Bo\u017cej, Pani Naszej \u2013 Matce i Kr\u00f3lowej&nbsp;z Kartuskiego Raju polecamy&nbsp;dzieci i m\u0142odzie\u017c na ostatnie ju\u017c dni wakacji, a solenizantom i jubilatom \u015bwi\u0119tuj\u0105cym w tym tygodniu \u017cyczymy zdrowia, Bo\u017cego b\u0142ogos\u0142awie\u0144stwa i pokoju w sercu.&nbsp;<\/p>\n\n\n\n<p class=\"has-text-align-right has-black-color has-text-color has-link-color wp-elements-c74b6b18355f4fc9834c27d0b497416a\">Wasi&nbsp; Duszpasterze<\/p>\n\n\n\n<p><\/p>\n","protected":false},"excerpt":{"rendered":"<p>XXI Niedziela Zwyk\u0142a Joz 24,1-2a.15-17.18b Przypomnienie powo\u0142ania narodu Ef 5,21-32 Mi\u0142o\u015b\u0107 ma\u0142\u017ce\u0144ska na\u015bladowaniem mi\u0142o\u015bci Chrystusa i Ko\u015bcio\u0142a J 6,55.60-69 Do [&hellip;]<\/p>\n","protected":false},"author":4,"featured_media":0,"comment_status":"closed","ping_status":"","sticky":false,"template":"","format":"standard","meta":{"site-sidebar-layout":"default","site-content-layout":"","ast-site-content-layout":"default","site-content-style":"default","site-sidebar-style":"default","ast-global-header-display":"","ast-banner-title-visibility":"","ast-main-header-display":"","ast-hfb-above-header-display":"","ast-hfb-below-header-display":"","ast-hfb-mobile-header-display":"","site-post-title":"","ast-breadcrumbs-content":"","ast-featured-img":"","footer-sml-layout":"","theme-transparent-header-meta":"","adv-header-id-meta":"","stick-header-meta":"","header-above-stick-meta":"","header-main-stick-meta":"","header-below-stick-meta":"","astra-migrate-meta-layouts":"set","ast-page-background-enabled":"default","ast-page-background-meta":{"desktop":{"background-color":"var(--ast-global-color-4)","background-image":"","background-repeat":"repeat","background-position":"center center","background-size":"auto","background-attachment":"scroll","background-type":"","background-media":"","overlay-type":"","overlay-color":"","overlay-opacity":"","overlay-gradient":""},"tablet":{"background-color":"","background-image":"","background-repeat":"repeat","background-position":"center center","background-size":"auto","background-attachment":"scroll","background-type":"","background-media":"","overlay-type":"","overlay-color":"","overlay-opacity":"","overlay-gradient":""},"mobile":{"background-color":"","background-image":"","background-repeat":"repeat","background-position":"center center","background-size":"auto","background-attachment":"scroll","background-type":"","background-media":"","overlay-type":"","overlay-color":"","overlay-opacity":"","overlay-gradient":""}},"ast-content-background-meta":{"desktop":{"background-color":"var(--ast-global-color-5)","background-image":"","background-repeat":"repeat","background-position":"center center","background-size":"auto","background-attachment":"scroll","background-type":"","background-media":"","overlay-type":"","overlay-color":"","overlay-opacity":"","overlay-gradient":""},"tablet":{"background-color":"var(--ast-global-color-5)","background-image":"","background-repeat":"repeat","background-position":"center center","background-size":"auto","background-attachment":"scroll","background-type":"","background-media":"","overlay-type":"","overlay-color":"","overlay-opacity":"","overlay-gradient":""},"mobile":{"background-color":"var(--ast-global-color-5)","background-image":"","background-repeat":"repeat","background-position":"center center","background-size":"auto","background-attachment":"scroll","background-type":"","background-media":"","overlay-type":"","overlay-color":"","overlay-opacity":"","overlay-gradient":""}},"advanced_seo_description":"","jetpack_seo_html_title":"","jetpack_seo_noindex":false,"_jetpack_memberships_contains_paid_content":false,"footnotes":""},"categories":[4],"tags":[],"class_list":["post-1429","post","type-post","status-publish","format-standard","hentry","category-ogloszenia"],"jetpack_featured_media_url":"","jetpack-related-posts":[],"jetpack_sharing_enabled":true,"_links":{"self":[{"href":"https:\/\/kolegiatakartuzy.pl\/wp-test\/index.php?rest_route=\/wp\/v2\/posts\/1429","targetHints":{"allow":["GET"]}}],"collection":[{"href":"https:\/\/kolegiatakartuzy.pl\/wp-test\/index.php?rest_route=\/wp\/v2\/posts"}],"about":[{"href":"https:\/\/kolegiatakartuzy.pl\/wp-test\/index.php?rest_route=\/wp\/v2\/types\/post"}],"author":[{"embeddable":true,"href":"https:\/\/kolegiatakartuzy.pl\/wp-test\/index.php?rest_route=\/wp\/v2\/users\/4"}],"replies":[{"embeddable":true,"href":"https:\/\/kolegiatakartuzy.pl\/wp-test\/index.php?rest_route=%2Fwp%2Fv2%2Fcomments&post=1429"}],"version-history":[{"count":4,"href":"https:\/\/kolegiatakartuzy.pl\/wp-test\/index.php?rest_route=\/wp\/v2\/posts\/1429\/revisions"}],"predecessor-version":[{"id":1433,"href":"https:\/\/kolegiatakartuzy.pl\/wp-test\/index.php?rest_route=\/wp\/v2\/posts\/1429\/revisions\/1433"}],"wp:attachment":[{"href":"https:\/\/kolegiatakartuzy.pl\/wp-test\/index.php?rest_route=%2Fwp%2Fv2%2Fmedia&parent=1429"}],"wp:term":[{"taxonomy":"category","embeddable":true,"href":"https:\/\/kolegiatakartuzy.pl\/wp-test\/index.php?rest_route=%2Fwp%2Fv2%2Fcategories&post=1429"},{"taxonomy":"post_tag","embeddable":true,"href":"https:\/\/kolegiatakartuzy.pl\/wp-test\/index.php?rest_route=%2Fwp%2Fv2%2Ftags&post=1429"}],"curies":[{"name":"wp","href":"https:\/\/api.w.org\/{rel}","templated":true}]}}