{"id":1452,"date":"2024-10-05T22:38:51","date_gmt":"2024-10-05T20:38:51","guid":{"rendered":"https:\/\/kolegiatakartuzy.pl\/wp-test\/?p=1452"},"modified":"2024-10-05T22:39:32","modified_gmt":"2024-10-05T20:39:32","slug":"ogloszenia-duszpasterskie-na-dzien-06-10-2024-r","status":"publish","type":"post","link":"https:\/\/kolegiatakartuzy.pl\/wp-test\/?p=1452","title":{"rendered":"Og\u0142oszenia duszpasterskie na dzie\u0144 06.10.2024 r."},"content":{"rendered":"\n<h2 class=\"wp-block-heading has-text-align-center\">XXVII Niedziela Zwyk\u0142a<\/h2>\n\n\n\n<p><strong>Rdz 2,18-24 <\/strong><em>Stworzenie niewiasty<\/em><strong><em><br><\/em>Hbr 2,9-11 <\/strong><em>Chrystus, kt\u00f3ry u\u015bwi\u0119ca, jak i ludzie, kt\u00f3rzy maj\u0105 by\u0107 u\u015bwi\u0119ceni, z Jednego s\u0105 wszyscy<\/em><strong><em><br><\/em>Mk 10,2-16<\/strong> <em>Co B\u00f3g z\u0142\u0105czy\u0142, tego cz\u0142owiek niech nie rozdziela<\/em><\/p>\n\n\n\n<p class=\"has-text-align-justify\">Cz\u0142owiek stosuje w\u0119z\u0142y po to, aby \u0142\u0105czy\u0142y dwie oddzielne rzeczy oraz by nie dopu\u015bci\u0107 do ich rozwi\u0105zania. Podobnie jest w przypadku relacji, kt\u00f3re B\u00f3g powierzy\u0142 cz\u0142owiekowi. Bo\u017cym w\u0119z\u0142em dla kobiety i m\u0119\u017cczyzny jest w\u0119ze\u0142 ma\u0142\u017ce\u0144stwa, kt\u00f3ry \u0142\u0105czy dwie osoby o&nbsp;nierozerwalnym skutku. Dzisiejsza Ewangelia przywo\u0142uje moment, w kt\u00f3rym faryzeusze wystawiaj\u0105 Jezusa na pr\u00f3b\u0119 w&nbsp;kwestii prawnego rozwodu. Jezus za\u015b, jako Stw\u00f3rca cz\u0142owieka, uwra\u017cliwia s\u0142uchaczy na prawd\u0119 o naturalnych pocz\u0105tkach ma\u0142\u017ce\u0144stwa i odwo\u0142uje si\u0119 do pierwszej ksi\u0119gi Tory, czyli do Ksi\u0119gi Rodzaju. Nadto Jezus jako B\u00f3g-Cz\u0142owiek podnosi ma\u0142\u017ce\u0144ski w\u0119ze\u0142 pomi\u0119dzy kobiet\u0105 i m\u0119\u017cczyzn\u0105 do rangi sakramentu. Czyni to moc\u0105 swego autorytetu, kt\u00f3ry od wiek\u00f3w spaja ma\u0142\u017conk\u00f3w. W czasie liturgii s\u0142owa podzi\u0119kujmy Bogu za dar sakramentu ma\u0142\u017ce\u0144stwa. B\u00f3g stworzy\u0142 m\u0119\u017cczyzn\u0119 i&nbsp;niewiast\u0119, powo\u0142uj\u0105c ich jednocze\u015bnie do tworzenia wsp\u00f3lnoty ma\u0142\u017ce\u0144skiej i rodzinnej, w&nbsp;kt\u00f3rej maj\u0105 stanowi\u0107 nierozerwaln\u0105 jedno\u015b\u0107. Warto i trzeba to powt\u00f3rzy\u0107 w dzisiejszych czasach i we wsp\u00f3\u0142czesnym \u015bwiecie, gdy szerzy si\u0119 propaganda \u201ewszechwzgl\u0119dno\u015bci\u201d i&nbsp;tymczasowo\u015bci.<\/p>\n\n\n\n<ol class=\"wp-block-list\">\n<li>W poniedzia\u0142ek <strong>7 <\/strong><strong>pa\u017adziernika&nbsp; <\/strong>obchodzi\u0107 b\u0119dziemy&nbsp; nasz odpust ku czci <strong>Patrona Kartuz \u015bw. Brunona<\/strong> z Kolonii. Zapraszamy w niedziel\u0119&nbsp; na<strong>&nbsp; godz. 18.00 <\/strong>na msz\u0119 \u015bw. w intencji&nbsp; zmar\u0142ych spoczywaj\u0105cych na naszym cmentarzu<strong>,&nbsp;&nbsp; po mszy&nbsp; \u015bw. procesja na dolny cmentarz, zako\u0144czenie procesji \u017ca\u0142obnej przy krzy\u017cu&nbsp; przy ko\u015bciele.<\/strong> W dniu odpustu w poniedzia\u0142ek Msze \u015awi\u0119te odpustowe o godz.7.00, 8.30, <strong>11.00 &#8211; Suma odpustowa pod przewodnictwem Ks. Biskupa Diecezjalnego Ryszarda Kasyny&nbsp; <\/strong>z udzia\u0142em Kapitu\u0142y Kolegiackiej Kartuskiej oraz W\u0142adz Miasta i Powiatu, 16.30&nbsp; i o godz.18.00. W tym dniu&nbsp; przypada te\u017c kolejna <strong>rocznica konsekracji naszej \u015awi\u0105tyni (1403<\/strong> <strong>r.). <\/strong>Zapraszamy do modlitwy dzi\u0119kczynnej za budowniczych naszego ko\u015bcio\u0142a poklasztornego, Ojc\u00f3w i Braci Kartuz\u00f3w oraz wszystkich, kt\u00f3rzy przez wieki i r\u00f3wnie\u017c dzisiaj troszcz\u0105 si\u0119 o nasz\u0105 \u015bwi\u0105tyni\u0119 i w niej si\u0119 modl\u0105 \u2013 ta prastara \u015bwi\u0105tynia \u0142\u0105czy wieki i pokolenia modlitwy i Bo\u017cej Chwa\u0142y. W tym dniu wspominamy <strong>Matk\u0119 Bo\u017c\u0105 R\u00f3\u017ca\u0144cow\u0105, <\/strong>dlatego zapraszamy&nbsp;&nbsp; wszystkie <strong>dzieci przygotowuj\u0105ce si\u0119 do I Komunii \u015bwi\u0119tej<\/strong> na Msz\u0119 \u015awi\u0119t\u0105 w poniedzia\u0142ek 7 X na godz.16.30 z po\u015bwi\u0119ceniem r\u00f3\u017ca\u0144c\u00f3w.&nbsp;<\/li>\n\n\n\n<li>W przysz\u0142\u0105 niedziel\u0119 <strong>Dzie\u0144 Fatimski<\/strong> \u2013 o godz.17.30 r\u00f3\u017caniec, a po Mszy \u015awi\u0119tej o godz.18.00 ostatnia w tym roku procesja Fatimska do Parku \u015bw. Jana Paw\u0142a II.<\/li>\n\n\n\n<li>Przez ca\u0142y pa\u017adziernik z Matk\u0105 Bo\u017c\u0105 trwamy na modlitwie r\u00f3\u017ca\u0144cowej. <strong>R\u00f3\u017caniec<\/strong> towarzyszy nam w chwilach rado\u015bci i do\u015bwiadczenia. Rozwa\u017caj\u0105c tajemnice z \u017cycia Jezusa i Maryi, w r\u00f3\u017ca\u0144cowe dziesi\u0105tki wplatamy wszystkie nasze sprawy osobiste, sprawy naszych rodzin, narodu, Ko\u015bcio\u0142a, ca\u0142ej ludzko\u015bci. W ten spos\u00f3b prosta modlitwa r\u00f3\u017ca\u0144cowa pulsuje naszym \u017cyciem. Jak\u017ce wielka jest dzi\u015b potrzeba modlitwy o pok\u00f3j na \u015bwiecie i w intencji zagro\u017conej rodziny! Spr\u00f3bujmy na nowo odkry\u0107 r\u00f3\u017caniec we wsp\u00f3lnocie parafialnej i w zaciszu domowego Ko\u015bcio\u0142a. Na nabo\u017ce\u0144stwo pa\u017adziernikowe Wszystkich Drogich Parafian serdecznie zapraszamy<\/li>\n\n\n\n<li>Dla <strong>doros\u0142ych <\/strong>codziennie&nbsp;&nbsp; przed Msz\u0105 \u015awi\u0119t\u0105 wieczorn\u0105&nbsp; na <strong>godz.17.30<\/strong>.<\/li>\n\n\n\n<li>Dla <strong>dzieci<\/strong> we wtorki i pi\u0105tki&nbsp; na <strong>godz<\/strong>.<strong>16.30.<\/strong><\/li>\n\n\n\n<li>&nbsp;Przy Krzy\u017cu w \u0141apalicach w dni powszednie na <strong>godz.17.00<\/strong>, w niedziele i \u015bwi\u0119ta na <strong>godz.14.00<\/strong><\/li>\n\n\n\n<li>W Kaplicy na Wzg\u00f3rzu<strong> <\/strong>od wtorku do pi\u0105tku<strong> o godz.10.00<\/strong><\/li>\n\n\n\n<li>&nbsp;Zapraszamy na <strong>R\u00f3\u017caniec B\u0142agalny<\/strong> o pok\u00f3j w Ukrainie codziennie od poniedzia\u0142ku do soboty o godz.7.30.<\/li>\n\n\n\n<li>Zapraszamy na <strong>adoracj\u0119 Pana Jezusa w&nbsp; Naj\u015bwi\u0119tszym Sakramencie<\/strong> w czwartek&nbsp; po Mszy \u015awi\u0119tej o godz.18.00, kt\u00f3ra trwa\u0107 b\u0119dzie do godz.19.30. W tym czasie r\u00f3wnie\u017c mo\u017cna skorzysta\u0107 z Sakramentu Mi\u0142osierdzia w spowiednicy.<\/li>\n\n\n\n<li>W przysz\u0142\u0105 niedziel\u0119 b\u0119dziemy w ca\u0142ym kraju obchodzili <strong>Dzie\u0144 Papieski<\/strong>. To wspania\u0142a okazja, aby zag\u0142\u0119bi\u0107 si\u0119 w nauczanie naszego Wielkiego Rodaka \u2013 \u015awi\u0119tego Jana Paw\u0142a II, dlatego w rozwa\u017cania r\u00f3\u017ca\u0144cowe podczas wieczornego nabo\u017ce\u0144stwa w tym dniu wpleciemy to, co on nam pozostawi\u0142 w swoich encyklikach, adhortacjach, listach i homiliach. Chcemy r\u00f3wnie\u017c do\u0142o\u017cy\u0107 swoj\u0105 cegie\u0142k\u0119 do budowy \u017cywego pomnika Jana Paw\u0142a II, chcemy materialnie wesprze\u0107 zdoln\u0105, lecz ubog\u0105 m\u0142odzie\u017c, pochodz\u0105c\u0105 ze wsi i ma\u0142ych miasteczek. M\u0142odzi przedstawiciele naszej Parafii b\u0119d\u0105 sta\u0107 przy drzwiach ko\u015bcio\u0142a ze specjalnymi skarbonkami. B\u00f3g zap\u0142a\u0107 za sk\u0142adane ofiary.<\/li>\n\n\n\n<li><strong>W czwartek, 17 pa\u017adziernika Ksi\u0105dz Biskup Arkadiusz Okroj w czasie Mszy \u015bwi\u0119tej o godz. 17:00 udzieli naszej m\u0142odzie\u017cy z klas I szk\u00f3\u0142 ponadpodstawowych sakramentu bierzmowania<\/strong>. W zwi\u0105zku z tym, od wtorku, 8 pa\u017adziernika, w \u0142\u0105czno\u015bci z modlitw\u0105 r\u00f3\u017ca\u0144cow\u0105 o godz. 17:30 rozpoczniemy 9-dniow\u0105 nowenn\u0119 do Ducha \u015awi\u0119tego. Kandydaci do sakramentu bierzmowania uczestnicz\u0105 w niej obowi\u0105zkowo. Do wsp\u00f3lnej modlitwy zapraszamy tak\u017ce rodzic\u00f3w, chrzestnych i ich rodziny oraz ca\u0142\u0105 nasz\u0105 wsp\u00f3lnot\u0119 parafialn\u0105.<\/li>\n\n\n\n<li>Spotkania omawiaj\u0105ce liturgi\u0119 Mszy \u015bwi\u0119tej z udzielaniem sakramentu bierzmowania w pi\u0105tek, 11 pa\u017adziernika i we wtorek, 15 pa\u017adziernika po Mszy \u015awi\u0119tej wieczornej w ko\u015bciele. W tych spotkaniach obowi\u0105zkowo uczestnicz\u0105 kandydaci, obecno\u015b\u0107 \u015bwiadk\u00f3w nie jest konieczna.<\/li>\n\n\n\n<li>W \u015brod\u0119 09.10.2024 zapraszamy na <strong>spotkanie m\u0142odzie\u017cy z klas 8 szko\u0142y podstawowej<\/strong>, kt\u00f3ra przygotowuje si\u0119 do bierzmowania. Spotkanie rozpocznie si\u0119 po Mszy \u015awi\u0119tej o godz. 18.30.&nbsp;<\/li>\n\n\n\n<li>Zapraszamy na <strong>spotkanie m\u0142odzie\u017cy<\/strong> w pi\u0105tek (11.10.2024) o godz. 18.30 do salek parafialnych.&nbsp;<\/li>\n\n\n\n<li>W najbli\u017csz\u0105 sobot\u0119 (12.10.2024) organizujemy parafialne <strong>wyj\u015bcie do Kina dla rodzic\u00f3w i dzieci<\/strong> na bajk\u0119 pt. <strong>Smok Diplodok<\/strong>. Seans rozpocznie si\u0119 o godz. 13.15 w naszym Kartuskim Centrum Kultury. Zbi\u00f3rka przed kinem o godz. 13.00. Zapisy w zakrystii po Mszy \u015awi\u0119tej. Serdecznie zapraszamy!&nbsp;<\/li>\n\n\n\n<li><strong>Dzieci przygotowuj\u0105ce si\u0119 do I Komunii \u015awi\u0119tej<\/strong> zapraszamy w przysz\u0142\u0105 niedziel\u0119 na Msz\u0119 \u015awi\u0119t\u0105 na godz.12.30 i po Mszy \u015aw. odb\u0119dzie si\u0119 spotkanie dla Dzieci i ich Rodzic\u00f3w.<\/li>\n\n\n\n<li><strong>Msze \u015awi\u0119te:<\/strong> z podzi\u0119kowaniem za otrzymane \u0142aski w czasie pielgrzymki AD\u015a do Gietrzwa\u0142du i \u015awi\u0119tej Lipki i z&nbsp; pro\u015bb\u0105 o dalsze Bo\u017ce b\u0142og. i opiek\u0119&nbsp; Matki Bo\u017cej dla wszystkich Uczestnik\u00f3w pielgrzymki i ich Rodzin&nbsp; w \u015brod\u0119 o godz.18.00,&nbsp;&nbsp;w intencji Ojca \u015bw., naszych Biskup\u00f3w, Kap\u0142an\u00f3w, Ojca Jonasza i o powo\u0142ania kap\u0142a\u0144skie, zakonne, misyjne, do \u017cycia konsekrowanego i do Franciszka\u0144skiego Zakonu \u015awieckich w sobot\u0119 o godz.8.00.<\/li>\n\n\n\n<li>Trwa w naszej parafii peregrynacja obrazu <strong>Matki Bo\u017cej Nieustaj\u0105cej Pomocy<\/strong> w naszych rodzinach.&nbsp; Zapraszamy do modlitwy za rodziny, kt\u00f3re&nbsp; obraz przyjmuj\u0105, a w \u015brod\u0119 na Nowenn\u0119 i Msz\u0119 \u015awi\u0119t\u0105 na godz. 18.00 przynosimy obrazy i w ko\u015bciele nast\u0119pne rodziny b\u0119d\u0105 przejmowa\u0142y obrazy MBNP. Szczeg\u00f3\u0142y peregrynacji na dodatkowych kartkach informacyjnych i na stronie naszej Parafii.<strong>&nbsp;<\/strong><\/li>\n\n\n\n<li><strong>Ksi\u0119\u017ce Proboszczu! Drodzy Parafianie! <\/strong>Bardzo si\u0119 ciesz\u0119, \u017ce w niedziel\u0119, 6 pa\u017adziernika, w Waszej parafii mo\u017ce zosta\u0107 przeprowadzona zbi\u00f3rka pieni\u0119dzy na budow\u0119 hospicjum w Kartuzach w ramach corocznej akcji DWA \u015aWIATY. Wolontariusze zbiera\u0107 b\u0119d\u0105 datki, kt\u00f3re wspomog\u0105 pacjent\u00f3w hospicyjnych z naszego regionu. Ju\u017c teraz dzi\u0119kuj\u0119 za Pa\u0144stwa otwarte serca i udzielone wsparcie. Jednocze\u015bnie zapraszam tak\u017ce do wzi\u0119cia udzia\u0142u w koncercie, kt\u00f3ry odb\u0119dzie si\u0119 <strong>6 pa\u017adziernika o godz. 19:00 w parafii \u015bw. Wojciecha w Kartuzach<\/strong>. Wyst\u0105pi&nbsp; grupa muzyczna <strong>Mocni w Duchu<\/strong>, kt\u00f3ra podczas koncertu wprawi nas w wyj\u0105tkowy nastr\u00f3j oraz zbli\u017cy do Boga. Raz jeszcze dzi\u0119kuj\u0119 za wsparcie na rzecz naszego hospicjum, a tak\u017ce licz\u0119 na Pa\u0144stwa obecno\u015b\u0107 w czasie koncertu. <strong>Zach\u0119cam tak\u017ce do skorzystania z pomocy, jak\u0105 oferuje ju\u017c dzi\u015b nasze hospicjum.<\/strong>&nbsp; Zach\u0119cam tak\u017ce do w\u0142\u0105czenia si\u0119 w dzia\u0142alno\u015b\u0107 hospicjum i tworzenia, budowanie naszego Domu Nadziei poprzez pos\u0142ug\u0119 jako wolontariusz (przy pacjentach, aby im towarzyszy\u0107, przy pracach w naszym Domu, w kwestowaniu pieni\u0119dzy). Wystarczy dobra wola, ch\u0119\u0107 niesienia pomocy bli\u017anim i zg\u0142oszenie si\u0119 do Koordynatora wolontariatu pod adresem email: <a href=\"mailto:wolontariat@caritas-kartuzy.pl\">wolontariat@caritas-kartuzy.pl<\/a> lub pod nrem telefonu: 693-870-700&nbsp;&nbsp; &#8211;&nbsp; <strong>Ks. Pra\u0142at Marek Trybowski. <\/strong>B\u00f3g zap\u0142a\u0107&nbsp; za ofiary sk\u0142adane dzisiaj do puszek przed ko\u015bcio\u0142em na ten cel.<\/li>\n\n\n\n<li>W przysz\u0142\u0105 niedziel\u0119 kolekta na nasze parafialne inwestycje.<\/li>\n\n\n\n<li>Zach\u0119camy do nabycia nowego nru <strong>&nbsp;\u201eGo\u015bcia Niedzielnego\u201d, \u201ePielgrzyma\u201d <\/strong>i innych czasopism.<strong> &nbsp;<\/strong><\/li>\n\n\n\n<li>W pi\u0105tek po Mszy \u015bwi\u0119tej o godz.18.00 spotkanie naszego<strong> Parafialnego Zespo\u0142u Caritas.<\/strong><\/li>\n\n\n\n<li>W minionym tygodniu odeszli po nagrod\u0119 do Pana \u015bp. <strong>Irena Stolc &nbsp;<\/strong>z Os. XX Lecia, \u015bp. <strong>Gertruda Mierska<\/strong> z R\u0119boszewa i \u015bp. <strong>Inga Plenikowska<\/strong> z Nowego Osiedla, a pogrzeb \u015bp. <strong>Gerarda Szmidt<\/strong> z ul. Chmiele\u0144skiej w poniedzia\u0142ek o godz.14.00 w kolegiacie, eksporta z Domu Pogrzebowego przy ul. Dworcowej &nbsp;&nbsp;\u2013 bliskim sk\u0142adamy serdeczne wyrazy wsp\u00f3\u0142czucia, a wszystkich naszych Zmar\u0142ych polecamy Mi\u0142osierdziu Bo\u017cemu &#8211; <strong>Dobry Jezu\u2026<\/strong>&nbsp; <\/li>\n<\/ol>\n\n\n\n<p class=\"has-text-align-justify\"><strong>W TYM TYGODNIU PATRONUJE NAM:<br><\/strong>W pi\u0105tek, 11 pa\u017adziernika \u2013 \u015bw<strong>. Jan XXIII<\/strong>, \u201ePapie\u017c Dobroci\u201d lub po prostu \u201eDobry Papie\u017c Jan\u201d, kt\u00f3ry zwo\u0142a\u0142 Sob\u00f3r Watyka\u0144ski Drugi, patron nuncjuszy apostolskich.<\/p>\n\n\n\n<p class=\"has-text-align-justify\"><strong>Naszym Drogim Parafianom i mi\u0142ym Go\u015bciom<\/strong> \u017cyczymy mi\u0142ej, z Bogiem prze\u017cytej niedzieli i&nbsp; polecamy Matce Bo\u017cej, Pani Naszej \u2013 Matce i Kr\u00f3lowej z Kartuskiego Raju oraz \u015bw. Brunonowi, a solenizantom i jubilatom \u015bwi\u0119tuj\u0105cym w tym tygodniu \u017cyczymy zdrowia, Bo\u017cego b\u0142ogos\u0142awie\u0144stwa i pokoju w sercu.&nbsp; <strong>&nbsp;<\/strong><\/p>\n\n\n\n<p class=\"has-text-align-right\"><strong>&nbsp;&nbsp;&nbsp;&nbsp;&nbsp;&nbsp;&nbsp;&nbsp;&nbsp;&nbsp;&nbsp;&nbsp;&nbsp;&nbsp;&nbsp;&nbsp;&nbsp;&nbsp;&nbsp;&nbsp;&nbsp;&nbsp;&nbsp;&nbsp;&nbsp;&nbsp;&nbsp;&nbsp;&nbsp;&nbsp;&nbsp;&nbsp;&nbsp;&nbsp;&nbsp;&nbsp;&nbsp;&nbsp;&nbsp;&nbsp;&nbsp;&nbsp;&nbsp;&nbsp;&nbsp;&nbsp;&nbsp;&nbsp;&nbsp;&nbsp;&nbsp;&nbsp;&nbsp;&nbsp;&nbsp;&nbsp;&nbsp;&nbsp;&nbsp;&nbsp;&nbsp;&nbsp;&nbsp;&nbsp;&nbsp;&nbsp;&nbsp;&nbsp;&nbsp;&nbsp;&nbsp;&nbsp;&nbsp;&nbsp;&nbsp;&nbsp;&nbsp;&nbsp;&nbsp;&nbsp;&nbsp;&nbsp;&nbsp;&nbsp;&nbsp;&nbsp;&nbsp;&nbsp;&nbsp;&nbsp;&nbsp;&nbsp;&nbsp;&nbsp;&nbsp;&nbsp;&nbsp;&nbsp;&nbsp;&nbsp;&nbsp;&nbsp;&nbsp;&nbsp; <\/strong>&nbsp;&nbsp;&nbsp;&nbsp;&nbsp;&nbsp;&nbsp;&nbsp;&nbsp;&nbsp;&nbsp;&nbsp;&nbsp;&nbsp;&nbsp;&nbsp;&nbsp;&nbsp;&nbsp;&nbsp;&nbsp;Wasi Duszpasterze&nbsp;&nbsp;&nbsp;&nbsp;<\/p>\n","protected":false},"excerpt":{"rendered":"<p>XXVII Niedziela Zwyk\u0142a Rdz 2,18-24 Stworzenie niewiastyHbr 2,9-11 Chrystus, kt\u00f3ry u\u015bwi\u0119ca, jak i ludzie, kt\u00f3rzy maj\u0105 by\u0107 u\u015bwi\u0119ceni, z Jednego [&hellip;]<\/p>\n","protected":false},"author":4,"featured_media":0,"comment_status":"closed","ping_status":"","sticky":false,"template":"","format":"standard","meta":{"site-sidebar-layout":"default","site-content-layout":"","ast-site-content-layout":"default","site-content-style":"default","site-sidebar-style":"default","ast-global-header-display":"","ast-banner-title-visibility":"","ast-main-header-display":"","ast-hfb-above-header-display":"","ast-hfb-below-header-display":"","ast-hfb-mobile-header-display":"","site-post-title":"","ast-breadcrumbs-content":"","ast-featured-img":"","footer-sml-layout":"","theme-transparent-header-meta":"","adv-header-id-meta":"","stick-header-meta":"","header-above-stick-meta":"","header-main-stick-meta":"","header-below-stick-meta":"","astra-migrate-meta-layouts":"set","ast-page-background-enabled":"default","ast-page-background-meta":{"desktop":{"background-color":"var(--ast-global-color-4)","background-image":"","background-repeat":"repeat","background-position":"center center","background-size":"auto","background-attachment":"scroll","background-type":"","background-media":"","overlay-type":"","overlay-color":"","overlay-opacity":"","overlay-gradient":""},"tablet":{"background-color":"","background-image":"","background-repeat":"repeat","background-position":"center center","background-size":"auto","background-attachment":"scroll","background-type":"","background-media":"","overlay-type":"","overlay-color":"","overlay-opacity":"","overlay-gradient":""},"mobile":{"background-color":"","background-image":"","background-repeat":"repeat","background-position":"center center","background-size":"auto","background-attachment":"scroll","background-type":"","background-media":"","overlay-type":"","overlay-color":"","overlay-opacity":"","overlay-gradient":""}},"ast-content-background-meta":{"desktop":{"background-color":"var(--ast-global-color-5)","background-image":"","background-repeat":"repeat","background-position":"center center","background-size":"auto","background-attachment":"scroll","background-type":"","background-media":"","overlay-type":"","overlay-color":"","overlay-opacity":"","overlay-gradient":""},"tablet":{"background-color":"var(--ast-global-color-5)","background-image":"","background-repeat":"repeat","background-position":"center center","background-size":"auto","background-attachment":"scroll","background-type":"","background-media":"","overlay-type":"","overlay-color":"","overlay-opacity":"","overlay-gradient":""},"mobile":{"background-color":"var(--ast-global-color-5)","background-image":"","background-repeat":"repeat","background-position":"center center","background-size":"auto","background-attachment":"scroll","background-type":"","background-media":"","overlay-type":"","overlay-color":"","overlay-opacity":"","overlay-gradient":""}},"advanced_seo_description":"","jetpack_seo_html_title":"","jetpack_seo_noindex":false,"_jetpack_memberships_contains_paid_content":false,"footnotes":""},"categories":[4],"tags":[],"class_list":["post-1452","post","type-post","status-publish","format-standard","hentry","category-ogloszenia"],"jetpack_featured_media_url":"","jetpack-related-posts":[],"jetpack_sharing_enabled":true,"_links":{"self":[{"href":"https:\/\/kolegiatakartuzy.pl\/wp-test\/index.php?rest_route=\/wp\/v2\/posts\/1452","targetHints":{"allow":["GET"]}}],"collection":[{"href":"https:\/\/kolegiatakartuzy.pl\/wp-test\/index.php?rest_route=\/wp\/v2\/posts"}],"about":[{"href":"https:\/\/kolegiatakartuzy.pl\/wp-test\/index.php?rest_route=\/wp\/v2\/types\/post"}],"author":[{"embeddable":true,"href":"https:\/\/kolegiatakartuzy.pl\/wp-test\/index.php?rest_route=\/wp\/v2\/users\/4"}],"replies":[{"embeddable":true,"href":"https:\/\/kolegiatakartuzy.pl\/wp-test\/index.php?rest_route=%2Fwp%2Fv2%2Fcomments&post=1452"}],"version-history":[{"count":2,"href":"https:\/\/kolegiatakartuzy.pl\/wp-test\/index.php?rest_route=\/wp\/v2\/posts\/1452\/revisions"}],"predecessor-version":[{"id":1454,"href":"https:\/\/kolegiatakartuzy.pl\/wp-test\/index.php?rest_route=\/wp\/v2\/posts\/1452\/revisions\/1454"}],"wp:attachment":[{"href":"https:\/\/kolegiatakartuzy.pl\/wp-test\/index.php?rest_route=%2Fwp%2Fv2%2Fmedia&parent=1452"}],"wp:term":[{"taxonomy":"category","embeddable":true,"href":"https:\/\/kolegiatakartuzy.pl\/wp-test\/index.php?rest_route=%2Fwp%2Fv2%2Fcategories&post=1452"},{"taxonomy":"post_tag","embeddable":true,"href":"https:\/\/kolegiatakartuzy.pl\/wp-test\/index.php?rest_route=%2Fwp%2Fv2%2Ftags&post=1452"}],"curies":[{"name":"wp","href":"https:\/\/api.w.org\/{rel}","templated":true}]}}