{"id":1455,"date":"2024-10-12T21:48:04","date_gmt":"2024-10-12T19:48:04","guid":{"rendered":"https:\/\/kolegiatakartuzy.pl\/wp-test\/?p=1455"},"modified":"2024-10-12T21:48:04","modified_gmt":"2024-10-12T19:48:04","slug":"ogloszenia-duszpasterskie-na-dzien-13-10-2024-r","status":"publish","type":"post","link":"https:\/\/kolegiatakartuzy.pl\/wp-test\/?p=1455","title":{"rendered":"Og\u0142oszenia duszpasterskie na dzie\u0144 13.10.2024 r."},"content":{"rendered":"\n<h2 class=\"wp-block-heading has-text-align-center\">XXVIII Niedziela Zwyk\u0142a<\/h2>\n\n\n\n<p><strong>Mdr 7,7-11<\/strong> <em>M\u0105dro\u015b\u0107 to skarb najcenniejszy<br><\/em><strong>Hbr 4,12-13<\/strong> <em>Skuteczno\u015b\u0107 s\u0142owa Bo\u017cego<br><\/em><strong>Mk 10,17-30<\/strong> <em>Rada dobrowolnego ub\u00f3stwa<\/em><\/p>\n\n\n\n<p class=\"has-text-align-justify\">Nie ma na ziemi cz\u0142owieka, kt\u00f3ry nie chcia\u0142by posiada\u0107 skarbu. M\u00f3wi\u0105c o skarbie, my\u015bl w\u0119druje natychmiast ku szlachetnym kruszcom i cennym rzeczom. Ksi\u0119ga M\u0105dro\u015bci ukazuje jednak odmienn\u0105 postaw\u0119 w tej kwestii. Salomon wychwala Boga za najcenniejszy dar, o&nbsp;kt\u00f3ry prosi\u0142 i kt\u00f3ry otrzyma\u0142. Jest nim skarb m\u0105dro\u015bci. Komu dano poznanie m\u0105dro\u015bci, ten na tym \u015bwiecie posiada zdolno\u015b\u0107 wnikania sercem oraz rozumem w tajemnice i zamys\u0142y Bo\u017ce. Dlatego Salomon oznajmia, \u017ce:&nbsp; \u201ewszystko z\u0142oto wobec niej jest gar\u015bci\u0105 piasku, a&nbsp;srebro przy niej b\u0119dzie poczytane za b\u0142oto\u201d. M\u0142odzieniec z Ewangelii by\u0142 osob\u0105 bogat\u0105 w&nbsp;dobra doczesne, lecz ubog\u0105 w m\u0105dro\u015b\u0107 serca. Wolno\u015b\u0107 od doczesnych d\u00f3br jest dla Jezusa warunkiem prawdziwego i niezniszczalnego skarbu duszy w wieczno\u015bci.<\/p>\n\n\n\n<ol class=\"wp-block-list\">\n<li>Dzisiaj \u00a0\u00a0obchodzimy w ca\u0142ym kraju <strong>Dzie\u0144 Papieski<\/strong>. To wspania\u0142a okazja, aby zag\u0142\u0119bi\u0107 si\u0119 w dzie\u0142o \u017cycia naszego Wielkiego Rodaka \u2013 \u015awi\u0119tego Jana Paw\u0142a II. Jednocze\u015bnie pragniemy do\u0142o\u017cy\u0107 swoj\u0105 cegie\u0142k\u0119 do budowy \u017cywego pomnika Jana Paw\u0142a II, chcemy materialnie wesprze\u0107 zdoln\u0105, lecz ubog\u0105 m\u0142odzie\u017c, pochodz\u0105c\u0105 ze wsi i ma\u0142ych miasteczek. M\u0142odzi przedstawiciele naszej parafii czekaj\u0105 przy drzwiach ko\u015bcio\u0142a ze specjalnymi skarbonkami. B\u00f3g zap\u0142a\u0107 za sk\u0142adane ofiary.<\/li>\n\n\n\n<li>\u00a0Dzisiaj r\u00f3wnie\u017c, z racji trzynastego dnia miesi\u0105ca, chcemy uczci\u0107 <strong>Pani\u0105 Fatimsk\u0105<\/strong>, T\u0119, kt\u00f3rej nasz Wielki Rodak zawdzi\u0119cza ocalenie w zamachu z 1981 roku. \u00a0Zapraszamy na r\u00f3\u017caniec na 17.30 i po Mszy \u015awi\u0119tej o godz.18.00 procesja Fatimska do Parku \u015bw. Jana Paw\u0142a II.<\/li>\n\n\n\n<li>W czwartek, 17 pa\u017adziernika <strong>Ksi\u0105dz Biskup Arkadiusz Okroj<\/strong> w czasie Mszy \u015bwi\u0119tej o godz. 17:00 udzieli naszej m\u0142odzie\u017cy z klas I szk\u00f3\u0142 ponadpodstawowych <strong>sakramentu bierzmowania<\/strong>. W zwi\u0105zku z tym, w \u0142\u0105czno\u015bci z modlitw\u0105 r\u00f3\u017ca\u0144cow\u0105 o godz. 17:30 trwamy ju\u017c od wtorku na \u00a09-dniowej nowennie do Ducha \u015awi\u0119tego. Kandydaci do sakramentu bierzmowania uczestnicz\u0105 w niej obowi\u0105zkowo. Do wsp\u00f3lnej modlitwy zapraszamy tak\u017ce rodzic\u00f3w, chrzestnych i ich rodziny oraz ca\u0142\u0105 nasz\u0105 wsp\u00f3lnot\u0119 parafialn\u0105.\u00a0<\/li>\n\n\n\n<li>Spowied\u017a \u015bwi\u0119ta dla m\u0142odzie\u017cy maj\u0105cej przyj\u0105\u0107 sakrament bierzmowania, \u015bwiadk\u00f3w i ich bliskich w \u015brod\u0119 od godz.17.00.<\/li>\n\n\n\n<li>W jutrzejszy poniedzia\u0142ek, 14 pa\u017adziernika, przypada <strong>Dzie\u0144 Edukacji Narodowej<\/strong>. W naszych modlitwach nie zapominajmy o tych, kt\u00f3rzy trudz\u0105 si\u0119 nad kszta\u0142towaniem wiedzy i postaw m\u0142odego pokolenia w naszym kraju. W ich intencji b\u0119dziemy si\u0119 modli\u0107 szczeg\u00f3lnie na nabo\u017ce\u0144stwie r\u00f3\u017ca\u0144cowym i na wieczornej Eucharystii, na kt\u00f3re, jak i na spotkanie w salce parafialnej pragniemy zaprosi\u0107 wszystkich nauczycieli, wychowawc\u00f3w i katechet\u00f3w z naszej wsp\u00f3lnoty parafialnej, nie tylko pracuj\u0105cych w szko\u0142ach i przedszkolach na terenie parafii.<\/li>\n\n\n\n<li>W\u00a0 \u015brod\u0119, 16 pa\u017adziernika, przypada <strong>\u00a0\u00a0rocznica wyboru kard. Karola Wojty\u0142y<\/strong> \u2013 Jana Paw\u0142a II na Stolic\u0119 Piotrow\u0105. Decyzj\u0105 polskiego Parlamentu dzie\u0144 16 pa\u017adziernika jest w naszym kalendarzu <strong>Dniem Papie\u017ca Jana Paw\u0142a II<\/strong>. W ten spos\u00f3b nar\u00f3d polski sk\u0142ada uznanie \u201enajwi\u0119kszemu autorytetowi XX wieku, cz\u0142owiekowi, kt\u00f3ry si\u0119gaj\u0105c do \u017ar\u00f3de\u0142 chrze\u015bcija\u0144stwa, uczy\u0142 nas solidarno\u015bci, odwagi i pokory, stanowczo\u015bci i\u00a0wyrozumia\u0142o\u015bci, m\u0105dro\u015bci\u2026\u201d. \u00a0<\/li>\n\n\n\n<li>Natomiast w pi\u0105tek, 18 pa\u017adziernika, w liturgiczne \u015bwi\u0119to \u015awi\u0119tego <strong>\u0141ukasza Ewangelisty<\/strong>, na wieczorn\u0105 Msz\u0119 \u015awi\u0119t\u0105 i spotkanie w sali parafialnej zapraszamy mieszkaj\u0105cych na terenie naszej parafii lekarzy i piel\u0119gniarki z okazji przypadaj\u0105cego w tym dniu ich patronalnego \u015bwi\u0119ta.<\/li>\n\n\n\n<li>Przez ca\u0142y pa\u017adziernik z Matk\u0105 Bo\u017c\u0105 trwamy na modlitwie r\u00f3\u017ca\u0144cowej. <strong>R\u00f3\u017caniec<\/strong> towarzyszy nam w chwilach rado\u015bci i do\u015bwiadczenia. Rozwa\u017caj\u0105c tajemnice z \u017cycia Jezusa i Maryi, w r\u00f3\u017ca\u0144cowe dziesi\u0105tki wplatamy wszystkie nasze sprawy osobiste, sprawy naszych rodzin, narodu, Ko\u015bcio\u0142a, ca\u0142ej ludzko\u015bci. W ten spos\u00f3b prosta modlitwa r\u00f3\u017ca\u0144cowa pulsuje naszym \u017cyciem. Jak\u017ce wielka jest dzi\u015b potrzeba modlitwy o pok\u00f3j na \u015bwiecie i w intencji zagro\u017conej rodziny! Spr\u00f3bujmy na nowo odkry\u0107 r\u00f3\u017caniec we wsp\u00f3lnocie parafialnej i w zaciszu domowego Ko\u015bcio\u0142a. Na nabo\u017ce\u0144stwo pa\u017adziernikowe Wszystkich Drogich Parafian serdecznie zapraszamy<\/li>\n\n\n\n<li>Dla <strong>doros\u0142ych <\/strong>codziennie przed Msz\u0105 \u015awi\u0119t\u0105 wieczorn\u0105\u00a0 na <strong>godz.17.30<\/strong>, w czwartek wyj\u0105tkowo o godz. 7.30.<\/li>\n\n\n\n<li>Dla <strong>dzieci<\/strong> we wtorki i pi\u0105tki\u00a0 na <strong>godz<\/strong>.<strong>16.30.<\/strong><\/li>\n\n\n\n<li>\u00a0Przy Krzy\u017cu w \u0141apalicach w dni powszednie na <strong>godz.17.00<\/strong>, w niedziele i \u015bwi\u0119ta na <strong>godz.14.00<\/strong><\/li>\n\n\n\n<li>W Kaplicy na Wzg\u00f3rzu<strong> <\/strong>od poniedzia\u0142ku do pi\u0105tku<strong> o godz.10.00<\/strong><\/li>\n\n\n\n<li>\u00a0Zapraszamy na <strong>R\u00f3\u017caniec B\u0142agalny<\/strong> o pok\u00f3j w Ukrainie, Izraelu na Bliskim Wschodzie codziennie od poniedzia\u0142ku do soboty o godz.7.30.<\/li>\n\n\n\n<li>Zapraszamy na <strong>adoracj\u0119 Pana Jezusa w\u00a0 Naj\u015bwi\u0119tszym Sakramencie<\/strong> w czwartek\u00a0 po Mszy \u015awi\u0119tej z udzieleniem Sakramentu Bierzmowania o godz.17.00, kt\u00f3ra trwa\u0107 b\u0119dzie do godz.19.30. W tym czasie r\u00f3wnie\u017c mo\u017cna skorzysta\u0107 z Sakramentu Mi\u0142osierdzia w spowiednicy. Na adoracj\u0119 zapraszamy nasz\u0105\u00a0 m\u0142odzie\u017c, kt\u00f3ra spotyka si\u0119 co tydzie\u0144,\u00a0 wyj\u0105tkowo w czwartek b\u0119dziemy trwali na wsp\u00f3lnej adoracji do godz.19.00, a p\u00f3\u017aniej b\u0119dzie adoracja w ciszy.\u00a0<\/li>\n\n\n\n<li>Zapraszamy na pr\u00f3b\u0119 naszej scholi parafialnej w sobot\u0119 (19.10) na godz. 11.00 do salki katechetycznej.\u00a0<\/li>\n\n\n\n<li>W pi\u0105tek po Mszy \u015awi\u0119tej o godz.18.00 zapraszamy na spotkanie wszystkich cz\u0142onk\u00f3w\u00a0<strong>Wsp\u00f3lnoty Sychar<\/strong>\u00a0i wszystkich, kt\u00f3rzy prze\u017cywaj\u0105 kryzysy i trudno\u015bci ma\u0142\u017ce\u0144skie i rodzinne.<\/li>\n\n\n\n<li>Zach\u0119camy do nabycia nowego nru \u201d<strong>Pielgrzyma\u201d, <\/strong><strong>\u00a0\u201eGo\u015bcia Niedzielnego\u201d <\/strong>i innych czasopism.<\/li>\n\n\n\n<li>\u00a0<strong>Msze \u015awi\u0119te:<\/strong> za++ z Rodzin Kr\u0119gu Matki Bo\u017cej Trzykro\u0107 Przedziwnej\u00a0 Pielgrzymuj\u0105cej na Os. XX Lecia i Nowym Osiedlu w \u015brod\u0119 o godz. 8.00, w intencji Cz\u0142onk\u00f3w Wsp\u00f3lnoty Sychar w pi\u0105tek o godz.18.00., w intencji Cz\u0142onk\u00f3w AD\u015a w sobot\u0119 o godz.8.00.\u00a0 \u00a0<\/li>\n\n\n\n<li>W przysz\u0142\u0105 niedziel\u0119 \u2013 <strong>Niedziela Misyjna<\/strong> \u2013 kolekta na rzecz Misji.<\/li>\n\n\n\n<li>W minionym tygodniu odeszli po nagrod\u0119 do Pana \u015bp. <strong>Franciszek Go\u0142\u0105bek<\/strong> z ul. Boh. Westerplatte i \u00a0\u015bp. <strong>Izabela Baranowska <\/strong>z ul. Sambora, a pogrzeb \u015bp. <strong>El\u017cbiety Lewa\u0144czyk <\/strong>z Kie\u0142pina\u00a0w poniedzia\u0142ek o godz.10.00 w Kie\u0142pinie, poch\u00f3wek na cmentarzu g\u00f3rnym w Kartuzach \u2013 bliskim sk\u0142adamy serdeczne wyrazy wsp\u00f3\u0142czucia, a wszystkich naszych Zmar\u0142ych polecamy Mi\u0142osierdziu Bo\u017cemu &#8211; <strong>Dobry Jezu\u2026<\/strong><\/li>\n<\/ol>\n\n\n\n<p><strong>W TYM TYGODNIU PATRONUJ\u0104 NAM:<\/strong><\/p>\n\n\n\n<ul class=\"wp-block-list\">\n<li>Dzisiaj, w niedziel\u0119, 13 pa\u017adziernika \u2013 b\u0142. <strong>Honorat Ko\u017ami\u0144ski<\/strong>, kap\u0142an i zakonnik, za\u0142o\u017cyciel zgromadze\u0144 \u201ebezhabitowych\u201d i \u201em\u0119czennik konfesjona\u0142u\u201d].<\/li>\n\n\n\n<li>We wtorek, 15 pa\u017adziernika \u2013 \u015bw. <strong>Teresa od Jezusa<\/strong>, wielka mistyczka karmelita\u0144ska, reformatorka karmelita\u0144skiej rodziny zakonnej, og\u0142oszona przez \u015bw. Paw\u0142a VI doktorem Ko\u015bcio\u0142a i nazwana przez niego \u201edoktorem mistycznym\u201d.<\/li>\n\n\n\n<li>W \u015brod\u0119, 16 pa\u017adziernika \u2013 \u015bw. <strong>Jadwiga \u015al\u0105ska<\/strong>, kt\u00f3ra zas\u0142yn\u0119\u0142a z wielkiej dobroci, mi\u0142o\u015bci i\u00a0mi\u0142osierdzia wobec poddanych oraz potrafi\u0142a poskromi\u0107 surowo\u015b\u0107 swojego m\u0119\u017ca, ksi\u0119cia Henryka Brodatego.<\/li>\n\n\n\n<li>W czwartek, 17 pa\u017adziernika \u2013 \u015bw. <strong>Ignacy Antioche\u0144ski<\/strong>, kt\u00f3ry w kilku swoich listach wy\u0142o\u017cy\u0142 nauk\u0119 o Chrystusie, Ko\u015bciele i \u017cyciu chrze\u015bcija\u0144skim.<\/li>\n\n\n\n<li>W pi\u0105tek, 18 pa\u017adziernika \u2013 \u015bw. <strong>\u0141ukasz, Ewangelista<\/strong>, ucze\u0144 i towarzysz \u015bw. Paw\u0142a Aposto\u0142a, autor Ewangelii i Dziej\u00f3w Apostolskich, w kt\u00f3rych opisa\u0142 \u017cycie pierwotnego Ko\u015bcio\u0142a.<\/li>\n\n\n\n<li>W sobot\u0119, 19 pa\u017adziernika \u2013 b\u0142. <strong>Jerzy Popie\u0142uszko<\/strong>, kap\u0142an i m\u0119czennik, kt\u00f3ry w swoim \u017cyciu stara\u0142 si\u0119 nieustannie realizowa\u0107 my\u015bl z listu do Rzymian: \u201eNie daj si\u0119 zwyci\u0119\u017cy\u0107 z\u0142u, ale z\u0142o dobrem zwyci\u0119\u017caj!\u201d.<\/li>\n<\/ul>\n\n\n\n<p class=\"has-text-align-justify\">\u015awi\u0119ty Jan Pawe\u0142 II i b\u0142. Ksi\u0105dz Jerzy &nbsp;ucz\u0105 nas mi\u0142o\u015bci do Pana Boga, naszej ojczyzny i do ka\u017cdego cz\u0142owieka. Pokazali nam, \u017ce ka\u017cde ludzkie \u017cycie jest wa\u017cne. Uczyli, \u017ce musimy od siebie wymaga\u0107 nawet wtedy, gdy inni od nas nie wymagaj\u0105, a z\u0142o dobrem zwyci\u0119\u017cali.<\/p>\n\n\n\n<p class=\"has-text-align-justify\"><strong>Naszym Drogim Parafianom i mi\u0142ym Go\u015bciom<\/strong> \u017cyczymy mi\u0142ej, z Bogiem prze\u017cytej niedzieli i&nbsp; polecamy szczeg\u00f3lnie nasz\u0105 m\u0142odzie\u017c, kt\u00f3ra ma przyj\u0105\u0107 Sakrament Bierzmowania Matce Bo\u017cej, Pani Naszej \u2013 Matce i Kr\u00f3lowej z Kartuskiego Raju, a solenizantom i jubilatom \u015bwi\u0119tuj\u0105cym w tym tygodniu \u017cyczymy zdrowia, Bo\u017cego b\u0142ogos\u0142awie\u0144stwa i pokoju w sercu.&nbsp; <strong>&nbsp;<\/strong><\/p>\n\n\n\n<p class=\"has-text-align-right\"><strong>&nbsp;&nbsp;&nbsp;&nbsp;&nbsp;&nbsp;&nbsp;&nbsp;&nbsp;&nbsp;&nbsp;&nbsp;&nbsp;&nbsp;&nbsp;&nbsp;&nbsp;&nbsp;&nbsp;&nbsp;&nbsp;&nbsp;&nbsp;&nbsp;&nbsp;&nbsp;&nbsp;&nbsp;&nbsp;&nbsp;&nbsp;&nbsp;&nbsp;&nbsp;&nbsp;&nbsp;&nbsp;&nbsp;&nbsp;&nbsp;&nbsp;&nbsp;&nbsp;&nbsp;&nbsp;&nbsp;&nbsp;&nbsp;&nbsp;&nbsp;&nbsp;&nbsp;&nbsp;&nbsp;&nbsp;&nbsp;&nbsp;&nbsp;&nbsp;&nbsp;&nbsp;&nbsp;&nbsp;&nbsp;&nbsp;&nbsp;&nbsp;&nbsp;&nbsp;&nbsp;&nbsp;&nbsp;&nbsp;&nbsp;&nbsp;&nbsp;&nbsp;&nbsp;&nbsp;&nbsp;&nbsp;&nbsp;&nbsp;&nbsp;&nbsp;&nbsp;&nbsp;&nbsp;&nbsp;&nbsp;&nbsp;&nbsp;&nbsp;&nbsp;&nbsp;&nbsp;&nbsp;&nbsp;&nbsp;&nbsp;&nbsp;&nbsp; <\/strong>&nbsp;&nbsp;&nbsp;&nbsp;&nbsp;&nbsp;&nbsp;&nbsp;&nbsp;&nbsp;&nbsp;&nbsp;&nbsp;&nbsp;&nbsp;&nbsp;&nbsp;&nbsp;&nbsp;&nbsp;&nbsp;Wasi Duszpasterze&nbsp;&nbsp;&nbsp;<\/p>\n","protected":false},"excerpt":{"rendered":"<p>XXVIII Niedziela Zwyk\u0142a Mdr 7,7-11 M\u0105dro\u015b\u0107 to skarb najcenniejszyHbr 4,12-13 Skuteczno\u015b\u0107 s\u0142owa Bo\u017cegoMk 10,17-30 Rada dobrowolnego ub\u00f3stwa Nie ma na [&hellip;]<\/p>\n","protected":false},"author":4,"featured_media":0,"comment_status":"closed","ping_status":"","sticky":false,"template":"","format":"standard","meta":{"site-sidebar-layout":"default","site-content-layout":"","ast-site-content-layout":"default","site-content-style":"default","site-sidebar-style":"default","ast-global-header-display":"","ast-banner-title-visibility":"","ast-main-header-display":"","ast-hfb-above-header-display":"","ast-hfb-below-header-display":"","ast-hfb-mobile-header-display":"","site-post-title":"","ast-breadcrumbs-content":"","ast-featured-img":"","footer-sml-layout":"","theme-transparent-header-meta":"","adv-header-id-meta":"","stick-header-meta":"","header-above-stick-meta":"","header-main-stick-meta":"","header-below-stick-meta":"","astra-migrate-meta-layouts":"set","ast-page-background-enabled":"default","ast-page-background-meta":{"desktop":{"background-color":"var(--ast-global-color-4)","background-image":"","background-repeat":"repeat","background-position":"center center","background-size":"auto","background-attachment":"scroll","background-type":"","background-media":"","overlay-type":"","overlay-color":"","overlay-opacity":"","overlay-gradient":""},"tablet":{"background-color":"","background-image":"","background-repeat":"repeat","background-position":"center center","background-size":"auto","background-attachment":"scroll","background-type":"","background-media":"","overlay-type":"","overlay-color":"","overlay-opacity":"","overlay-gradient":""},"mobile":{"background-color":"","background-image":"","background-repeat":"repeat","background-position":"center center","background-size":"auto","background-attachment":"scroll","background-type":"","background-media":"","overlay-type":"","overlay-color":"","overlay-opacity":"","overlay-gradient":""}},"ast-content-background-meta":{"desktop":{"background-color":"var(--ast-global-color-5)","background-image":"","background-repeat":"repeat","background-position":"center center","background-size":"auto","background-attachment":"scroll","background-type":"","background-media":"","overlay-type":"","overlay-color":"","overlay-opacity":"","overlay-gradient":""},"tablet":{"background-color":"var(--ast-global-color-5)","background-image":"","background-repeat":"repeat","background-position":"center center","background-size":"auto","background-attachment":"scroll","background-type":"","background-media":"","overlay-type":"","overlay-color":"","overlay-opacity":"","overlay-gradient":""},"mobile":{"background-color":"var(--ast-global-color-5)","background-image":"","background-repeat":"repeat","background-position":"center center","background-size":"auto","background-attachment":"scroll","background-type":"","background-media":"","overlay-type":"","overlay-color":"","overlay-opacity":"","overlay-gradient":""}},"advanced_seo_description":"","jetpack_seo_html_title":"","jetpack_seo_noindex":false,"_jetpack_memberships_contains_paid_content":false,"footnotes":""},"categories":[4],"tags":[],"class_list":["post-1455","post","type-post","status-publish","format-standard","hentry","category-ogloszenia"],"jetpack_featured_media_url":"","jetpack-related-posts":[],"jetpack_sharing_enabled":true,"_links":{"self":[{"href":"https:\/\/kolegiatakartuzy.pl\/wp-test\/index.php?rest_route=\/wp\/v2\/posts\/1455","targetHints":{"allow":["GET"]}}],"collection":[{"href":"https:\/\/kolegiatakartuzy.pl\/wp-test\/index.php?rest_route=\/wp\/v2\/posts"}],"about":[{"href":"https:\/\/kolegiatakartuzy.pl\/wp-test\/index.php?rest_route=\/wp\/v2\/types\/post"}],"author":[{"embeddable":true,"href":"https:\/\/kolegiatakartuzy.pl\/wp-test\/index.php?rest_route=\/wp\/v2\/users\/4"}],"replies":[{"embeddable":true,"href":"https:\/\/kolegiatakartuzy.pl\/wp-test\/index.php?rest_route=%2Fwp%2Fv2%2Fcomments&post=1455"}],"version-history":[{"count":1,"href":"https:\/\/kolegiatakartuzy.pl\/wp-test\/index.php?rest_route=\/wp\/v2\/posts\/1455\/revisions"}],"predecessor-version":[{"id":1456,"href":"https:\/\/kolegiatakartuzy.pl\/wp-test\/index.php?rest_route=\/wp\/v2\/posts\/1455\/revisions\/1456"}],"wp:attachment":[{"href":"https:\/\/kolegiatakartuzy.pl\/wp-test\/index.php?rest_route=%2Fwp%2Fv2%2Fmedia&parent=1455"}],"wp:term":[{"taxonomy":"category","embeddable":true,"href":"https:\/\/kolegiatakartuzy.pl\/wp-test\/index.php?rest_route=%2Fwp%2Fv2%2Fcategories&post=1455"},{"taxonomy":"post_tag","embeddable":true,"href":"https:\/\/kolegiatakartuzy.pl\/wp-test\/index.php?rest_route=%2Fwp%2Fv2%2Ftags&post=1455"}],"curies":[{"name":"wp","href":"https:\/\/api.w.org\/{rel}","templated":true}]}}