{"id":1477,"date":"2024-11-30T22:06:41","date_gmt":"2024-11-30T21:06:41","guid":{"rendered":"https:\/\/kolegiatakartuzy.pl\/wp-test\/?p=1477"},"modified":"2024-11-30T22:07:05","modified_gmt":"2024-11-30T21:07:05","slug":"ogloszenia-duszpasterskie-na-dzien-01-12-2024-r","status":"publish","type":"post","link":"https:\/\/kolegiatakartuzy.pl\/wp-test\/?p=1477","title":{"rendered":"Og\u0142oszenia duszpasterskie na dzie\u0144 01.12.2024 r."},"content":{"rendered":"\n<h2 class=\"wp-block-heading has-text-align-center\">I Niedziela Adwentu<\/h2>\n\n\n\n<p><strong>Jr 33,14-16 <\/strong><em>Potomek Dawida b\u0119dzie wymierza\u0142 sprawiedliwo\u015b\u0107<\/em><strong><em><br><\/em>1 Tes 3,12\u20134,2 <\/strong><em>Utwierdzenie w \u015bwi\u0119to\u015bci na przyj\u015bcie Chrystusa<\/em><strong><em><br><\/em>\u0141k 21,25-28.34-36 <\/strong><em>Oczekiwanie na powt\u00f3rne przyj\u015bcie Chrystusa<\/em><strong><em><br><\/em><\/strong>Wchodz\u0105c przez Adwent w nowy rok liturgiczny, us\u0142yszymy w dzisiejszym s\u0142owie pe\u0142ne nadziei obietnice dotycz\u0105ce ponownego przyj\u015bcia Pana. Jeremiaszowa zapowied\u017a nadej\u015bcia Pana z pierwszego czytania znajduje bardziej sprecyzowane potwierdzenie w dalszej cz\u0119\u015bci liturgii s\u0142owa, gdzie dowiemy si\u0119, \u017ce \u00f3w tajemniczy Pan to Syn Cz\u0142owieczy. Wydarzenie to jest wi\u0119c nieodzownie zwi\u0105zane z konieczno\u015bci\u0105 przygotowania, do kt\u00f3rego osobi\u015bcie swoich uczni\u00f3w wezwie Jezus, nak\u0142aniaj\u0105c do <em>czuwania i modlitwy. <\/em>Porzucaj\u0105c wi\u0119c wszelk\u0105 bierno\u015b\u0107, nasze czuwanie zwi\u0105\u017cmy z aktywnym s\u0142uchaniem S\u0142owa Bo\u017cego.<\/p>\n\n\n\n<ol class=\"wp-block-list\">\n<li>Dzisiaj I niedziela miesi\u0105ca:\n<ul class=\"wp-block-list\">\n<li>Msza \u015awi\u0119ta\u00a0 o godz. 11.00\u00a0 z liturgi\u0105 w j\u0119zyku kaszubskim<\/li>\n\n\n\n<li>Uroczysty <strong>Chrzest \u015awi\u0119ty<\/strong> w czasie Mszy \u015awi\u0119tej o godz.13.30<\/li>\n\n\n\n<li>Nabo\u017ce\u0144stwo r\u00f3\u017ca\u0144cowe dla Cz\u0142onk\u00f3w wszystkich Wsp\u00f3lnot Parafialnych o godz. 15.00<\/li>\n<\/ul>\n<\/li>\n\n\n\n<li>Dzisiejsz\u0105 niedziel\u0105 rozpoczynamy Adwent, czas radosnego oczekiwania i przygotowania na przyj\u015bcie Chrystusa. W pierwszej cz\u0119\u015bci (do 16 grudnia) b\u0119dziemy pochyla\u0107 si\u0119 nad tajemnic\u0105 powt\u00f3rnego przyj\u015bcia Pana na ko\u0144cu czas\u00f3w. Druga cz\u0119\u015b\u0107 (od 17 do 24 grudnia) b\u0119dzie stanowi\u0107 bezpo\u015brednie przygotowanie do celebrowania pami\u0105tki pierwszego przyj\u015bcia Chrystusa na ziemi\u0119 \u2013 na uroczysto\u015b\u0107 Narodzenia Pa\u0144skiego. Wykorzystajmy dobrze ten czas na s\u0142uchanie s\u0142owa Bo\u017cego oraz wchodzenie w tajemnic\u0119 blisko\u015bci Boga, kt\u00f3ry przychodzi jako Emmanuel \u2013 B\u00f3g z nami.<\/li>\n\n\n\n<li>Adwent rozpoczyna nowy rok liturgiczny i duszpasterski. Has\u0142o programu duszpasterskiego dla Ko\u015bcio\u0142a w Polsce na ten rok b\u0119dzie si\u0119 pokrywa\u0142o z has\u0142em Roku Jubileuszowego 2025 i b\u0119dzie brzmia\u0142o: \u201e<strong>Pielgrzymi nadziei<\/strong>\u201d. Przy okazji warto wspomnie\u0107, \u017ce oficjalna inauguracja <strong>Roku Jubileuszowego 2025<\/strong> b\u0119dzie mia\u0142a miejsce w Rzymie 24\u00a0grudnia bie\u017c\u0105cego roku, kiedy papie\u017c Franciszek dokona uroczystego otwarcia Drzwi \u015awi\u0119tych w Bazylice \u015awi\u0119tego Piotra na Watykanie. Ze szczeg\u00f3ln\u0105 uwag\u0105 wpatrujmy si\u0119 w Maryj\u0119, kt\u00f3ra jest najpi\u0119kniejszym wzorem adwentowego oczekiwania na przyj\u015bcie Odkupiciela. Starajmy si\u0119 na\u015bladowa\u0107 Jej bezgraniczne zawierzenie oraz oddanie Panu Bogu i ludziom.<\/li>\n\n\n\n<li>W czasie adwentowego oczekiwania zapraszamy serdecznie wszystkich na <strong>Msze \u015awi\u0119te Roratnie<\/strong>; szczeg\u00f3lne zaproszenie kierujemy do dzieci i m\u0142odzie\u017cy. Przynie\u015bmy ze sob\u0105 lampiony, aby ze \u015bwiat\u0142em w\u00a0d\u0142oniach oczekiwa\u0107 przyj\u015bcia Pana. Na pro\u015bb\u0119 Cz\u0142onk\u00f3w Rady Duszpasterskiej w tym roku Msze \u015awi\u0119te Roratnie b\u0119d\u0105 r\u00f3wnie\u017c o godz.7.00. \u00a0Staropolskim zwyczajem zapraszamy\u00a0\u00a0 na roraty:\n<ul class=\"wp-block-list\">\n<li><strong>doros\u0142ych od poniedzia\u0142ku do soboty w\u0142\u0105cznie na godz.6.00<\/strong><\/li>\n\n\n\n<li><strong>doros\u0142ych i dzieci od poniedzia\u0142ku do soboty w\u0142\u0105cznie na godz.7.00<\/strong><\/li>\n\n\n\n<li><strong>dzieci\u00a0 oraz m\u0142odzie\u017c od poniedzia\u0142ku do pi\u0105tku\u00a0 w\u0142\u0105cznie na godz.16.30<\/strong><\/li>\n<\/ul>\n<\/li>\n\n\n\n<li>W \u015brod\u0119 zapraszamy do modlitwy w intencji Ojczyzny: o godz.17.00 wystawienie Naj\u015bwi\u0119tszego Sakramentu i r\u00f3\u017caniec \u015bwi\u0119ty oraz czuwanie modlitewne.<\/li>\n\n\n\n<li>W tym tygodniu<strong> dni eucharystyczne:<\/strong>\n<ul class=\"wp-block-list\">\n<li>w czwartek <strong>Bractwo Przemienienia Pa\u0144skiego<\/strong> zaprasza do wsp\u00f3lnego \u015bpiewu Godzinek o Przemienieniu Pa\u0144skim na godz.17.00\u00a0<\/li>\n\n\n\n<li>\u00a0Zapraszamy na <strong>adoracj\u0119 Pana Jezusa w\u00a0 Naj\u015bwi\u0119tszym Sakramencie<\/strong> w czwartek po Mszy \u015awi\u0119tej o godz.18.00, kt\u00f3ra trwa\u0107 b\u0119dzie do godz.19.30. W tym czasie mo\u017cna skorzysta\u0107 z Sakramentu Mi\u0142osierdzia w spowiednicy<\/li>\n\n\n\n<li>w pi\u0105tek po mszy \u015bw. o godz.7.00 wystawienie Naj\u015bwi\u0119tszego Sakramentu i nabo\u017ce\u0144stwo do Mi\u0142osierdzia Bo\u017cego, spowied\u017a od godz.16.00, o godz.16.30 Msza\u00a0 \u015awi\u0119ta, po kt\u00f3rej adoracja Naj\u015bwi\u0119tszego Sakramentu do rozpocz\u0119cia Mszy \u015awi\u0119tej o godz.18.00<\/li>\n\n\n\n<li>W sobot\u0119 &#8211; nabo\u017ce\u0144stwo pierwszo sobotnie: o godz.7.30 r\u00f3\u017caniec, a po mszy \u015bw. o godz.8.00 &#8211; nabo\u017ce\u0144stwo do Niepokalanego Serca N.M.P. W sobot\u0119\u00a0 odwiedzimy\u00a0 Chorych\u00a0\u00a0 z pos\u0142ug\u0105 sakramentaln\u0105\u00a0\u00a0<\/li>\n<\/ul>\n<\/li>\n\n\n\n<li>W pierwszy pi\u0105tek miesi\u0105ca, 6 grudnia, przypada liturgiczne wspomnienie <strong>\u015awi\u0119tego Miko\u0142aja Biskupa<\/strong>. Tradycyjnie obdarujemy prezentami nasze dzieci i bliskich. Niech liturgiczne wspomnienie \u015awi\u0119tego Miko\u0142aja usposobi nas tak\u017ce do szerokiego otwarcia oczu i\u00a0serc na dzieci, o kt\u00f3rych bliscy zapomnieli albo si\u0119 ich wyparli. Niech opr\u00f3cz wielu podarunk\u00f3w nie zabraknie tak\u017ce daru naszej modlitwy w ich intencji przez wstawiennictwo tego wspania\u0142ego \u015awi\u0119tego.<\/li>\n\n\n\n<li>Pami\u0119tajmy o wsparciu potrzebuj\u0105cych: przez zakup <strong>\u015bwiec Caritasu<\/strong>, w ramach\u00a0 <strong>Wigilijnego Dzie\u0142a Pomocy Dzieciom, n<\/strong>asz <strong>Parafialny Zesp\u00f3\u0142 Caritas<\/strong> po raz kolejny prowadzi akcj\u0119 \u201e<strong><em>Nape\u0142nij worek \u015bw. Miko\u0142aja<\/em><\/strong>\u201d. Po Mszach \u015awi\u0119tych wolontariusze rozdaj\u0105 lub s\u0105 wy\u0142o\u017cone na stolikach tzw. \u201e<em>Woreczki<\/em>\u201d z nazw\u0105 potrzebnego produktu spo\u017cywczego b\u0105d\u017a przemys\u0142owego. Akcja b\u0119dzie trwa\u0142a do 18 grudnia, a wolontariusze naszego Caritasu w przysz\u0142\u0105 niedziel\u0119 b\u0119d\u0105 rozprowadza\u0107 \u00a0<strong>sianko na st\u00f3\u0142 wigilijny<\/strong>, ofiary r\u00f3wnie\u017c mo\u017cna z\u0142o\u017cy\u0107 do skarbonki na cel charytatywny. Ju\u017c teraz dzi\u0119kujemy za wszelk\u0105 pomoc i okazane serce najbardziej potrzebuj\u0105cym z naszej Parafii.<\/li>\n\n\n\n<li>\u00a0Postarajmy si\u0119, aby g\u0142\u0119boko prze\u017cy\u0107 okres Adwentu, aby nie by\u0142a to tylko codzienna krz\u0105tanina i gonitwa w przed\u015bwi\u0105tecznych przygotowaniach, lecz aby Adwent sta\u0142 si\u0119 czasem prawdziwego przygotowania na spotkanie z Tym, kt\u00f3ry sta\u0142 si\u0119 jednym z nas dla naszego zbawienia. Mo\u017ce warto przystroi\u0107 odpowiednio nasze domy i mieszkania w adwentowy wieniec z czteroma \u015bwiecami, powr\u00f3ci\u0107 do wsp\u00f3lnej, rodzinnej modlitwy czy skorzysta\u0107 z\u00a0sakramentu pojednania. Okazja do spowiedzi ka\u017cdego dnia przed \u00a0\u00a0Mszami \u015awi\u0119tymi, szczeg\u00f3lnie zapraszamy w czwartek.<\/li>\n\n\n\n<li>Na specjalne pozwolenie Stolicy Apostolskiej w niedziel\u0119 \u00a08 grudnia b\u0119dziemy obchodzili uroczysto\u015b\u0107 <strong>Niepokalanego Pocz\u0119cia Naj\u015bwi\u0119tszej Maryi Panny<\/strong>. Zapraszamy na Msze \u015awi\u0119te kt\u00f3re b\u0119d\u0105 sprawowane w porz\u0105dku niedzielnym, podczas kt\u00f3rych b\u0119dziemy prosi\u0107 Maryj\u0119 o pomoc w walce z pokusami i grzechem, w walce o czysto\u015b\u0107 serca oraz o pe\u0142nienie woli Bo\u017cej w \u017cyciu. Dzieci, kt\u00f3re w przysz\u0142ym roku maj\u0105 przyst\u0105pi\u0107 do I Komunii \u015bw. zapraszamy\u00a0 na po\u015bwi\u0119cenie medalik\u00f3w w tym dniu na godz.12.30. Zapraszamy na \u00a0<strong>Godzin\u0119 \u0141aski 12.00-13.00: \u00a0<\/strong>\n<ul class=\"wp-block-list\">\n<li>Po Mszy \u015awi\u0119tej o godz.11.00 \u00a0wystawienie Naj\u015bwi\u0119tszego Sakramentu i Modlitwa\u00a0 Anio\u0142 Pa\u0144ski<\/li>\n\n\n\n<li>Modlitwa R\u00f3\u017ca\u0144cowa<\/li>\n\n\n\n<li>Zawierzenie naszych rodzin, szczeg\u00f3lnie naszych dzieci przygotowuj\u0105cych si\u0119 do I Komunii \u015awi\u0119tej i ich rodzin, naszej ojczyzny i \u015bwiata N.S.P.J i N.M.P.<\/li>\n\n\n\n<li>O \u00a0godz. 12<sup>30<\/sup> \u00a0\u00a0Msza \u015awi\u0119ta\u00a0<\/li>\n<\/ul>\n<\/li>\n\n\n\n<li>Przed uroczysto\u015bci\u0105 <strong>Niepokalanego Pocz\u0119cia Naj\u015bwi\u0119tszej Maryi Panny<\/strong> ( 8 grudnia),\u00a0 Franciszka\u0144ski Zakon \u015awieckich\u00a0 zaprasza na <strong>Nowenn\u0119 do Maryi Niepokalanej<\/strong> od 2 do 7 grudnia po Mszy \u015awi\u0119tej Roratniej o godz.6.00. Serdecznie zapraszamy.\u00a0<\/li>\n\n\n\n<li><strong>Dzieci przygotowuj\u0105ce si\u0119 do I Komunii \u015awi\u0119tej<\/strong> zapraszamy w przysz\u0142\u0105 niedziel\u0119 na Msz\u0119 \u015awi\u0119t\u0105 na godz.12.30 \u2013 po\u015bwi\u0119cenie medalik\u00f3w i po Mszy \u015awi\u0119tej tradycyjnie ju\u017c w drug\u0105 niedziel\u0119 miesi\u0105ca\u00a0 odb\u0119dzie si\u0119 katecheza sakramentalna dla Dzieci przygotowuj\u0105cych si\u0119 do I Komunii \u015bwi\u0119tej i ich Rodzic\u00f3w.<\/li>\n\n\n\n<li>Pragniemy w naszej wsp\u00f3lnocie parafialnej stworzy\u0107 mo\u017cliwo\u015b\u0107 pog\u0142\u0119bionego czytania i rozwa\u017cania S\u0142owa Bo\u017cego, dlatego serdecznie zapraszamy wszystkich ch\u0119tnych na kolejne spotkanie\u00a0<strong>Kr\u0119gu Biblijnego<\/strong>\u00a0we wtorek o godz. 18.45 do salki parafialnej.<\/li>\n\n\n\n<li>Zapraszamy na pr\u00f3b\u0119 <strong>Scholi Parafialnej<\/strong> w sobot\u0119\u00a0 o godz. 11.00 do salki parafialnej.\u00a0<\/li>\n\n\n\n<li>Zapraszamy na <strong>R\u00f3\u017caniec B\u0142agalny<\/strong> o pok\u00f3j w Ukrainie i Ziemi \u015awi\u0119tej codziennie od poniedzia\u0142ku do soboty o godz.7.30, w pi\u0105tek o godz.8.00.<\/li>\n\n\n\n<li>W przysz\u0142\u0105 niedziel\u0119 \u2013 w drug\u0105 niedziel\u0119 adwentow\u0105 b\u0119dziemy szczeg\u00f3lnie si\u0119 modli\u0107 w\u00a0intencji naszych braci i si\u00f3str <strong>katolik\u00f3w na Wschodzie<\/strong>, a tak\u017ce b\u0119dziemy mogli wspom\u00f3c ich nasz\u0105 ofiar\u0105 materialn\u0105 do puszek przed ko\u015bcio\u0142em.<\/li>\n\n\n\n<li><strong>Kartuskie Centrum Caritas<\/strong> w dniach 6-7 grudnia 2024r. (pi\u0105tek i sobota) b\u0119dzie przeprowadza\u0107 zbi\u00f3rk\u0119 \u017cywno\u015bci, w ramach akcji \u201eTak. Pomagam!\u201d. Zbi\u00f3rka prowadzona b\u0119dzie w sklepach sieci Biedronka oraz Lidl. Z zebranych dar\u00f3w zostan\u0105 zrobione paczki na \u015bwi\u0119ta dla najubo\u017cszych rodzin. Za z\u0142o\u017cone dary sk\u0142adamy serdeczne B\u00f3g zap\u0142a\u0107.<\/li>\n\n\n\n<li>Zach\u0119camy do nabycia nowego nru <strong>\u201eGo\u015bcia Niedzielnego\u201d, \u00a0<\/strong>jest jeszcze aktualny<strong> \u00a0\u201ePielgrzym\u201d <\/strong>i inne czasopisma.\u00a0\u00a0<\/li>\n\n\n\n<li><strong>\u00a0Msze \u015awi\u0119te<\/strong>: \u00a0Z podzi\u0119kowaniem za otrzymane \u0142aski i z pro\u015bb\u0105 o dalsze Bo\u017ce b\u0142og. dla Kartuskiego Ko\u0142a Pszczelarzy oraz o mi\u0142osierdzie Bo\u017ce i dar nieba dla zmar\u0142ych Pszczelarzy i ++\u00a0 z ich Rodzin w sobot\u0119 o godz.18.00,\u00a0oBo\u017ce b\u0142og. i opiek\u0119 Matki Bo\u017cej dla Si\u00f3str 41 R\u00f3\u017cy Niewiast, Cz\u0142onk\u00f3w ich Rodzin i Kap\u0142an\u00f3w naszej Parafii<strong>\u00a0 <\/strong>w niedziel\u0119 \u00a0o godz.9.30, w sobot\u0119 o godz. 8.00, o \u015bwi\u0119to\u015b\u0107 w Rodzinach za przyczyn\u0105 Niepokalanej ofiarowana od Franciszka\u0144skiego Zakonu \u015awieckich w niedziel\u0119 o godz.12.30.<\/li>\n\n\n\n<li>W minionym tygodniu z naszej parafialnej wsp\u00f3lnoty odesz\u0142a po nagrod\u0119 do Pana \u015bp. <strong>Ma\u0142gorzata P\u0142otka<\/strong> z ul. Wzg\u00f3rze Wolno\u015bci \u2013 bliskim sk\u0142adamy serdeczne wyrazy wsp\u00f3\u0142czucia, a Zmar\u0142ych\u00a0 polecamy Mi\u0142osierdziu Bo\u017cemu &#8211; <strong>Dobry Jezu\u2026<\/strong>\u00a0\u00a0\u00a0<\/li>\n\n\n\n<li>W przysz\u0142\u0105, drug\u0105\u00a0 niedziel\u0119 miesi\u0105ca kolekta na nasze parafialne inwestycje.<\/li>\n<\/ol>\n\n\n\n<p><strong>W TYM TYGODNIU PATRONUJ\u0104 NAM:<\/strong><\/p>\n\n\n\n<div class=\"wp-block-columns is-layout-flex wp-container-core-columns-is-layout-1 wp-block-columns-is-layout-flex\">\n<div class=\"wp-block-column is-layout-flow wp-block-column-is-layout-flow\" style=\"flex-basis:100%\">\n<ul class=\"wp-block-list\">\n<li>we wtorek, 3 grudnia \u2013 \u015awi\u0119ty <strong>Franciszek Ksawery<\/strong> (1506-1552), jezuita, niestrudzony g\u0142osiciel Ewangelii i patron misjonarzy katolickich;<\/li>\n\n\n\n<li>w \u015brod\u0119, 4 grudnia \u2013 \u015awi\u0119ta <strong>Barbara<\/strong>, (II\/III w.), dziewica i m\u0119czennica, patronka dobrej \u015bmierci, or\u0119downiczka g\u00f3rnik\u00f3w, hutnik\u00f3w oraz os\u00f3b bezrobotnych;<\/li>\n\n\n\n<li>w pi\u0105tek, 6 grudnia \u2013 \u015awi\u0119ty <strong>Miko\u0142aj<\/strong>, biskup \u017cyj\u0105cy na prze\u0142omie III i IV wieku, kt\u00f3ry w\u00a0Mirze Licyjskiej by\u0142 gorliwym i troskliwym pasterzem;<\/li>\n\n\n\n<li>w sobot\u0119, 7 grudnia \u2013 \u015awi\u0119ty <strong>Ambro\u017cy<\/strong>, biskup Mediolanu, \u017cyj\u0105cy w IV wieku, gorliwy duszpasterz i uczony teolog, doktor Ko\u015bcio\u0142a.<\/li>\n<\/ul>\n<\/div>\n<\/div>\n\n\n\n<p>Ka\u017cdy z nas jest ukochanym dzieckiem samego Boga. Dziecko t\u0119skni za swoim ojcem. W rozpoczynaj\u0105cym si\u0119 czasie Adwentu rozpalajmy w sobie t\u0119sknot\u0119 oraz nadziej\u0119 na rych\u0142e spotkanie z&nbsp;Bogiem, kt\u00f3ry przychodzi do nas w Jezusie Chrystusie. Adwent przypomina, \u017ce chrze\u015bcijanin ma by\u0107 czujny. Ca\u0142e nasze \u017cycie jest wielkim oczekiwaniem na przyj\u015bcie Chrystusa. W pracy, w szkole, w rodzinach poka\u017cmy, \u017ce jeste\u015bmy Jego uczniami.<\/p>\n\n\n\n<p><strong>Naszym Drogim Parafianom i mi\u0142ym Go\u015bciom<\/strong> \u017cyczymy mi\u0142ej, z Bogiem prze\u017cytej niedzieli, rozpoczynaj\u0105cej Nowy Rok Ko\u015bcielny, Chrystusowi Panu Czasu i Wieczno\u015bci, Matce Bo\u017cej, Pani Naszej i Kr\u00f3lowej\u00a0 z Kartuskiego Raju\u00a0 polecamy Osoby starsze i chore oraz Solenizant\u00f3w i Jubilat\u00f3w tego tygodnia\u00a0\u00a0\u00a0\u00a0\u00a0\u00a0\u00a0\u00a0\u00a0\u00a0\u00a0\u00a0\u00a0\u00a0\u00a0\u00a0\u00a0\u00a0\u00a0\u00a0\u00a0\u00a0\u00a0\u00a0\u00a0\u00a0\u00a0\u00a0\u00a0\u00a0\u00a0\u00a0\u00a0\u00a0\u00a0\u00a0\u00a0\u00a0\u00a0\u00a0\u00a0\u00a0\u00a0\u00a0\u00a0\u00a0\u00a0\u00a0\u00a0\u00a0\u00a0\u00a0\u00a0\u00a0\u00a0\u00a0\u00a0\u00a0\u00a0\u00a0\u00a0\u00a0\u00a0\u00a0\u00a0\u00a0\u00a0\u00a0\u00a0\u00a0\u00a0\u00a0\u00a0\u00a0\u00a0\u00a0\u00a0\u00a0\u00a0\u00a0\u00a0\u00a0\u00a0\u00a0\u00a0\u00a0\u00a0\u00a0\u00a0\u00a0\u00a0\u00a0\u00a0\u00a0\u00a0\u00a0\u00a0\u00a0\u00a0\u00a0\u00a0\u00a0\u00a0\u00a0\u00a0\u00a0\u00a0\u00a0\u00a0\u00a0\u00a0\u00a0\u00a0\u00a0\u00a0\u00a0\u00a0\u00a0\u00a0\u00a0\u00a0\u00a0\u00a0\u00a0\u00a0\u00a0\u00a0\u00a0\u00a0\u00a0\u00a0\u00a0\u00a0<\/p>\n\n\n\n<p>&nbsp;&nbsp;&nbsp;&nbsp;&nbsp;&nbsp;&nbsp;&nbsp;&nbsp;&nbsp;&nbsp;&nbsp;&nbsp;&nbsp;&nbsp;&nbsp;&nbsp;&nbsp;&nbsp;&nbsp;&nbsp;&nbsp;&nbsp;&nbsp;&nbsp;&nbsp;&nbsp;&nbsp;&nbsp;&nbsp;&nbsp;&nbsp;&nbsp;&nbsp;&nbsp;&nbsp;&nbsp;&nbsp;&nbsp;&nbsp;&nbsp;&nbsp;&nbsp;&nbsp;&nbsp;&nbsp;&nbsp;&nbsp;&nbsp;&nbsp;&nbsp;&nbsp;&nbsp;&nbsp;&nbsp;&nbsp;&nbsp;&nbsp;&nbsp;&nbsp;&nbsp;&nbsp;&nbsp;&nbsp;&nbsp;&nbsp;&nbsp;&nbsp;&nbsp;&nbsp;&nbsp;&nbsp;&nbsp;&nbsp;&nbsp;&nbsp;&nbsp;&nbsp;&nbsp;&nbsp;&nbsp;&nbsp;&nbsp;&nbsp;&nbsp;&nbsp;&nbsp;&nbsp;&nbsp;&nbsp;&nbsp;&nbsp;&nbsp;&nbsp;&nbsp;&nbsp;&nbsp;&nbsp;&nbsp;&nbsp;&nbsp;&nbsp;&nbsp;&nbsp;&nbsp;&nbsp;&nbsp;&nbsp;&nbsp;&nbsp;&nbsp;&nbsp;&nbsp;&nbsp;&nbsp;&nbsp;&nbsp;&nbsp;&nbsp;&nbsp;&nbsp;&nbsp;&nbsp;&nbsp;&nbsp;&nbsp;&nbsp;&nbsp; &nbsp;&nbsp;&nbsp;&nbsp;&nbsp;&nbsp;&nbsp;&nbsp;&nbsp;&nbsp;&nbsp;&nbsp;&nbsp;&nbsp;Wasi Duszpasterze<strong> &nbsp;<\/strong><\/p>\n","protected":false},"excerpt":{"rendered":"<p>I Niedziela Adwentu Jr 33,14-16 Potomek Dawida b\u0119dzie wymierza\u0142 sprawiedliwo\u015b\u01071 Tes 3,12\u20134,2 Utwierdzenie w \u015bwi\u0119to\u015bci na przyj\u015bcie Chrystusa\u0141k 21,25-28.34-36 Oczekiwanie [&hellip;]<\/p>\n","protected":false},"author":4,"featured_media":0,"comment_status":"closed","ping_status":"","sticky":false,"template":"","format":"standard","meta":{"site-sidebar-layout":"default","site-content-layout":"","ast-site-content-layout":"default","site-content-style":"default","site-sidebar-style":"default","ast-global-header-display":"","ast-banner-title-visibility":"","ast-main-header-display":"","ast-hfb-above-header-display":"","ast-hfb-below-header-display":"","ast-hfb-mobile-header-display":"","site-post-title":"","ast-breadcrumbs-content":"","ast-featured-img":"","footer-sml-layout":"","theme-transparent-header-meta":"","adv-header-id-meta":"","stick-header-meta":"","header-above-stick-meta":"","header-main-stick-meta":"","header-below-stick-meta":"","astra-migrate-meta-layouts":"set","ast-page-background-enabled":"default","ast-page-background-meta":{"desktop":{"background-color":"var(--ast-global-color-4)","background-image":"","background-repeat":"repeat","background-position":"center center","background-size":"auto","background-attachment":"scroll","background-type":"","background-media":"","overlay-type":"","overlay-color":"","overlay-opacity":"","overlay-gradient":""},"tablet":{"background-color":"","background-image":"","background-repeat":"repeat","background-position":"center center","background-size":"auto","background-attachment":"scroll","background-type":"","background-media":"","overlay-type":"","overlay-color":"","overlay-opacity":"","overlay-gradient":""},"mobile":{"background-color":"","background-image":"","background-repeat":"repeat","background-position":"center center","background-size":"auto","background-attachment":"scroll","background-type":"","background-media":"","overlay-type":"","overlay-color":"","overlay-opacity":"","overlay-gradient":""}},"ast-content-background-meta":{"desktop":{"background-color":"var(--ast-global-color-5)","background-image":"","background-repeat":"repeat","background-position":"center center","background-size":"auto","background-attachment":"scroll","background-type":"","background-media":"","overlay-type":"","overlay-color":"","overlay-opacity":"","overlay-gradient":""},"tablet":{"background-color":"var(--ast-global-color-5)","background-image":"","background-repeat":"repeat","background-position":"center center","background-size":"auto","background-attachment":"scroll","background-type":"","background-media":"","overlay-type":"","overlay-color":"","overlay-opacity":"","overlay-gradient":""},"mobile":{"background-color":"var(--ast-global-color-5)","background-image":"","background-repeat":"repeat","background-position":"center center","background-size":"auto","background-attachment":"scroll","background-type":"","background-media":"","overlay-type":"","overlay-color":"","overlay-opacity":"","overlay-gradient":""}},"advanced_seo_description":"","jetpack_seo_html_title":"","jetpack_seo_noindex":false,"_jetpack_memberships_contains_paid_content":false,"footnotes":""},"categories":[4],"tags":[],"class_list":["post-1477","post","type-post","status-publish","format-standard","hentry","category-ogloszenia"],"jetpack_featured_media_url":"","jetpack-related-posts":[],"jetpack_sharing_enabled":true,"_links":{"self":[{"href":"https:\/\/kolegiatakartuzy.pl\/wp-test\/index.php?rest_route=\/wp\/v2\/posts\/1477","targetHints":{"allow":["GET"]}}],"collection":[{"href":"https:\/\/kolegiatakartuzy.pl\/wp-test\/index.php?rest_route=\/wp\/v2\/posts"}],"about":[{"href":"https:\/\/kolegiatakartuzy.pl\/wp-test\/index.php?rest_route=\/wp\/v2\/types\/post"}],"author":[{"embeddable":true,"href":"https:\/\/kolegiatakartuzy.pl\/wp-test\/index.php?rest_route=\/wp\/v2\/users\/4"}],"replies":[{"embeddable":true,"href":"https:\/\/kolegiatakartuzy.pl\/wp-test\/index.php?rest_route=%2Fwp%2Fv2%2Fcomments&post=1477"}],"version-history":[{"count":2,"href":"https:\/\/kolegiatakartuzy.pl\/wp-test\/index.php?rest_route=\/wp\/v2\/posts\/1477\/revisions"}],"predecessor-version":[{"id":1479,"href":"https:\/\/kolegiatakartuzy.pl\/wp-test\/index.php?rest_route=\/wp\/v2\/posts\/1477\/revisions\/1479"}],"wp:attachment":[{"href":"https:\/\/kolegiatakartuzy.pl\/wp-test\/index.php?rest_route=%2Fwp%2Fv2%2Fmedia&parent=1477"}],"wp:term":[{"taxonomy":"category","embeddable":true,"href":"https:\/\/kolegiatakartuzy.pl\/wp-test\/index.php?rest_route=%2Fwp%2Fv2%2Fcategories&post=1477"},{"taxonomy":"post_tag","embeddable":true,"href":"https:\/\/kolegiatakartuzy.pl\/wp-test\/index.php?rest_route=%2Fwp%2Fv2%2Ftags&post=1477"}],"curies":[{"name":"wp","href":"https:\/\/api.w.org\/{rel}","templated":true}]}}