{"id":1526,"date":"2025-02-01T22:44:10","date_gmt":"2025-02-01T21:44:10","guid":{"rendered":"https:\/\/kolegiatakartuzy.pl\/wp-test\/?p=1526"},"modified":"2025-02-01T22:44:35","modified_gmt":"2025-02-01T21:44:35","slug":"ogloszenia-duszpasterskie-na-dzien-02-02-2025-r","status":"publish","type":"post","link":"https:\/\/kolegiatakartuzy.pl\/wp-test\/?p=1526","title":{"rendered":"Og\u0142oszenia duszpasterskie na dzie\u0144 02.02.2025 r."},"content":{"rendered":"\n<h2 class=\"wp-block-heading has-text-align-center\">Ofiarowanie Pa\u0144skie<\/h2>\n\n\n\n<ol class=\"wp-block-list\">\n<li>W dzisiejsz\u0105 niedziel\u0119, 2 lutego, w kalendarzu liturgicznym przypada \u015awi\u0119to Ofiarowania Pa\u0144skiego, w naszej polskiej tradycji nazywane \u015bwi\u0119tem Matki Bo\u017cej Gromnicznej. Od pocz\u0105tku czczono w Ko\u015bciele pami\u0105tk\u0119 przyniesienia Dzieci\u0105tka Jezus przez Maryj\u0119 i J\u00f3zefa do \u015bwi\u0105tyni jerozolimskiej. Niekiedy dzie\u0144 ten nazywano tak\u017ce \u015bwi\u0119tem Symeona. Jak pami\u0119tamy z kart Ewangelii, Maryja z\u0142o\u017cy\u0142a Dzieci\u0105tko w r\u0119ce \u015bwi\u0105tobliwego starca Symeona. W Jerozolimie to \u015bwi\u0119to obchodzono ju\u017c w V wieku i \u0142\u0105czono je z procesj\u0105 ze \u015bwiecami. Od X wieku upowszechni\u0142 si\u0119 zwyczaj b\u0142ogos\u0142awienia w tym dniu \u015bwiec. \u015awi\u0119to Ofiarowania Pa\u0144skiego ukazuje nam Chrystusa \u2013 \u015awiat\u0142o\u015b\u0107 \u015bwiata. Przyniesiona przez nas \u015bwieca ma przypomina\u0107, \u017ce Chrystus nieustannie o\u015bwieca drogi naszego \u017cycia.<\/li>\n\n\n\n<li>W wydarzeniu Ofiarowania Pa\u0144skiego wyj\u0105tkowa jest te\u017c obecno\u015b\u0107 starc\u00f3w Symeona i Anny. Dlatego dzi\u015b modlimy si\u0119 w intencji ludzi w podesz\u0142ym wieku. S\u0119dziwi Symeon i Anna pokazuj\u0105 nam, \u017ce u schy\u0142ku \u017cycia mo\u017cna dostrzec sprawy, kt\u00f3rych nie dostrzegaj\u0105 inni. S\u0105 oni tak\u017ce niezr\u00f3wnanymi nauczycielami trudnej i zapomnianej umiej\u0119tno\u015bci przygotowania si\u0119 do odej\u015bcia z tego \u015bwiata.<\/li>\n\n\n\n<li>W \u015bwi\u0119to Ofiarowania Pa\u0144skiego w Ko\u015bciele powszechnym obchodzimy ustanowiony przez \u015awi\u0119tego Jana Paw\u0142a II \u015awiatowy Dzie\u0144 \u017bycia Konsekrowanego \u2013 nasz\u0105 modlitw\u0105 obejmujemy osoby, kt\u00f3re odda\u0142y swoje \u017cycie na s\u0142u\u017cb\u0119 Panu Bogu i ludziom w zakonach, zgromadzeniach i instytutach \u015bwieckich. Pro\u015bmy te\u017c o liczne i \u015bwi\u0119te powo\u0142ania do \u017cycia zakonnego w naszych rodzinach i wsp\u00f3lnocie parafialnej. Niech nie zabraknie te\u017c wsparcia materialnego dla klasztor\u00f3w klauzurowych i dom\u00f3w zakonnych<\/li>\n\n\n\n<li>W poniedzia\u0142ek \u015bw. B\u0142a\u017ceja z Sebasty, m\u0119czennika. Patron od: b\u00f3lu z\u0119ba, choroby gard\u0142a, choroby p\u0119cherza, na dobr\u0105 spowied\u017a, kaszel, krwotoki, patron: garbarzy, gr\u0119plarzy, handluj\u0105cych i produkuj\u0105cych we\u0142n\u0119, krawc\u00f3w, kamieniarzy, lekarzy, modystek (kapelusznic), murarzy, muzyk\u00f3w, handluj\u0105cych ko\u0144mi, chorych na obrz\u0119ki, piekarzy, szewc\u00f3w, sztukator\u00f3w, tkaczy, chorych na wrzody, zranienia kolcami, chroni zwierz\u0119ta domowe i dzikie, oraz jest patronem Dubrownika. Jest jednym z czternastu Wspomo\u017cycieli. \u017by\u0142 na prze\u0142omie III i IV wieku. Jego \u017cycie owiane jest tajemnic\u0105 i legendami. Urodzi\u0142 si\u0119 na terenie dzisiejszej Turcji w Cezarei Kapadockiej. By\u0142 lekarzem, jednak porzuci\u0142 wykonywanie zawodu i przez jaki\u015b czas prowadzi\u0142 \u017cycie pustelnicze. Zosta\u0142 wybrany na biskupa gminy chrze\u015bcija\u0144skiej w Seba\u015bcie. Mia\u0142 cudownie uleczy\u0107 syna pewnej kobiety, kt\u00f3remu gard\u0142o przebi\u0142a o\u015b\u0107. Dla upami\u0119tnienia tego wydarzenia Ko\u015bci\u00f3\u0142 do dzi\u015b w dniu \u015bw. B\u0142a\u017ceja b\u0142ogos\u0142awi gard\u0142a. Dzia\u0142o si\u0119 to w czasach, kiedy chrze\u015bcijanie byli prze\u015bladowani. W 316 roku Gubernator Kapadocji na rozkaz cesarza Licyniusza rozpocz\u0105\u0142 prze\u015bladowania wyznawc\u00f3w Jezusa. \u015aw. B\u0142a\u017cej by\u0142 zmuszony ucieka\u0107. Zosta\u0142 jednak pojmany i osadzony w wi\u0119zieniu. By\u0142 biczowany i okrutnie torturowany, ostatecznie zgin\u0105\u0142 przez \u015bci\u0119cie g\u0142owy mieczem. Legenda g\u0142osi, \u017ce \u015bw. B\u0142a\u017cej objawi\u0142 si\u0119 miejscowemu ksi\u0119dzu z ko\u015bcio\u0142a \u015bw. Szczepana. Ostrzeg\u0142 mieszka\u0144c\u00f3w Dubrownika przed najazdem wojsk z Wenecji. Naje\u017ad\u017acy widz\u0105c wielkie przygotowania do obrony miasta odst\u0105pili od ataku. TRADYCJA G\u0141OSI, \u017bE PODCZAS TORTUR PROSI\u0141 BOGA O WSTAWIENNICTWO ZA OSOBAMI CHORYMI NA GARD\u0141O.<br>Po ka\u017cdej Mszy \u015awi\u0119tej mo\u017cna otrzyma\u0107 b\u0142ogos\u0142awie\u0144stwo \u015bwiecami \u2013 \u015bw. B\u0142a\u017ceja, niech dobry B\u00f3g chroni nas od chor\u00f3b gard\u0142a i od wszelkiego innego rodzaju z\u0142a.<\/li>\n\n\n\n<li>W tym tygodniu dni eucharystyczne: w czwartek zapraszamy na Godzinki o Przemienieniu Pa\u0144skim o godz.17.00, w pi\u0105tek po Mszy \u015awi\u0119tej o godz.7.00 adoracja Naj\u015bwi\u0119tszego Sakramentu i nabo\u017ce\u0144stwo do Mi\u0142osierdzia Bo\u017cego, spowied\u017a \u015bw. od godz.16.00, po Mszy \u015awi\u0119tej o godz.16.30 adoracja Naj\u015bwi\u0119tszego Sakramentu do godz.18.00. Chwile adoracji s\u0105 nie tylko wyrazem naszej mi\u0142o\u015bci wobec Pana, ale jednocze\u015bnie pr\u00f3b\u0105 odkrywania Bo\u017cej obecno\u015bci po\u015br\u00f3d codziennych spraw i ludzkich los\u00f3w.<\/li>\n\n\n\n<li>Dzieci przygotowuj\u0105ce si\u0119 do I Komunii \u015awi\u0119tej zapraszamy z Rodzicami w przysz\u0142\u0105 niedziel\u0119 na Msz\u0119 \u015awi\u0119t\u0105 na godz.12.30 i po Mszy \u015awi\u0119tej tradycyjnie ju\u017c w drug\u0105 niedziel\u0119 miesi\u0105ca odb\u0119dzie si\u0119 katecheza sakramentalna dla Dzieci przygotowuj\u0105cych si\u0119 do I Komunii \u015bwi\u0119tej i ich Rodzic\u00f3w.<br>Informujemy r\u00f3wnie\u017c, \u017ce uroczysto\u015b\u0107 I Komunii \u015awi\u0119tej w naszej Parafii odb\u0119dzie si\u0119 w sobot\u0119 17 maja w nast\u0119puj\u0105cych godzinach i grupach:<br>I Grupa: Godz.9.30 &#8211; dzieci z klas III ze Szko\u0142y Podstawowej Nr 1<br>II Grupa: Godz.11.30 dzieci z klasy III A i C ze Szko\u0142y Podstawowej Nr 2<br>III Grupa: Godz.13.30 dzieci z klasy III B ze Szko\u0142y Podstawowej Nr 2 oraz ze Szko\u0142y<br>Katolickiej<\/li>\n\n\n\n<li>Serdecznie zapraszamy wszystkich ch\u0119tnych na kolejne spotkanie Kr\u0119gu Biblijnego we wtorek o godz. 18.45 do salki parafialnej.<\/li>\n\n\n\n<li>W najbli\u017csz\u0105 \u015brod\u0119 (05.02) zapraszamy na spotkanie m\u0142odzie\u017c przygotowuj\u0105c\u0105 si\u0119 do przyj\u0119cia sakramentu bierzmowania. Spotkanie po Mszy \u015awi\u0119tej o godz. 18.00 w salkach parafialnych.<\/li>\n\n\n\n<li>W pi\u0105tek (07.02) spotkanie dla m\u0142odzie\u017cy w salkach parafialnych po Mszy \u015awi\u0119tej o godz. 18.00<\/li>\n\n\n\n<li>Dobiega ko\u0144ca w naszej parafii peregrynacja obrazu Matki Bo\u017cej Nieustaj\u0105cej Pomocy. Pragniemy poinformowa\u0107, \u017ce ka\u017cda rodzina kt\u00f3ra pragnie jeszcze przyj\u0105\u0107 Matk\u0119 Bo\u017c\u0105 mo\u017ce po Mszy \u015bw. o godz.18.00 zabra\u0107 obraz i przynie\u015b\u0107 do ko\u015bcio\u0142a nast\u0119pnego dnia na godz.18.00, wcze\u015bniej w zakrystii mo\u017cna si\u0119 zapisa\u0107, rezerwuj\u0105c sobie w ten spos\u00f3b dat\u0119.<\/li>\n\n\n\n<li>Zach\u0119camy do nabycia nowego nru \u201ePielgrzyma\u201d i \u201eGo\u015bcia Niedzielnego\u201d.<\/li>\n\n\n\n<li>Zapraszamy na adoracj\u0119 Pana Jezusa w Naj\u015bwi\u0119tszym Sakramencie w czwartek po Mszy \u015awi\u0119tej o godz.18.00, kt\u00f3ra trwa\u0107 b\u0119dzie do godz.19.30. W tym czasie mo\u017cna skorzysta\u0107 z spowiedzi \u015bwi\u0119tej.<\/li>\n\n\n\n<li>Zapraszamy na R\u00f3\u017caniec B\u0142agalny o pok\u00f3j w Ukrainie codziennie od poniedzia\u0142ku do soboty o godz.7.30.<\/li>\n\n\n\n<li>Msze \u015awi\u0119te: z podzi\u0119kowaniem za otrzymane \u0142aski za wstawiennictwem Matki Bo\u017cej Trzykro\u0107 Przedziwnej dla Rodzin przyjmuj\u0105cych Matk\u0119 Bo\u017c\u0105 Pielgrzymuj\u0105c\u0105 oraz z pro\u015bb\u0105 o dalsze wypraszanie \u0142ask dla tych Rodzin i Kap\u0142an\u00f3w naszej Parafii w poniedzia\u0142ek o godz.8.00, z pro\u015bb\u0105 o B\u0142og. Bo\u017ce dla naszych Kap\u0142an\u00f3w i Si\u00f3str R\u00f3\u017cy pw. \u015aw. Heleny oraz o ust\u0105pienie wszelkich kl\u0119sk i nieszcz\u0119\u015b\u0107 i o pok\u00f3j w \u015bwiecie i w naszych duszach we wtorek o godz.8.00, z podzi\u0119kowaniem za otrzymane \u0142aski za otrzymane \u0142aski, z pro\u015bba o dalsze Bo\u017ce b\u0142og., opiek\u0119 Matki Bo\u017cej dla 21 R\u00f3\u017cy Matek i ich Rodzin oraz Kap\u0142an\u00f3w naszej Parafii w czwartek o godz.18.00, w intencji Ojca \u015bwi\u0119tego, naszych biskup\u00f3w, kap\u0142an\u00f3w, ojca Jonasza i o powo\u0142ania kap\u0142a\u0144skie, zakonne, misyjne, do \u017cycia konsekrowanego i do Franciszka\u0144skiego Zakonu \u015awieckich w sobot\u0119 o godz.8.00.<\/li>\n\n\n\n<li>W przysz\u0142\u0105 drug\u0105 niedziel\u0119 miesi\u0105ca kolekta na nasze parafialne inwestycje.<\/li>\n\n\n\n<li>W minionym tygodniu odszed\u0142 po nagrod\u0119 do Pana \u015bp. Karol Bach z ul. Chmiele\u0144skiej \u2013 bliskim sk\u0142adamy serdeczne wyrazy wsp\u00f3\u0142czucia, a wszystkich naszych drogich Zmar\u0142ych polecamy Mi\u0142osierdziu Bo\u017cemu &#8211; Dobry Jezu\u2026<\/li>\n<\/ol>\n\n\n\n<p><strong>W tym tygodniu patronuj\u0105 nam:<\/strong><\/p>\n\n\n\n<p>&#8211; w \u015brod\u0119, 5 lutego \u2013 <strong>\u015awi\u0119ta Agata<\/strong>, m\u0119czennica sycylijska z pierwszych wiek\u00f3w chrze\u015bcija\u0144stwa, kt\u00f3rej kult szybko rozszerzy\u0142 si\u0119 na ca\u0142y Ko\u015bci\u00f3\u0142;<\/p>\n\n\n\n<p>&#8211; w czwartek, 6 lutego \u2013 <strong>\u015awi\u0119ci Pawe\u0142 Mika i jego Towarzysze<\/strong>, pierwsi m\u0119czennicy Dalekiego Wschodu.<\/p>\n\n\n\n<p>&nbsp;&nbsp;<strong>Naszym Drogim Parafianom i mi\u0142ym Go\u015bciom<\/strong> \u017cyczymy mi\u0142ej, z Bogiem prze\u017cytej niedzieli. Matce Bo\u017cej, Pani Naszej \u2013 Matce i Kr\u00f3lowej&nbsp; z Kartuskiego Raju&nbsp; polecamy nasze Rodziny, osoby starsze i chore, dzieci i m\u0142odzie\u017c&nbsp; &nbsp;<\/p>\n\n\n\n<p>&nbsp;&nbsp;&nbsp;&nbsp;&nbsp;&nbsp;&nbsp;&nbsp;&nbsp;&nbsp;&nbsp;&nbsp;&nbsp;&nbsp;&nbsp;&nbsp;&nbsp;&nbsp;&nbsp;&nbsp;&nbsp;&nbsp;&nbsp;&nbsp;&nbsp;&nbsp;&nbsp;&nbsp;&nbsp;&nbsp;&nbsp;&nbsp;&nbsp;&nbsp;&nbsp;&nbsp;&nbsp;&nbsp;&nbsp;&nbsp;&nbsp;&nbsp;&nbsp;&nbsp;&nbsp;&nbsp;&nbsp;&nbsp;&nbsp;&nbsp;&nbsp;&nbsp;&nbsp;&nbsp;&nbsp;&nbsp;&nbsp;&nbsp;&nbsp;&nbsp;&nbsp;&nbsp;&nbsp;&nbsp;&nbsp;&nbsp;&nbsp;&nbsp;&nbsp;&nbsp;&nbsp;&nbsp;&nbsp;&nbsp;&nbsp;&nbsp;&nbsp;&nbsp;&nbsp;&nbsp;&nbsp;&nbsp;&nbsp;&nbsp;&nbsp;&nbsp;&nbsp;&nbsp;&nbsp;&nbsp;&nbsp;&nbsp;&nbsp;&nbsp;&nbsp;&nbsp;&nbsp;&nbsp;&nbsp;&nbsp;&nbsp;&nbsp;&nbsp;&nbsp;&nbsp;&nbsp;&nbsp;&nbsp;&nbsp;&nbsp;&nbsp;&nbsp;&nbsp;&nbsp;&nbsp;&nbsp;&nbsp;&nbsp;&nbsp;&nbsp;&nbsp;&nbsp;&nbsp;&nbsp;&nbsp;&nbsp;&nbsp;&nbsp;&nbsp; Wasi Duszpasterze<\/p>\n","protected":false},"excerpt":{"rendered":"<p>Ofiarowanie Pa\u0144skie W tym tygodniu patronuj\u0105 nam: &#8211; w \u015brod\u0119, 5 lutego \u2013 \u015awi\u0119ta Agata, m\u0119czennica sycylijska z pierwszych wiek\u00f3w [&hellip;]<\/p>\n","protected":false},"author":4,"featured_media":0,"comment_status":"closed","ping_status":"","sticky":false,"template":"","format":"standard","meta":{"site-sidebar-layout":"default","site-content-layout":"","ast-site-content-layout":"default","site-content-style":"default","site-sidebar-style":"default","ast-global-header-display":"","ast-banner-title-visibility":"","ast-main-header-display":"","ast-hfb-above-header-display":"","ast-hfb-below-header-display":"","ast-hfb-mobile-header-display":"","site-post-title":"","ast-breadcrumbs-content":"","ast-featured-img":"","footer-sml-layout":"","theme-transparent-header-meta":"","adv-header-id-meta":"","stick-header-meta":"","header-above-stick-meta":"","header-main-stick-meta":"","header-below-stick-meta":"","astra-migrate-meta-layouts":"set","ast-page-background-enabled":"default","ast-page-background-meta":{"desktop":{"background-color":"var(--ast-global-color-4)","background-image":"","background-repeat":"repeat","background-position":"center center","background-size":"auto","background-attachment":"scroll","background-type":"","background-media":"","overlay-type":"","overlay-color":"","overlay-opacity":"","overlay-gradient":""},"tablet":{"background-color":"","background-image":"","background-repeat":"repeat","background-position":"center center","background-size":"auto","background-attachment":"scroll","background-type":"","background-media":"","overlay-type":"","overlay-color":"","overlay-opacity":"","overlay-gradient":""},"mobile":{"background-color":"","background-image":"","background-repeat":"repeat","background-position":"center center","background-size":"auto","background-attachment":"scroll","background-type":"","background-media":"","overlay-type":"","overlay-color":"","overlay-opacity":"","overlay-gradient":""}},"ast-content-background-meta":{"desktop":{"background-color":"var(--ast-global-color-5)","background-image":"","background-repeat":"repeat","background-position":"center center","background-size":"auto","background-attachment":"scroll","background-type":"","background-media":"","overlay-type":"","overlay-color":"","overlay-opacity":"","overlay-gradient":""},"tablet":{"background-color":"var(--ast-global-color-5)","background-image":"","background-repeat":"repeat","background-position":"center center","background-size":"auto","background-attachment":"scroll","background-type":"","background-media":"","overlay-type":"","overlay-color":"","overlay-opacity":"","overlay-gradient":""},"mobile":{"background-color":"var(--ast-global-color-5)","background-image":"","background-repeat":"repeat","background-position":"center center","background-size":"auto","background-attachment":"scroll","background-type":"","background-media":"","overlay-type":"","overlay-color":"","overlay-opacity":"","overlay-gradient":""}},"advanced_seo_description":"","jetpack_seo_html_title":"","jetpack_seo_noindex":false,"_jetpack_memberships_contains_paid_content":false,"footnotes":""},"categories":[4],"tags":[],"class_list":["post-1526","post","type-post","status-publish","format-standard","hentry","category-ogloszenia"],"jetpack_featured_media_url":"","jetpack-related-posts":[],"jetpack_sharing_enabled":true,"_links":{"self":[{"href":"https:\/\/kolegiatakartuzy.pl\/wp-test\/index.php?rest_route=\/wp\/v2\/posts\/1526","targetHints":{"allow":["GET"]}}],"collection":[{"href":"https:\/\/kolegiatakartuzy.pl\/wp-test\/index.php?rest_route=\/wp\/v2\/posts"}],"about":[{"href":"https:\/\/kolegiatakartuzy.pl\/wp-test\/index.php?rest_route=\/wp\/v2\/types\/post"}],"author":[{"embeddable":true,"href":"https:\/\/kolegiatakartuzy.pl\/wp-test\/index.php?rest_route=\/wp\/v2\/users\/4"}],"replies":[{"embeddable":true,"href":"https:\/\/kolegiatakartuzy.pl\/wp-test\/index.php?rest_route=%2Fwp%2Fv2%2Fcomments&post=1526"}],"version-history":[{"count":2,"href":"https:\/\/kolegiatakartuzy.pl\/wp-test\/index.php?rest_route=\/wp\/v2\/posts\/1526\/revisions"}],"predecessor-version":[{"id":1528,"href":"https:\/\/kolegiatakartuzy.pl\/wp-test\/index.php?rest_route=\/wp\/v2\/posts\/1526\/revisions\/1528"}],"wp:attachment":[{"href":"https:\/\/kolegiatakartuzy.pl\/wp-test\/index.php?rest_route=%2Fwp%2Fv2%2Fmedia&parent=1526"}],"wp:term":[{"taxonomy":"category","embeddable":true,"href":"https:\/\/kolegiatakartuzy.pl\/wp-test\/index.php?rest_route=%2Fwp%2Fv2%2Fcategories&post=1526"},{"taxonomy":"post_tag","embeddable":true,"href":"https:\/\/kolegiatakartuzy.pl\/wp-test\/index.php?rest_route=%2Fwp%2Fv2%2Ftags&post=1526"}],"curies":[{"name":"wp","href":"https:\/\/api.w.org\/{rel}","templated":true}]}}