{"id":1537,"date":"2025-02-15T10:22:33","date_gmt":"2025-02-15T09:22:33","guid":{"rendered":"https:\/\/kolegiatakartuzy.pl\/wp-test\/?p=1537"},"modified":"2025-02-16T10:24:49","modified_gmt":"2025-02-16T09:24:49","slug":"ogloszenia-duszpasterskie-na-dzien-16-02-2025-r","status":"publish","type":"post","link":"https:\/\/kolegiatakartuzy.pl\/wp-test\/?p=1537","title":{"rendered":"Og\u0142oszenia duszpasterskie na dzie\u0144 16.02.2025 r."},"content":{"rendered":"\n<h2 class=\"wp-block-heading has-text-align-center\">VI Niedziela Zwyk\u0142a<\/h2>\n\n\n\n<ol class=\"wp-block-list\">\n<li>Ka\u017cda niedziela jest wyj\u0105tkow\u0105 okazj\u0105 do dojrzewania naszej wiary, do pog\u0142\u0119biania i\u00a0zacie\u015bniania naszej osobistej relacji z Panem Bogiem. Jak\u017ce jest wa\u017cne, aby w tym procesie bra\u0142a udzia\u0142 ka\u017cda nasza rodzina i ca\u0142a wsp\u00f3lnota parafialna. Pozw\u00f3lmy Panu Jezusowi przemienia\u0107 nasze \u017cycie. Powierzajmy Mu trudy minionego tygodnia i nadzieje nadchodz\u0105cych dni. Niech On dzia\u0142a w naszych sercach, w\u00f3wczas codzienno\u015b\u0107 wype\u0142ni si\u0119 dobrem.<\/li>\n\n\n\n<li>Pami\u0119tajmy te\u017c, \u017ce tylko czerpi\u0105c obficie ze sto\u0142u s\u0142owa Bo\u017cego i sto\u0142u eucharystycznego, zostajemy uzdrowieni i umocnieni, aby \u015bwiadczy\u0107 o Chrystusie w\u015br\u00f3d tych, do kt\u00f3rych On nas posy\u0142a. Pami\u0119tajmy, \u017ce w ka\u017cdym spotkaniu drugi cz\u0142owiek potrzebuje naszej mi\u0142o\u015bci.<\/li>\n\n\n\n<li>W Ko\u015bciele powszechnym w ramach Roku Jubileuszowego 2025 w dniach 16 do 18 lutego b\u0119dzie trwa\u0142 Jubileusz Artyst\u00f3w, za\u015b w dniach 21 do 23 lutego \u2013 Jubileusz Diakon\u00f3w Sta\u0142ych.<\/li>\n\n\n\n<li>W sobot\u0119, 22 lutego, w kalendarzu liturgicznym przypada \u015bwi\u0119to <strong>Katedry \u015awi\u0119tego<\/strong> <strong>Piotra Aposto\u0142a<\/strong>. Ju\u017c od IV wieku wierni Rzymu obchodzili pami\u0105tk\u0119 za\u0142o\u017cenia gminy chrze\u015bcija\u0144skiej i obrania Wiecznego Miasta przez \u015awi\u0119tego Piotra Aposto\u0142a na stolic\u0119 Ko\u015bcio\u0142a Chrystusowego. Symbolem w\u0142adzy Piotrowej sta\u0142a si\u0119 pot\u0119\u017cna bazylika, wzniesiona w XVII wieku nad grobem pierwszego biskupa Rzymu. \u015awi\u0119to to jest przede wszystkim okazj\u0105 do wyra\u017cenia czci \u015awi\u0119temu Piotrowi i ka\u017cdemu jego nast\u0119pcy, kt\u00f3rzy zgodnie z wol\u0105 Chrystusa zostali postawieni jako pasterze ca\u0142ego Ko\u015bcio\u0142a powszechnego. Pami\u0119tajmy w\u00a0naszych modlitwach o papie\u017cu Franciszku. Naszym obowi\u0105zkiem jest wspiera\u0107 jego pastersk\u0105 pos\u0142ug\u0119 w niesieniu Ewangelii wszystkim narodom.<\/li>\n\n\n\n<li>Dzisiaj 16-ty dzie\u0144 miesi\u0105ca; po Mszy \u015awi\u0119tej o godz.18.00 odm\u00f3wimy modlitwy\u00a0 za wstawiennictwem <strong>\u015bw. Jana Paw\u0142a II.<\/strong><\/li>\n\n\n\n<li>Zach\u0119camy do nabycia nowego nru \u201e<strong>Go\u015bcia Niedzielnego<\/strong>\u201d i \u201e<strong>Pielgrzyma<\/strong>\u201d. \u00a0<\/li>\n\n\n\n<li><strong>Msze \u015awi\u0119te: <\/strong>Z podzi\u0119kowaniem za otrzymane \u0142aski za otrzymane \u0142aski, z pro\u015bba o dalsze Bo\u017ce b\u0142og., opiek\u0119 Matki Bo\u017cej dla Cz\u0142onkini Jadwigi Wierczy\u0144skiej z okazji 70 Urodzin od 40 R\u00f3\u017cy Matek pw. \u015aw. \u0141ucji w \u015brod\u0119 o godz.8.00, \u00a0w intencji Ma\u0142\u017conk\u00f3w i Rodzin ze Wsp\u00f3lnoty Sychar w pi\u0105tek o godz.18.00.<\/li>\n\n\n\n<li>Serdecznie zapraszamy wszystkich ch\u0119tnych na kolejne spotkanie\u00a0<strong>Kr\u0119gu Biblijnego<\/strong>\u00a0we wtorek o godz. 18.45 do salki parafialnej.<\/li>\n\n\n\n<li>Z dniem 28 lutego zako\u0144czymy w naszej parafii peregrynacj\u0119 obrazu <strong>Matki Bo\u017cej Nieustaj\u0105cej Pomocy<\/strong>. Pragniemy poinformowa\u0107, \u017ce rodziny kt\u00f3ra jeszcze pragn\u0105\u00a0 \u00a0\u00a0\u00a0przyj\u0105\u0107 Matk\u0119 Bo\u017c\u0105 mog\u0105 po Mszy \u015bw. o godz.18.00 zabra\u0107 obraz i przynie\u015b\u0107 do ko\u015bcio\u0142a nast\u0119pnego dnia na godz.18.00, wcze\u015bniej w zakrystii mo\u017cna si\u0119 zapisa\u0107, rezerwuj\u0105c sobie w ten spos\u00f3b dat\u0119.<\/li>\n\n\n\n<li>W pi\u0105tek po Mszy \u015awi\u0119tej wieczornej zapraszamy na spotkanie <strong>Wsp\u00f3lnoty Sychar<\/strong>.\u00a0\u00a0\u00a0\u00a0<\/li>\n\n\n\n<li>Zapraszamy na <strong>adoracj\u0119 Pana Jezusa w\u00a0 Naj\u015bwi\u0119tszym Sakramencie<\/strong> w czwartek po Mszy \u015awi\u0119tej o godz.18.00, kt\u00f3ra trwa\u0107 b\u0119dzie do godz.19.30. W tym czasie mo\u017cna skorzysta\u0107 z spowiedzi \u015bwi\u0119tej.<\/li>\n\n\n\n<li>Zapraszamy na <strong>R\u00f3\u017caniec B\u0142agalny<\/strong> o pok\u00f3j w Ukrainie codziennie od poniedzia\u0142ku do soboty o godz.7.30 &#8211; w \u015brod\u0119 o godz.8.00.\u00a0<\/li>\n\n\n\n<li>W poniedzia\u0142ek w naszej parafii prze\u017cywa\u0107 b\u0119dziemy <strong>MOST MODLITEWNY<\/strong> z naszym <strong>\u00a0Wy\u017cszym Seminarium Duchownym w Pelplinie. Zapraszamy do wsp\u00f3lnej modlitwy w intencji wszystkich przygotowuj\u0105cych si\u0119 do kap\u0142a\u0144stwa oraz o powo\u0142ania kap\u0142a\u0144skie w naszej Diecezji Pelpli\u0144skiej na r\u00f3\u017caniec na godz.17.30 i na nabo\u017ce\u0144stwo po Mszy \u015awi\u0119tej o godz.18.00. <\/strong><\/li>\n\n\n\n<li><strong>W przysz\u0142\u0105 niedziel\u0119 b\u0119dziemy w naszej parafii go\u015bcili ks. Pra\u0142ata\u00a0 Marka Trybowskiego, kt\u00f3ry b\u0119dzie g\u0142osi\u0142 S\u0142owo Bo\u017ce, a po Mszy \u015awi\u0119tej przeprowadzi zbi\u00f3rk\u0119 do puszek nasze Kartuskie Hospicjum.<\/strong><\/li>\n\n\n\n<li><strong>Apostolstwo Dobrej \u015amierci zaprasza do udzia\u0142u w pielgrzymce do Wilna w dniach od 28-31\u00a0 lipca 2025. Program: Wigry, Wilno, Troki i Sejny. Koszt \u2013 450 z\u0142 + 250 euro. Zapisy w biurze parafialnym, serdecznie zapraszamy do udzia\u0142u.<\/strong><\/li>\n\n\n\n<li><strong>B\u00f3g zap\u0142a\u0107 za ofiary z\u0142o\u017cone w ubieg\u0142\u0105 niedziel\u0119 na cele inwestycyjne, kt\u00f3re wynios\u0142y 9156 z\u0142 i 11 euro.<\/strong><\/li>\n\n\n\n<li>W minionym tygodniu odeszli\u00a0 po nagrod\u0119 do Pana \u015bp. <strong>Edmund Szczypior<\/strong> \u00a0\u00a0z ul. Podg\u00f3rnej i \u015bp. <strong>Maciej Wierzbicki<\/strong> z ul. Klasztornej\u2013 bliskim sk\u0142adamy serdeczne wyrazy wsp\u00f3\u0142czucia, a wszystkich naszych drogich Zmar\u0142ych polecamy Mi\u0142osierdziu Bo\u017cemu &#8211; Dobry Jezu\u2026\u00a0<\/li>\n<\/ol>\n\n\n\n<p><strong>Naszym Drogim Parafianom i mi\u0142ym Go\u015bciom<\/strong> \u017cyczymy mi\u0142ej, z Bogiem prze\u017cytej niedzieli. Matce Bo\u017cej, Pani Naszej \u2013 Matce i Kr\u00f3lowej&nbsp; z Kartuskiego Raju&nbsp; polecamy &nbsp;&nbsp;Osoby starsze i chore oraz Solenizant\u00f3w i Jubilat\u00f3w tego tygodnia.&nbsp;&nbsp;&nbsp;&nbsp;&nbsp;&nbsp;&nbsp;&nbsp;&nbsp;&nbsp;&nbsp;&nbsp;&nbsp;&nbsp;&nbsp;&nbsp;&nbsp;&nbsp;&nbsp;&nbsp;&nbsp;&nbsp;&nbsp;&nbsp;&nbsp;&nbsp;&nbsp;&nbsp;&nbsp;&nbsp;&nbsp;&nbsp;&nbsp;&nbsp;&nbsp;&nbsp;&nbsp;&nbsp;&nbsp;&nbsp;&nbsp;&nbsp;&nbsp;&nbsp;&nbsp;&nbsp;&nbsp;&nbsp;&nbsp;&nbsp;&nbsp;&nbsp;&nbsp;&nbsp;&nbsp;&nbsp;&nbsp;&nbsp;&nbsp;&nbsp;&nbsp;&nbsp;&nbsp;&nbsp;&nbsp;&nbsp;&nbsp;&nbsp;&nbsp;&nbsp;&nbsp;&nbsp;&nbsp;&nbsp;&nbsp;&nbsp;&nbsp;&nbsp;&nbsp;&nbsp;&nbsp;&nbsp;&nbsp;&nbsp;&nbsp;&nbsp;&nbsp;&nbsp;&nbsp;&nbsp;&nbsp;&nbsp;&nbsp;&nbsp;&nbsp;&nbsp;&nbsp;&nbsp;&nbsp;&nbsp;&nbsp;&nbsp;&nbsp;&nbsp;&nbsp;&nbsp;&nbsp;&nbsp;&nbsp;&nbsp;&nbsp;<\/p>\n\n\n\n<p>&nbsp;&nbsp;&nbsp;&nbsp;&nbsp;&nbsp;&nbsp;&nbsp;&nbsp;&nbsp;&nbsp;&nbsp;&nbsp;&nbsp;&nbsp;&nbsp;&nbsp;&nbsp;&nbsp;&nbsp;&nbsp;&nbsp;&nbsp;&nbsp;&nbsp;&nbsp;&nbsp;&nbsp;&nbsp;&nbsp;&nbsp;&nbsp;&nbsp;&nbsp;&nbsp;&nbsp;&nbsp;&nbsp;&nbsp;&nbsp;&nbsp;&nbsp;&nbsp;&nbsp;&nbsp;&nbsp;&nbsp;&nbsp;&nbsp;&nbsp;&nbsp;&nbsp;&nbsp;&nbsp;&nbsp;&nbsp;&nbsp;&nbsp;&nbsp;&nbsp;&nbsp;&nbsp;&nbsp;&nbsp;&nbsp;&nbsp; &nbsp;&nbsp;&nbsp;&nbsp;&nbsp;&nbsp;&nbsp;&nbsp;&nbsp;&nbsp;&nbsp;&nbsp;&nbsp;&nbsp;&nbsp;&nbsp;&nbsp;&nbsp;&nbsp;&nbsp;&nbsp;&nbsp;&nbsp;&nbsp;&nbsp;&nbsp;&nbsp;&nbsp;&nbsp;&nbsp;&nbsp;&nbsp;&nbsp;&nbsp;&nbsp;&nbsp;&nbsp;Wasi Duszpasterze<\/p>\n","protected":false},"excerpt":{"rendered":"<p>VI Niedziela Zwyk\u0142a Naszym Drogim Parafianom i mi\u0142ym Go\u015bciom \u017cyczymy mi\u0142ej, z Bogiem prze\u017cytej niedzieli. Matce Bo\u017cej, Pani Naszej \u2013 [&hellip;]<\/p>\n","protected":false},"author":4,"featured_media":0,"comment_status":"closed","ping_status":"","sticky":false,"template":"","format":"standard","meta":{"site-sidebar-layout":"default","site-content-layout":"","ast-site-content-layout":"default","site-content-style":"default","site-sidebar-style":"default","ast-global-header-display":"","ast-banner-title-visibility":"","ast-main-header-display":"","ast-hfb-above-header-display":"","ast-hfb-below-header-display":"","ast-hfb-mobile-header-display":"","site-post-title":"","ast-breadcrumbs-content":"","ast-featured-img":"","footer-sml-layout":"","theme-transparent-header-meta":"","adv-header-id-meta":"","stick-header-meta":"","header-above-stick-meta":"","header-main-stick-meta":"","header-below-stick-meta":"","astra-migrate-meta-layouts":"set","ast-page-background-enabled":"default","ast-page-background-meta":{"desktop":{"background-color":"var(--ast-global-color-4)","background-image":"","background-repeat":"repeat","background-position":"center center","background-size":"auto","background-attachment":"scroll","background-type":"","background-media":"","overlay-type":"","overlay-color":"","overlay-opacity":"","overlay-gradient":""},"tablet":{"background-color":"","background-image":"","background-repeat":"repeat","background-position":"center center","background-size":"auto","background-attachment":"scroll","background-type":"","background-media":"","overlay-type":"","overlay-color":"","overlay-opacity":"","overlay-gradient":""},"mobile":{"background-color":"","background-image":"","background-repeat":"repeat","background-position":"center center","background-size":"auto","background-attachment":"scroll","background-type":"","background-media":"","overlay-type":"","overlay-color":"","overlay-opacity":"","overlay-gradient":""}},"ast-content-background-meta":{"desktop":{"background-color":"var(--ast-global-color-5)","background-image":"","background-repeat":"repeat","background-position":"center center","background-size":"auto","background-attachment":"scroll","background-type":"","background-media":"","overlay-type":"","overlay-color":"","overlay-opacity":"","overlay-gradient":""},"tablet":{"background-color":"var(--ast-global-color-5)","background-image":"","background-repeat":"repeat","background-position":"center center","background-size":"auto","background-attachment":"scroll","background-type":"","background-media":"","overlay-type":"","overlay-color":"","overlay-opacity":"","overlay-gradient":""},"mobile":{"background-color":"var(--ast-global-color-5)","background-image":"","background-repeat":"repeat","background-position":"center center","background-size":"auto","background-attachment":"scroll","background-type":"","background-media":"","overlay-type":"","overlay-color":"","overlay-opacity":"","overlay-gradient":""}},"advanced_seo_description":"","jetpack_seo_html_title":"","jetpack_seo_noindex":false,"_jetpack_memberships_contains_paid_content":false,"footnotes":""},"categories":[4],"tags":[],"class_list":["post-1537","post","type-post","status-publish","format-standard","hentry","category-ogloszenia"],"jetpack_featured_media_url":"","jetpack-related-posts":[],"jetpack_sharing_enabled":true,"_links":{"self":[{"href":"https:\/\/kolegiatakartuzy.pl\/wp-test\/index.php?rest_route=\/wp\/v2\/posts\/1537","targetHints":{"allow":["GET"]}}],"collection":[{"href":"https:\/\/kolegiatakartuzy.pl\/wp-test\/index.php?rest_route=\/wp\/v2\/posts"}],"about":[{"href":"https:\/\/kolegiatakartuzy.pl\/wp-test\/index.php?rest_route=\/wp\/v2\/types\/post"}],"author":[{"embeddable":true,"href":"https:\/\/kolegiatakartuzy.pl\/wp-test\/index.php?rest_route=\/wp\/v2\/users\/4"}],"replies":[{"embeddable":true,"href":"https:\/\/kolegiatakartuzy.pl\/wp-test\/index.php?rest_route=%2Fwp%2Fv2%2Fcomments&post=1537"}],"version-history":[{"count":1,"href":"https:\/\/kolegiatakartuzy.pl\/wp-test\/index.php?rest_route=\/wp\/v2\/posts\/1537\/revisions"}],"predecessor-version":[{"id":1538,"href":"https:\/\/kolegiatakartuzy.pl\/wp-test\/index.php?rest_route=\/wp\/v2\/posts\/1537\/revisions\/1538"}],"wp:attachment":[{"href":"https:\/\/kolegiatakartuzy.pl\/wp-test\/index.php?rest_route=%2Fwp%2Fv2%2Fmedia&parent=1537"}],"wp:term":[{"taxonomy":"category","embeddable":true,"href":"https:\/\/kolegiatakartuzy.pl\/wp-test\/index.php?rest_route=%2Fwp%2Fv2%2Fcategories&post=1537"},{"taxonomy":"post_tag","embeddable":true,"href":"https:\/\/kolegiatakartuzy.pl\/wp-test\/index.php?rest_route=%2Fwp%2Fv2%2Ftags&post=1537"}],"curies":[{"name":"wp","href":"https:\/\/api.w.org\/{rel}","templated":true}]}}