{"id":1984,"date":"2026-01-03T22:44:52","date_gmt":"2026-01-03T21:44:52","guid":{"rendered":"https:\/\/kolegiatakartuzy.pl\/wp-test\/?p=1984"},"modified":"2026-01-05T21:59:29","modified_gmt":"2026-01-05T20:59:29","slug":"ogloszenia-duszpasterskie-na-dzien-04-01-2026-r","status":"publish","type":"post","link":"https:\/\/kolegiatakartuzy.pl\/wp-test\/?p=1984","title":{"rendered":"Og\u0142oszenia duszpasterskie na dzie\u0144 04.01.2026 r."},"content":{"rendered":"\n<h2 class=\"wp-block-heading has-text-align-center\">II Niedziela po Bo\u017cym Narodzeniu<\/h2>\n\n\n\n<ol class=\"wp-block-list\">\n<li>Trwamy w rado\u015bci z narodzin Chrystusa, obchodz\u0105c drug\u0105 niedziel\u0119 po Narodzeniu Pa\u0144skim. Modlimy si\u0119 dzisiaj, aby B\u00f3g nape\u0142ni\u0142 ca\u0142y \u015bwiat swoj\u0105 chwa\u0142\u0105 i ukaza\u0142 si\u0119 wszystkim narodom.<\/li>\n\n\n\n<li>We wtorek b\u0119dziemy obchodzi\u0107 uroczysto\u015b\u0107 <strong>Objawienia Pa\u0144skiego<\/strong>, nazywan\u0105 w naszej polskiej tradycji \u015bwi\u0119tem Trzech Kr\u00f3li. \u015awi\u0119to to jest starsze ni\u017c Bo\u017ce Narodzenie i przypomina prawd\u0119, \u017ce B\u00f3g przyszed\u0142 nie tylko do Narodu Wybranego, ale do wszystkich ludzi. M\u0119drcy ze Wschodu, przybywaj\u0105cy z pok\u0142onem do nowonarodzonego Kr\u00f3la, s\u0105 reprezentantami wszystkich narod\u00f3w i lud\u00f3w. Jest to uroczysto\u015b\u0107, kt\u00f3ra zobowi\u0105zuje katolik\u00f3w do uczestnictwa w Eucharystii. Msze \u015awi\u0119te jak w niedziele. Tego dnia w&nbsp;ko\u015bciele pob\u0142ogos\u0142awimy kadzid\u0142o i kred\u0119, kt\u00f3r\u0105 \u2013 zgodnie z dawnym polskim zwyczajem \u2013 na drzwiach naszych dom\u00f3w kre\u015blimy pierwsze litery imion M\u0119drc\u00f3w ze Wschodu<strong>: Kacpra, Melchiora i Baltazara (C + M + B), dodaj\u0105c cyfry roku Pa\u0144skiego<\/strong>. Ten zapis t\u0142umaczymy te\u017c jako pro\u015bb\u0119, aby Chrystus pob\u0142ogos\u0142awi\u0142 nasz dom: \u201e<strong>Christus mansionem benedicat<\/strong>\u201d. Takie oznakowanie drzwi naszych dom\u00f3w stanowi \u015bwiadectwo wiary wobec naszych braci i si\u00f3str. Kolekta w tym dniu na misje katolickie.<\/li>\n\n\n\n<li>W uroczysto\u015b\u0107 Trzech Kr\u00f3li Msz\u0119 \u015awi\u0119t\u0105 o godz.9.30 u\u015bwietni kol\u0119dowaniem <strong>Orkiestra Ochotniczej Stra\u017cy Po\u017carnej w Kartuzach<\/strong> \u2013 zapraszamy ju\u017c na godz.9.15 na kol\u0119dowanie przed rozpocz\u0119ciem Mszy \u015awi\u0119tej.&nbsp;<\/li>\n\n\n\n<li>W uroczysto\u015b\u0107 Objawienia Pa\u0144skiego w naszym mie\u015bcie odb\u0119dzie&nbsp;si\u0119 <strong>Orszak Trzech Kr\u00f3li<\/strong>. Z&nbsp; ka\u017cdej&nbsp;parafii wyruszy Orszak ka\u017cdego z kr\u00f3li, aby p\u00f3\u017aniej wsp\u00f3lnie pok\u0142oni\u0107 si\u0119 Nowonarodzonemu Jezusowi na kartuskim Rynku. W naszej parafii zbi\u00f3rka&nbsp;wszystkich ch\u0119tnych do wzi\u0119cia&nbsp;udzia\u0142u w Orszaku pod krzy\u017cem przy Kolegiacie o godz. 14:30. Nast\u0119pnie pod przewodnictwem jednego z Trzech Kr\u00f3li udamy si\u0119&nbsp;ulicami: Klasztorn\u0105, 3-go Maja i Ko\u015bciuszki, aby oko\u0142o godz. 15:00 dotrze\u0107 na Kartuski Rynek. Serdecznie zapraszamy do wzi\u0119cia udzia\u0142u w Orszaku i wsp\u00f3lnego kol\u0119dowania.&nbsp;<\/li>\n\n\n\n<li>W \u015brod\u0119, pierwsz\u0105 miesi\u0105ca Rodzina R\u00f3\u017ca\u0144cowa zaprasza na godz.17.00 na <strong>nabo\u017ce\u0144stwo w intencji naszej Ojczyzny.<\/strong><\/li>\n\n\n\n<li>W przysz\u0142\u0105 niedziel\u0119 \u2013 <strong>Niedziela Chrztu Pa\u0144skiego<\/strong>, kt\u00f3ra ko\u0144czy liturgiczny okres Bo\u017cego Narodzenia. To uroczyste rozpocz\u0119cie publicznej dzia\u0142alno\u015bci Chrystusa Pana. To jednocze\u015bnie wezwanie dla nas, aby\u015bmy powracali zar\u00f3wno do wydarzenia nad Jordanem, jak i do naszego chrztu, kiedy zostali\u015bmy wszczepieni w Chrystusa, umi\u0142owanego Syna Bo\u017cego, i stawiali sobie pytania: czy rzeczywi\u015bcie jeste\u015bmy Jemu wierni i czy nasz\u0105 wierno\u015b\u0107 wci\u0105\u017c pog\u0142\u0119biamy i umacniamy?<\/li>\n\n\n\n<li>W przysz\u0142\u0105 drug\u0105 niedziel\u0119 miesi\u0105ca kolekta na nasze parafialne inwestycje.<\/li>\n\n\n\n<li>Zach\u0119camy do nabywania nowego nru \u201e<strong>Go\u015bcia Niedzielnego<\/strong>\u201d i \u201e<strong>Pielgrzyma<\/strong>\u201d. &nbsp;<\/li>\n\n\n\n<li>Trwa <strong>kol\u0119da<\/strong>, odwiedzamy z b\u0142ogos\u0142awie\u0144stwem i modlitw\u0105 zawierzaj\u0105c Rodziny naszej Parafii&nbsp; dobremu Bogu. W ostatnim dniu, tj. 22 stycznia 2026 b\u0119dzie jeszcze mo\u017cliwo\u015b\u0107 przyj\u0119cia kol\u0119dy w domu, je\u015bli nie by\u0142o mo\u017cna w swoim rejonie kol\u0119dowym lub b\u0119dzie mo\u017cna w tym dniu uczestniczy\u0107 w Mszy \u015awi\u0119tej przez tych, kt\u00f3rzy nie przyj\u0119li kol\u0119dy w domu, tak jak to miejsce dwa lata temu oraz w ubieg\u0142ym roku; ofiary sk\u0142adane w czasie kol\u0119dy, za kt\u00f3re sk\u0142adamy serdeczne B\u00f3g zap\u0142a\u0107 przeznaczymy tradycyjnie na nasze parafialne inwestycje.&nbsp; Oto terminy kol\u0119d na najbli\u017cszy czas, a ca\u0142y plan kol\u0119d jest wywieszony w gablocie og\u0142osze\u0144 oraz znajdziemy r\u00f3wnie\u017c na stronie internetowej naszej Parafii:<\/li>\n<\/ol>\n\n\n\n<figure class=\"wp-block-table\"><table class=\"has-fixed-layout\"><tbody><tr><td><strong>4.01.26<\/strong> <strong>niedziela<\/strong><\/td><td><strong>&nbsp;\u0141\u0105kowa&nbsp; i Krasickiego<\/strong><\/td><td><strong>15.00<\/strong><\/td><td><strong>4<\/strong><\/td><\/tr><tr><td><strong>5.01.26<\/strong> <strong>poniedzia\u0142ek<\/strong><\/td><td><strong>M\u015bciwoja II nry: 15,30,32,34,36<\/strong> <strong>&nbsp;<\/strong><\/td><td><strong>16.00<\/strong><\/td><td><strong>3<\/strong><\/td><\/tr><tr><td><strong>6.01.26&nbsp;&nbsp;<\/strong> <strong>wtorek<\/strong><\/td><td><strong>M\u015bciwoja II nry: 1, 2,10, 13,&nbsp; 20, 22, 26 i S\u0142oneczna&nbsp;&nbsp;&nbsp;&nbsp;&nbsp;&nbsp;&nbsp;&nbsp;<\/strong><\/td><td><strong>15.00<\/strong><\/td><td><strong>3<\/strong><\/td><\/tr><tr><td><strong>7.01.26<\/strong> <strong>\u015broda<\/strong><\/td><td><strong>Sambora parzyste strona prawa, Miko\u0142aja Reja<\/strong><\/td><td><strong>16.00<\/strong> <strong>&nbsp;<\/strong><\/td><td><strong>3<\/strong><\/td><\/tr><tr><td><strong>8.01.26<\/strong> <strong>czwartek<\/strong> <strong>&nbsp;<\/strong><\/td><td><strong>Sambora numery nieparzyste strona lewa, Dra Majkowskiego numery nieparzyste strona lewa<\/strong><\/td><td><strong>16.00<\/strong><\/td><td><strong>3<\/strong><\/td><\/tr><tr><td><strong>9.01.26<\/strong> <strong>pi\u0105tek<\/strong><\/td><td><strong>Dra Majkowskiego numery parzyste strona prawa&nbsp;&nbsp;<\/strong> <strong>&nbsp;<\/strong><\/td><td><strong>16.00<\/strong><\/td><td><strong>3<\/strong><\/td><\/tr><tr><td><strong>10.01.26<\/strong> <strong>sobota<\/strong><\/td><td><strong>Prokowska 40<\/strong><\/td><td><strong>15.00<\/strong><\/td><td><strong>3<\/strong><\/td><\/tr><tr><td><strong>11.01.26<\/strong> <strong>niedziela<\/strong><\/td><td><strong>Boh. Westerplatte<\/strong> <strong>Obro\u0144c\u00f3w Poczty Polskiej <\/strong><br><br><br><strong>Gdy\u0144skich Kosynier\u00f3w\u00a0\u00a0<\/strong><\/td><td><strong>15.00<\/strong><br><br><br><br><strong>ok. 17.00<\/strong><\/td><td><strong>3<\/strong><\/td><\/tr><tr><td><strong>12.01.26<\/strong> <strong>poniedzia\u0142ek<\/strong><\/td><td><strong>Os. XX Lecia 1, 2, 3 i 4, Ceynowy<\/strong><\/td><td><strong>16.00<\/strong><\/td><td><strong>3<\/strong> <strong>&nbsp;<\/strong><\/td><\/tr><\/tbody><\/table><\/figure>\n\n\n\n<p>10. <strong>Msza \u015awi\u0119te:<\/strong> &nbsp;+Elwir\u0119 Benkowsk\u0105-Regli\u0144sk\u0105 od kole\u017canek i koleg\u00f3w z kartuskiego Klubu Seniora Kaszubski Dw\u00f3r w poniedzia\u0142ek o godz.8.00, w intencji Ojca \u015bw, naszych Biskup\u00f3w, Kap\u0142an\u00f3w, Ojca Jonasza i o powo\u0142ania kap\u0142a\u0144skie, zakonne, misyjne, do \u017cycia konsekrowanego i do F.Z.\u015a. w sobot\u0119 o godz.8.00.<\/p>\n\n\n\n<ol class=\"wp-block-list\">\n<li><\/li>\n<\/ol>\n\n\n\n<p>11. <strong>Dyrekcja Katolickiej Szko\u0142y Podstawowej im. \u015bw. Jana Paw\u0142a II<\/strong> w Kartuzach organizuje <strong>dzie\u0144 otwarty<\/strong> szko\u0142y katolickiej w niedziel\u0119, 11 stycznia br. w godzinach od 8.30 do 13.30. Otwieramy jedn\u0105 klas\u0119 pierwsz\u0105 i dwie klasy czwarte. Mamy r\u00f3wnie\u017c pojedyncze miejsca w innych klasach szko\u0142y podstawowej. Zapraszamy do odwiedzenia naszej plac\u00f3wki w Kartuzach na Rynku oraz zapoznania si\u0119 z ofert\u0105 edukacyjn\u0105. Informacje o szkole mo\u017cna uzyska\u0107 na oficjalnej stronie internetowej (www.katolik.kartuzy.pl) oraz profilu Facebook. Tel. kontaktowy 515 135 661 lub 506 299 471.<\/p>\n\n\n\n<p>Wszystkim Parafianom i Go\u015bciom \u017cyczymy pi\u0119knego i b\u0142ogos\u0142awionego czasu okresu Narodzenia Pa\u0144skiego. Trwajmy w tej rado\u015bci. Nie zapominamy o tych naszych braciach i siostrach, kt\u00f3rzy obchodz\u0105 swoje osobiste uroczysto\u015bci. Zapewniamy o naszej pami\u0119ci, \u017cyczliwo\u015bci i modlitwie. Niech Jezus wraz z Maryj\u0105 i \u015bw. J\u00f3zefem wspiera i b\u0142ogos\u0142awi solenizantom i jubilatom w nadchodz\u0105cych dniach. Pan B\u00f3g daje nam kolejny rok. Nie wiemy, co nas czeka w tym czasie, kt\u00f3ry przed nami si\u0119 otwiera. Jedno jest pewne: jeste\u015bmy dzie\u0107mi Boga. Stw\u00f3rca bardzo nas kocha i nigdy nie zostawia nas samych<\/p>\n\n\n\n<p>&nbsp;&nbsp;&nbsp;&nbsp;&nbsp;&nbsp;&nbsp;&nbsp;&nbsp;&nbsp;&nbsp;&nbsp;&nbsp;&nbsp;&nbsp;&nbsp;&nbsp;&nbsp;&nbsp;&nbsp;&nbsp;&nbsp;&nbsp;&nbsp;&nbsp;&nbsp;&nbsp;&nbsp;&nbsp;&nbsp;&nbsp;&nbsp;&nbsp;&nbsp;&nbsp;&nbsp;&nbsp;&nbsp;&nbsp;&nbsp;&nbsp;&nbsp;&nbsp;&nbsp;&nbsp;&nbsp;&nbsp;&nbsp;&nbsp;&nbsp;&nbsp;&nbsp;&nbsp;&nbsp;&nbsp;&nbsp;&nbsp;&nbsp;&nbsp;&nbsp;&nbsp;&nbsp;&nbsp;&nbsp;&nbsp;&nbsp;&nbsp;&nbsp;&nbsp;&nbsp;&nbsp;&nbsp;&nbsp;&nbsp;&nbsp;&nbsp;&nbsp;&nbsp;&nbsp;&nbsp;&nbsp;&nbsp;&nbsp;&nbsp;&nbsp;&nbsp;&nbsp;&nbsp;&nbsp;&nbsp;&nbsp;&nbsp;&nbsp;&nbsp;&nbsp;&nbsp;&nbsp;&nbsp;&nbsp;&nbsp;&nbsp;&nbsp;&nbsp;&nbsp;&nbsp;&nbsp;&nbsp;&nbsp;&nbsp;&nbsp;&nbsp;&nbsp;&nbsp; Wasi Duszpasterze<\/p>\n","protected":false},"excerpt":{"rendered":"<p>II Niedziela po Bo\u017cym Narodzeniu 4.01.26 niedziela &nbsp;\u0141\u0105kowa&nbsp; i Krasickiego 15.00 4 5.01.26 poniedzia\u0142ek M\u015bciwoja II nry: 15,30,32,34,36 &nbsp; 16.00 [&hellip;]<\/p>\n","protected":false},"author":4,"featured_media":0,"comment_status":"closed","ping_status":"","sticky":false,"template":"","format":"standard","meta":{"site-sidebar-layout":"default","site-content-layout":"","ast-site-content-layout":"default","site-content-style":"default","site-sidebar-style":"default","ast-global-header-display":"","ast-banner-title-visibility":"","ast-main-header-display":"","ast-hfb-above-header-display":"","ast-hfb-below-header-display":"","ast-hfb-mobile-header-display":"","site-post-title":"","ast-breadcrumbs-content":"","ast-featured-img":"","footer-sml-layout":"","theme-transparent-header-meta":"","adv-header-id-meta":"","stick-header-meta":"","header-above-stick-meta":"","header-main-stick-meta":"","header-below-stick-meta":"","astra-migrate-meta-layouts":"set","ast-page-background-enabled":"default","ast-page-background-meta":{"desktop":{"background-color":"var(--ast-global-color-4)","background-image":"","background-repeat":"repeat","background-position":"center center","background-size":"auto","background-attachment":"scroll","background-type":"","background-media":"","overlay-type":"","overlay-color":"","overlay-opacity":"","overlay-gradient":""},"tablet":{"background-color":"","background-image":"","background-repeat":"repeat","background-position":"center center","background-size":"auto","background-attachment":"scroll","background-type":"","background-media":"","overlay-type":"","overlay-color":"","overlay-opacity":"","overlay-gradient":""},"mobile":{"background-color":"","background-image":"","background-repeat":"repeat","background-position":"center center","background-size":"auto","background-attachment":"scroll","background-type":"","background-media":"","overlay-type":"","overlay-color":"","overlay-opacity":"","overlay-gradient":""}},"ast-content-background-meta":{"desktop":{"background-color":"var(--ast-global-color-5)","background-image":"","background-repeat":"repeat","background-position":"center center","background-size":"auto","background-attachment":"scroll","background-type":"","background-media":"","overlay-type":"","overlay-color":"","overlay-opacity":"","overlay-gradient":""},"tablet":{"background-color":"var(--ast-global-color-5)","background-image":"","background-repeat":"repeat","background-position":"center center","background-size":"auto","background-attachment":"scroll","background-type":"","background-media":"","overlay-type":"","overlay-color":"","overlay-opacity":"","overlay-gradient":""},"mobile":{"background-color":"var(--ast-global-color-5)","background-image":"","background-repeat":"repeat","background-position":"center center","background-size":"auto","background-attachment":"scroll","background-type":"","background-media":"","overlay-type":"","overlay-color":"","overlay-opacity":"","overlay-gradient":""}},"advanced_seo_description":"","jetpack_seo_html_title":"","jetpack_seo_noindex":false,"_jetpack_memberships_contains_paid_content":false,"footnotes":""},"categories":[4],"tags":[],"class_list":["post-1984","post","type-post","status-publish","format-standard","hentry","category-ogloszenia"],"jetpack_featured_media_url":"","jetpack-related-posts":[],"jetpack_sharing_enabled":true,"_links":{"self":[{"href":"https:\/\/kolegiatakartuzy.pl\/wp-test\/index.php?rest_route=\/wp\/v2\/posts\/1984","targetHints":{"allow":["GET"]}}],"collection":[{"href":"https:\/\/kolegiatakartuzy.pl\/wp-test\/index.php?rest_route=\/wp\/v2\/posts"}],"about":[{"href":"https:\/\/kolegiatakartuzy.pl\/wp-test\/index.php?rest_route=\/wp\/v2\/types\/post"}],"author":[{"embeddable":true,"href":"https:\/\/kolegiatakartuzy.pl\/wp-test\/index.php?rest_route=\/wp\/v2\/users\/4"}],"replies":[{"embeddable":true,"href":"https:\/\/kolegiatakartuzy.pl\/wp-test\/index.php?rest_route=%2Fwp%2Fv2%2Fcomments&post=1984"}],"version-history":[{"count":3,"href":"https:\/\/kolegiatakartuzy.pl\/wp-test\/index.php?rest_route=\/wp\/v2\/posts\/1984\/revisions"}],"predecessor-version":[{"id":1989,"href":"https:\/\/kolegiatakartuzy.pl\/wp-test\/index.php?rest_route=\/wp\/v2\/posts\/1984\/revisions\/1989"}],"wp:attachment":[{"href":"https:\/\/kolegiatakartuzy.pl\/wp-test\/index.php?rest_route=%2Fwp%2Fv2%2Fmedia&parent=1984"}],"wp:term":[{"taxonomy":"category","embeddable":true,"href":"https:\/\/kolegiatakartuzy.pl\/wp-test\/index.php?rest_route=%2Fwp%2Fv2%2Fcategories&post=1984"},{"taxonomy":"post_tag","embeddable":true,"href":"https:\/\/kolegiatakartuzy.pl\/wp-test\/index.php?rest_route=%2Fwp%2Fv2%2Ftags&post=1984"}],"curies":[{"name":"wp","href":"https:\/\/api.w.org\/{rel}","templated":true}]}}