{"id":1990,"date":"2026-01-10T14:25:50","date_gmt":"2026-01-10T13:25:50","guid":{"rendered":"https:\/\/kolegiatakartuzy.pl\/wp-test\/?p=1990"},"modified":"2026-01-10T14:25:50","modified_gmt":"2026-01-10T13:25:50","slug":"ogloszenia-duszpasterskie-na-dzien-11-01-2026-r","status":"publish","type":"post","link":"https:\/\/kolegiatakartuzy.pl\/wp-test\/?p=1990","title":{"rendered":"Og\u0142oszenia duszpasterskie na dzie\u0144 11.01.2026 r."},"content":{"rendered":"\n<h2 class=\"wp-block-heading has-text-align-center\">Niedziela Chrztu Pa\u0144skiego<\/h2>\n\n\n\n<ol class=\"wp-block-list\">\n<li><strong>Wspomnienie wydarzenia nad Jordanem, gdzie Pan Jezus przyj\u0105\u0142 chrzest, a tak\u017ce gdzie B\u00f3g potwierdzi\u0142, \u017ce jest On Jego Synem, ko\u0144czy okres Narodzenia Pa\u0144skiego.<\/strong> Od jutra w\u00a0liturgii rozpoczyna si\u0119 tak zwany okres zwyk\u0142y \u2013 w ci\u0105gu roku. Jednak w naszej tradycji przed\u0142u\u017camy \u015bpiewanie kol\u0119d do 2 lutego, czyli do \u015bwi\u0119ta Ofiarowania Pa\u0144skiego, zwanego u\u00a0nas \u015bwi\u0119tem Matki Bo\u017cej Gromnicznej, kt\u00f3re bezpo\u015brednio wi\u0105\u017ce si\u0119 z Bo\u017cym Narodzeniem. Zapami\u0119tajmy dzi\u015b s\u0142owa Boga Ojca o Jezusie: \u201eTo jest m\u00f3j Syn umi\u0142owany, Jego s\u0142uchajcie\u201d.<\/li>\n<\/ol>\n\n\n\n<p>2. Wspominaj\u0105c <strong>Chrzest Pana Jezusa w Jordanie<\/strong>, my\u015blimy tak\u017ce o naszym chrzcie, kt\u00f3ry jest pocz\u0105tkiem i fundamentem naszego chrze\u015bcija\u0144skiego \u017cycia, czyli naszej przyja\u017ani, komunii z&nbsp;Panem Bogiem. W tym sakramencie otrzymali\u015bmy godno\u015b\u0107 przybranego dziecka Bo\u017cego i&nbsp;dar Bo\u017cej mi\u0142o\u015bci. Zostali\u015bmy te\u017c w\u0142\u0105czeni do wsp\u00f3lnoty Ko\u015bcio\u0142a. Przyj\u0119cie chrztu jest dla nas jednocze\u015bnie wielkim zobowi\u0105zaniem. Musimy bowiem pod\u0105\u017ca\u0107 drog\u0105 coraz wi\u0119kszego upodabniania si\u0119 do Chrystusa, to znaczy kocha\u0107 Go coraz wi\u0119cej i uczy\u0107 si\u0119 od Niego, jak kocha\u0107 bli\u017anich.<\/p>\n\n\n\n<p>3. Zatrzymajmy si\u0119 na moment przy chrzcielnicy w naszym ko\u015bciele, aby podzi\u0119kowa\u0107 za dar dzieci\u0119ctwa Bo\u017cego, ale tak\u017ce zda\u0107 sobie spraw\u0119 z naszej odpowiedzialno\u015bci za budowanie Ko\u015bcio\u0142a na ziemi, za g\u0142oszenie innym Chrystusa i zachwycanie nasz\u0105 wiar\u0105.<\/p>\n\n\n\n<p>4.W sobot\u0119, 17 stycznia, obchodzimy <strong>Dzie\u0144 Judaizmu<\/strong>. Spr\u00f3bujmy tego dnia szczeg\u00f3lnie si\u0119gn\u0105\u0107 po Pismo \u015awi\u0119te, aby tam szuka\u0107 wsp\u00f3lnych korzeni naszej wiary i uczy\u0107 si\u0119 od Abrahama, jak bez reszty zaufa\u0107 Panu Bogu.<\/p>\n\n\n\n<p>5.W dniach od 18 do 25 stycznia w Ko\u015bciele b\u0119dzie trwa\u0142 <strong>Tydzie\u0144 Powszechnej Modlitw o&nbsp;Jedno\u015b\u0107 Chrze\u015bcijan<\/strong>. \u201ePowszechnej\u201d, gdy\u017c w tym samym czasie podejmuj\u0105 j\u0105 wszystkie Ko\u015bcio\u0142y chrze\u015bcija\u0144skie. Uczy\u0144my wszystko, co w naszej mocy, aby ka\u017cdego dnia wype\u0142nia\u0107 polecenie Pana Jezusa, aby\u015bmy byli jedno. Nasza osobista komunia z Panem Bogiem musi przek\u0142ada\u0107 si\u0119 na relacje z bli\u017animi, zw\u0142aszcza z bra\u0107mi w tej samej wierze. W&nbsp;to wielkie nawo\u0142ywanie Ko\u015bcio\u0142a do jedno\u015bci w\u0142\u0105czmy tak\u017ce nasze osobiste modlitwy.<\/p>\n\n\n\n<p>6.Zapraszamy na <strong>adoracj\u0119 Pana Jezusa w&nbsp; Naj\u015bwi\u0119tszym Sakramencie<\/strong> w czwartek po Mszy \u015awi\u0119tej o godz.18.00, kt\u00f3ra trwa\u0107 b\u0119dzie do godz.19.30. W tym czasie mo\u017cna skorzysta\u0107 z Sakramentu Mi\u0142osierdzia w spowiednicy.<\/p>\n\n\n\n<p>7.Zapraszamy na <strong>R\u00f3\u017caniec B\u0142agalny<\/strong>&nbsp; o pok\u00f3j w Ukrainie i Ziemi \u015awi\u0119tej codziennie od poniedzia\u0142ku do soboty o godz.7.30.<\/p>\n\n\n\n<p><strong>8. Msza \u015awi\u0119ta<\/strong>: w intencji Wsp\u00f3lnoty Trudnych Ma\u0142\u017ce\u0144stw Sychar w pi\u0105tek o godz.18.00 i spotkanie w salce, w<strong> <\/strong>intencji Cz\u0142onk\u00f3w Apostolstwa dobrej \u015amierci w sobot\u0119 o godz.8.00 i spotkanie w salce.<\/p>\n\n\n\n<p>9. Dzisiaj zach\u0119camy do nabycia prasy katolickiej:\u00a0 <strong>\u201eGo\u015bcia Niedzielnego\u201d <\/strong>\u00a0<\/p>\n\n\n\n<p>10.W przysz\u0142\u0105 niedziel\u0119 kolekta na nasze Wy\u017csze Seminarium Duchowne w Pelplinie.<\/p>\n\n\n\n<p>11. Kontynuujemy odwiedziny kol\u0119dowe naszych Parafian. W ostatnim dniu, tj. 22 stycznia 2026 b\u0119dzie jeszcze mo\u017cliwo\u015b\u0107 przyj\u0119cia kol\u0119dy w domu, prosimy zg\u0142asza\u0107 w biurze parafialnym, je\u015bli nie by\u0142o mo\u017cna w swoim rejonie kol\u0119dowym lub b\u0119dzie mo\u017cna w tym dniu uczestniczy\u0107 w Mszy \u015awi\u0119tej przez tych, kt\u00f3rzy nie przyj\u0119li kol\u0119dy w domu; terminy kol\u0119d na najbli\u017cszy czas i ca\u0142y plan kol\u0119d jest wywieszony w gablocie og\u0142osze\u0144 oraz znajdziemy r\u00f3wnie\u017c na stronie internetowej naszej Parafii. Ofiary sk\u0142adane w czasie kol\u0119dy, za kt\u00f3re sk\u0142adamy serdeczne B\u00f3g zap\u0142a\u0107 przeznaczymy tradycyjnie na nasze parafialne inwestycje.\u00a0<\/p>\n\n\n\n<p>W najbli\u017cszym czasie przyb\u0119dziemy z&nbsp;modlitw\u0105 i b\u0142ogos\u0142awie\u0144stwem do mieszka\u0144c\u00f3w ulic:<\/p>\n\n\n\n<figure class=\"wp-block-table\"><table class=\"has-fixed-layout\"><tbody><tr><td><strong>11.01.26<\/strong> <strong>niedziela<\/strong><\/td><td><strong>Boh. Westerplatte<\/strong> <br><br><strong>Obro\u0144c\u00f3w Poczty Polskiej<\/strong> <strong>\u00a0<\/strong><br><br><strong>Gdy\u0144skich Kosynier\u00f3w\u00a0\u00a0<\/strong><\/td><td><strong>15.00<\/strong> <br><br><strong>15.00<\/strong> <br><br><strong>oko\u0142o 17.00<\/strong><\/td><td><strong>&nbsp;<\/strong> <strong>3<\/strong><\/td><\/tr><tr><td><strong>12.01.26<\/strong> <strong>poniedzia\u0142ek<\/strong><\/td><td><strong>Os. XX Lecia 1, 2, 3 i 4, Ceynowy<\/strong><\/td><td><strong>16.00<\/strong><\/td><td><strong>3<\/strong> <strong>&nbsp;<\/strong><\/td><\/tr><tr><td><strong>13.01.26<\/strong> <strong>wtorek<\/strong><\/td><td><strong>&nbsp; Os. XX Lecia&nbsp; 8 i 10&nbsp; i Bilowo<\/strong><\/td><td><strong>16.00<\/strong><\/td><td><strong>3<\/strong><\/td><\/tr><tr><td><strong>14.01.26<\/strong> <strong>\u015broda<\/strong><\/td><td><strong>Os. XX Lecia 5 i 11<\/strong><\/td><td><strong>16.00<\/strong><\/td><td><strong>3<\/strong><\/td><\/tr><tr><td><strong>16.01.26&nbsp;<\/strong> <strong>pi\u0105tek<\/strong><\/td><td><strong>&nbsp;3 Maja i 11 Listopada, Prokowska numery parzyste od nru 2 do 36<\/strong><\/td><td><strong>16.00<\/strong><\/td><td><strong>3<\/strong><\/td><\/tr><tr><td><strong>17.01.26<\/strong> <strong>sobota<\/strong><\/td><td><strong>&nbsp;Prokowska numery nieparzyste strona lewa<\/strong><\/td><td><strong>15.00<\/strong><\/td><td><strong>3<\/strong><\/td><\/tr><tr><td><strong>18.01.26<\/strong> <strong>niedziela<\/strong><\/td><td><strong>&nbsp;Nowe Osiedle&nbsp;<\/strong><\/td><td><strong>15.00<\/strong> <strong>&nbsp;<\/strong><\/td><td><strong>3<\/strong><\/td><\/tr><tr><td><strong>19.01.26<\/strong> <strong>poniedzia\u0142ek<\/strong><\/td><td><strong>Wzg\u00f3rze Wolno\u015bci,\u00a0 Cicha<\/strong> <br><strong>Przy Rze\u017ani<\/strong><\/td><td><strong>16.00<\/strong> <br><strong>18.00<\/strong><\/td><td><strong>3<\/strong><\/td><\/tr><\/tbody><\/table><\/figure>\n\n\n\n<p><strong>W tym tygodniu patronuj\u0105 nam:<\/strong><\/p>\n\n\n\n<p>&#8211; we wtorek, 13 stycznia \u2013 \u015awi\u0119ty <strong>Hilary<\/strong> (ok. 310- 367), biskup i doktor Ko\u015bcio\u0142a, wybitny teolog i pisarz, obro\u0144ca b\u00f3stwa Chrystusa;<\/p>\n\n\n\n<p>&#8211; w pi\u0105tek, 17 stycznia \u2013 \u015awi\u0119ty <strong>Antoni<\/strong>, opat, \u017cyj\u0105cy na prze\u0142omie III i IV wieku, pustelnik, kt\u00f3ry do dzi\u015b znajduje na\u015bladowc\u00f3w w praktykowaniu takiej drogi doskona\u0142o\u015bci chrze\u015bcija\u0144skiej.<\/p>\n\n\n\n<p>Warto, aby \u015bwi\u0119to Chrztu Pa\u0144skiego by\u0142o okazj\u0105 do podzi\u0119kowania za dar naszego chrztu. Pomy\u015blmy dzisiaj o naszych rodzicach, rodzicach chrzestnych i kap\u0142anie, kt\u00f3ry w\u0142\u0105czy\u0142 nas do wsp\u00f3lnoty uczni\u00f3w Chrystusa. Podzi\u0119kujmy im za to, \u017ce przekazali nam dar wiary. Wszystkim Jubilatom i Solenizantom sk\u0142adamy najlepsze \u017cyczenia; a Bo\u017ce b\u0142ogos\u0142awie\u0144stwo niech o\u017cywi nasz\u0105 wiar\u0119, pomo\u017ce nam ni\u0105 si\u0119 dzieli\u0107 i wed\u0142ug niej kszta\u0142towa\u0107 nasze nowe \u017cycie, kt\u00f3re otrzymali\u015bmy w czasie naszego Chrztu \u015awi\u0119tego.&nbsp; Pan Jezus na ziemi by\u0142 wolny od jakiegokolwiek z\u0142a. Wszed\u0142 do wody, aby pokaza\u0107 nam, jak wa\u017cny jest chrzest i \u017ce On grzechy ludzi bierze na siebie. Odda\u0142 swoje \u017cycie, aby nas zbawi\u0107. Trzeba dobrze wykorzysta\u0107 ten Bo\u017cy Dar.<\/p>\n\n\n\n<p>&nbsp;&nbsp;&nbsp;&nbsp;&nbsp;&nbsp;&nbsp;&nbsp;&nbsp;&nbsp;&nbsp;&nbsp;&nbsp;&nbsp;&nbsp;&nbsp;&nbsp;&nbsp;&nbsp;&nbsp;&nbsp;&nbsp;&nbsp;&nbsp;&nbsp;&nbsp;&nbsp;&nbsp;&nbsp;&nbsp;&nbsp;&nbsp;&nbsp;&nbsp;&nbsp;&nbsp;&nbsp;&nbsp;&nbsp;&nbsp;&nbsp;&nbsp;&nbsp;&nbsp;&nbsp;&nbsp;&nbsp;&nbsp;&nbsp;&nbsp;&nbsp;&nbsp;&nbsp;&nbsp;&nbsp;&nbsp;&nbsp;&nbsp;&nbsp;&nbsp;&nbsp; &nbsp;&nbsp;&nbsp;&nbsp;&nbsp;&nbsp;&nbsp;&nbsp;&nbsp;&nbsp;&nbsp;&nbsp;&nbsp;&nbsp;&nbsp;&nbsp;&nbsp;&nbsp;&nbsp;&nbsp;&nbsp;&nbsp;&nbsp;&nbsp;&nbsp;&nbsp;&nbsp;&nbsp;&nbsp;&nbsp;&nbsp;&nbsp;&nbsp;&nbsp;&nbsp;&nbsp;&nbsp;&nbsp;&nbsp;&nbsp;&nbsp;&nbsp;&nbsp;&nbsp;&nbsp;&nbsp;&nbsp;&nbsp;&nbsp;&nbsp;&nbsp;&nbsp;&nbsp;&nbsp;&nbsp;&nbsp;&nbsp;&nbsp;&nbsp;Wasi Duszpasterze<\/p>\n","protected":false},"excerpt":{"rendered":"<p>Niedziela Chrztu Pa\u0144skiego 2. Wspominaj\u0105c Chrzest Pana Jezusa w Jordanie, my\u015blimy tak\u017ce o naszym chrzcie, kt\u00f3ry jest pocz\u0105tkiem i fundamentem [&hellip;]<\/p>\n","protected":false},"author":4,"featured_media":0,"comment_status":"closed","ping_status":"","sticky":false,"template":"","format":"standard","meta":{"site-sidebar-layout":"default","site-content-layout":"","ast-site-content-layout":"default","site-content-style":"default","site-sidebar-style":"default","ast-global-header-display":"","ast-banner-title-visibility":"","ast-main-header-display":"","ast-hfb-above-header-display":"","ast-hfb-below-header-display":"","ast-hfb-mobile-header-display":"","site-post-title":"","ast-breadcrumbs-content":"","ast-featured-img":"","footer-sml-layout":"","theme-transparent-header-meta":"","adv-header-id-meta":"","stick-header-meta":"","header-above-stick-meta":"","header-main-stick-meta":"","header-below-stick-meta":"","astra-migrate-meta-layouts":"set","ast-page-background-enabled":"default","ast-page-background-meta":{"desktop":{"background-color":"var(--ast-global-color-4)","background-image":"","background-repeat":"repeat","background-position":"center center","background-size":"auto","background-attachment":"scroll","background-type":"","background-media":"","overlay-type":"","overlay-color":"","overlay-opacity":"","overlay-gradient":""},"tablet":{"background-color":"","background-image":"","background-repeat":"repeat","background-position":"center center","background-size":"auto","background-attachment":"scroll","background-type":"","background-media":"","overlay-type":"","overlay-color":"","overlay-opacity":"","overlay-gradient":""},"mobile":{"background-color":"","background-image":"","background-repeat":"repeat","background-position":"center center","background-size":"auto","background-attachment":"scroll","background-type":"","background-media":"","overlay-type":"","overlay-color":"","overlay-opacity":"","overlay-gradient":""}},"ast-content-background-meta":{"desktop":{"background-color":"var(--ast-global-color-5)","background-image":"","background-repeat":"repeat","background-position":"center center","background-size":"auto","background-attachment":"scroll","background-type":"","background-media":"","overlay-type":"","overlay-color":"","overlay-opacity":"","overlay-gradient":""},"tablet":{"background-color":"var(--ast-global-color-5)","background-image":"","background-repeat":"repeat","background-position":"center center","background-size":"auto","background-attachment":"scroll","background-type":"","background-media":"","overlay-type":"","overlay-color":"","overlay-opacity":"","overlay-gradient":""},"mobile":{"background-color":"var(--ast-global-color-5)","background-image":"","background-repeat":"repeat","background-position":"center center","background-size":"auto","background-attachment":"scroll","background-type":"","background-media":"","overlay-type":"","overlay-color":"","overlay-opacity":"","overlay-gradient":""}},"advanced_seo_description":"","jetpack_seo_html_title":"","jetpack_seo_noindex":false,"_jetpack_memberships_contains_paid_content":false,"footnotes":""},"categories":[4],"tags":[],"class_list":["post-1990","post","type-post","status-publish","format-standard","hentry","category-ogloszenia"],"jetpack_featured_media_url":"","jetpack-related-posts":[],"jetpack_sharing_enabled":true,"_links":{"self":[{"href":"https:\/\/kolegiatakartuzy.pl\/wp-test\/index.php?rest_route=\/wp\/v2\/posts\/1990","targetHints":{"allow":["GET"]}}],"collection":[{"href":"https:\/\/kolegiatakartuzy.pl\/wp-test\/index.php?rest_route=\/wp\/v2\/posts"}],"about":[{"href":"https:\/\/kolegiatakartuzy.pl\/wp-test\/index.php?rest_route=\/wp\/v2\/types\/post"}],"author":[{"embeddable":true,"href":"https:\/\/kolegiatakartuzy.pl\/wp-test\/index.php?rest_route=\/wp\/v2\/users\/4"}],"replies":[{"embeddable":true,"href":"https:\/\/kolegiatakartuzy.pl\/wp-test\/index.php?rest_route=%2Fwp%2Fv2%2Fcomments&post=1990"}],"version-history":[{"count":1,"href":"https:\/\/kolegiatakartuzy.pl\/wp-test\/index.php?rest_route=\/wp\/v2\/posts\/1990\/revisions"}],"predecessor-version":[{"id":1991,"href":"https:\/\/kolegiatakartuzy.pl\/wp-test\/index.php?rest_route=\/wp\/v2\/posts\/1990\/revisions\/1991"}],"wp:attachment":[{"href":"https:\/\/kolegiatakartuzy.pl\/wp-test\/index.php?rest_route=%2Fwp%2Fv2%2Fmedia&parent=1990"}],"wp:term":[{"taxonomy":"category","embeddable":true,"href":"https:\/\/kolegiatakartuzy.pl\/wp-test\/index.php?rest_route=%2Fwp%2Fv2%2Fcategories&post=1990"},{"taxonomy":"post_tag","embeddable":true,"href":"https:\/\/kolegiatakartuzy.pl\/wp-test\/index.php?rest_route=%2Fwp%2Fv2%2Ftags&post=1990"}],"curies":[{"name":"wp","href":"https:\/\/api.w.org\/{rel}","templated":true}]}}