{"id":2029,"date":"2026-03-07T17:08:54","date_gmt":"2026-03-07T16:08:54","guid":{"rendered":"https:\/\/kolegiatakartuzy.pl\/wp-test\/?p=2029"},"modified":"2026-03-07T17:08:54","modified_gmt":"2026-03-07T16:08:54","slug":"ogloszenia-duszpasterskie-na-dzien-08-03-2026-r","status":"publish","type":"post","link":"https:\/\/kolegiatakartuzy.pl\/wp-test\/?p=2029","title":{"rendered":"Og\u0142oszenia duszpasterskie na dzie\u0144 08.03.2026 r."},"content":{"rendered":"\n<h2 class=\"wp-block-heading has-text-align-center\">III Niedziela Wielkiego Postu<\/h2>\n\n\n\n<ol class=\"wp-block-list\">\n<li>Dobiegamy ju\u017c po\u0142owy tegorocznego czasu pokuty i nawr\u00f3cenia \u2013 dzisiaj trzecia niedziela Wielkiego Postu! Baczniej przyjrzyjmy si\u0119 wi\u0119c w tym \u015bwi\u0119tym czasie, jakie owoce wiary wydajemy w codzienno\u015bci. Czy w og\u00f3le nasza wiara przynosi jakiekolwiek owoce? Je\u015bli nie, to jest to dobry czas, aby si\u0119 zmieni\u0107.<\/li>\n\n\n\n<li>W tym tygodniu SZKOLNE REKOLEKCJE WIELKOPOSTNE dla m\u0142odzie\u017cy szk\u00f3\u0142 ponadpodstawowych poprowadzi ks. Karol Sosnowski &#8211; nasz Wikariusz \u2013 prosimy serdecznie o modlitw\u0119 b\u0142agaln\u0105 o dary Ducha \u015awi\u0119tego dla ks. Karola i m\u0142odzie\u017cy, kt\u00f3ra b\u0119dzie prze\u017cywa\u0107 swoje rekolekcje<br>Zesp\u00f3\u0142 Szk\u00f3\u0142 na Wzg\u00f3rzu Wolno\u015bci<br>Poniedzia\u0142ek 9 .03.2026 i Wtorek 10.03.2026.<br>Godz. 8.30 spotkanie rekolekcyjne w ko\u015bciele<br>10.30 lekcje<br>\u015aroda 11 .03.2026.<br>Godz.8.30 dzie\u0144 pokutny \u2013 spotkanie wsp\u00f3lne dla wszystkich w ko\u015bciele<br>Godz.10.30 \u2013 lekcje<br>Liceum Og\u00f3lnokszta\u0142c\u0105ce ul. Klasztorna<br>\u015aroda 11 .03.2026<br>Godz.8.30 dzie\u0144 pokutny \u2013 spotkanie wsp\u00f3lne dla wszystkich w ko\u015bciele<br>Godz. 10.30 lekcje<br>Czwartek i pi\u0105tek 12 i 13. 03.2026<br>Godz.8.30 \u2013 spotkanie rekolekcyjne w ko\u015bciele w ko\u015bciele<br>Godz.10.30 lekcje<\/li>\n\n\n\n<li>Nabo\u017ce\u0144stwa pokutne w nast\u0119puj\u0105cym porz\u0105dku:<br>\u2022 W dni powszednie: od poniedzia\u0142ku do soboty o godz.7.30 r\u00f3\u017caniec b\u0142agalny o pok\u00f3j na Ukrainie i Bliskim Wschodzie<br>\u2022 W ka\u017cdy pi\u0105tek \u2013 Droga Krzy\u017cowa<br>\u2022 Dla dzieci o godz.16.30<br>\u2022 Dla doros\u0142ych o godz.18.00<br>\u2022 Dla m\u0142odzie\u017cy o godz.19.45 &#8211; serdecznie zapraszamy wszystkich Parafian na wyj\u0105tkow\u0105 Drog\u0119 Krzy\u017cow\u0105 widzian\u0105 oczami p\u0142acz\u0105cej niewiasty<br>\u2022 W ka\u017cd\u0105 niedziel\u0119 Wielkiego Postu \u2013 Gorzkie \u017bale z kazaniem pasyjnym o godz.15.00, kt\u00f3re w tym roku g\u0142osi ks. Tomasz Mizyk \u2013 wikariusz z Parafii \u015bw. Wojciecha<\/li>\n\n\n\n<li>Dzisiaj obchodzimy Dzie\u0144 Kobiet! Cho\u0107 to \u015bwiecka uroczysto\u015b\u0107, pami\u0119tajmy w modlitwach o wszystkich kobietach, zw\u0142aszcza o tych najbardziej utrudzonych matkach wielodzietnych rodzin, o samotnych pannach i wdowach, o kobietach poni\u017canych i prze\u015bladowanych w wielu cz\u0119\u015bciach \u015bwiata. Wszak kobiety wype\u0142niaj\u0105 szczeg\u00f3ln\u0105 rol\u0119 w \u015bwiecie, w Ko\u015bciele i rodzinie. Polecajmy ich trud i \u017cycie Panu Bogu i Maryi, kt\u00f3ra jest najpi\u0119kniejszym wzorem \u017cony i matki.<\/li>\n\n\n\n<li>Serdecznie zapraszamy na spotkanie Kr\u0119gu Biblijnego, kt\u00f3re odb\u0119dzie si\u0119 we wtorek o godz. 18.45 w salkach parafialnych. Podczas spotkania b\u0119dziemy wsp\u00f3lnie rozwa\u017ca\u0107 Ksi\u0119g\u0119 Jonasza \u2013 niezwyk\u0142\u0105 histori\u0119 proroka, kt\u00f3ra uczy nas zaufania Bogu, nawr\u00f3cenia oraz odkrywania Bo\u017cego mi\u0142osierdzia.<\/li>\n\n\n\n<li>Zapraszamy na parafialne wyj\u015bcie do kina (KCK Kartuzy) na film \u201eNaj\u015bwi\u0119tsze Serce\u201d.To poruszaj\u0105cy film dokumentalny, kt\u00f3ry wyrusza \u015bladami tajemnicy Naj\u015bwi\u0119tszego Serca Pana Jezusa \u2013 od objawie\u0144 \u015bw. Ma\u0142gorzaty Marii Alacoque a\u017c po wsp\u00f3\u0142czesne \u015bwiadectwa wiary i nawr\u00f3cenia. Ukazuje, jak kult Serca Jezusowego przemienia ludzkie serca i prowadzi do g\u0142\u0119bszej relacji z Bogiem. Seans odb\u0119dzie si\u0119 11.03 o godz. 19.00. Koszt: 15 z\u0142. Zapisy w zakrystii lub w biurze parafialnym.<\/li>\n\n\n\n<li>Zapraszamy dziewcz\u0119ta, przygotowuj\u0105ce si\u0119 do sakramentu bierzmowania na spotkanie, kt\u00f3re odb\u0119dzie si\u0119 w \u015brod\u0119 po Mszy \u015awi\u0119tej o godz. 18.00 w salce parafialnej. Prosimy o obowi\u0105zkow\u0105 obecno\u015b\u0107 wszystkich kandydat\u00f3w.<\/li>\n\n\n\n<li>Za dwa tygodnie w naszej wsp\u00f3lnocie parafialnej prze\u017cywa\u0107 b\u0119dziemy rekolekcje wielkopostne dla doros\u0142ych i dzieci.<\/li>\n\n\n\n<li>Wielki Post jest czasem dobrych postanowie\u0144, odwr\u00f3cenia si\u0119 od z\u0142a i czynienia dobra. Warto, \u017ceby te postanowienia mia\u0142y bardzo konkretny wymiar. Niech to b\u0119d\u0105 konkretne wyrzeczenia, niech to b\u0119dzie codzienna dodatkowa chwila przeznaczona na lektur\u0119 Pisma \u015awi\u0119tego, na rozmy\u015blanie m\u0119ki i \u015bmierci Pana Jezusa, na modlitw\u0119 i zastanowienie si\u0119 nad w\u0142asnym \u017cyciem, post\u0119powaniem. Pami\u0119tajmy o dobrym prze\u017cyciu sakramentu pokuty i pojednania. Przyst\u0105pienie do niego w tym czasie jest przecie\u017c naszym obowi\u0105zkiem. Nie odk\u0142adajmy tego na ostatni\u0105 chwil\u0119! Kap\u0142ani codziennie s\u0142u\u017c\u0105 pos\u0142ug\u0105 w konfesjonale.<\/li>\n\n\n\n<li>Zach\u0119camy do w\u0142\u0105czenia si\u0119 w dzie\u0142o mi\u0142osierdzia poprzez nabycie \u015bwiecy wielkanocnej w cenie 20 z\u0142.<\/li>\n\n\n\n<li>Dzisiaj zach\u0119camy do nabycia nowego nru \u201eGo\u015bcia Niedzielnego\u201d, \u201eGo\u015bcia Extra\u201d, \u201ePielgrzyma\u201d oraz innych czasopism.<\/li>\n\n\n\n<li>Msze \u015awi\u0119te: o Bo\u017ce b\u0142og. dla naszych Kap\u0142an\u00f3w, Braci i Si\u00f3str z R\u00f3\u017cy pw. B\u0142. Ks. Jerzego Popie\u0142uszki z \u0141apalic, ust\u0105pienie wszelkich kataklizm\u00f3w i nieszcz\u0119\u015b\u0107, o pok\u00f3j w Ojczy\u017anie i na \u015bwiecie oraz w naszych duszach we wtorek o godz.7.00, Z podzi\u0119kowaniem za otrzymane \u0142aski, z pro\u015bb\u0105 o dalsze Bo\u017ce b\u0142og., i opiek\u0119 Matki Bo\u017cej oraz \u0142ask\u0119 zdrowia dla Cz\u0142onki\u0144 26 R\u00f3\u017cy pw. \u015aw. Agnieszki i dla Kap\u0142an\u00f3w naszej Parafii w czwartek o godz.8.00, W intencji Ojca \u015awi\u0119tego, naszych Biskup\u00f3w, Kap\u0142an\u00f3w, Ojca Jonasza i o powo\u0142ania kap\u0142a\u0144skie, zakonne, misyjne, do \u017cycia konsekrowanego i do Franciszka\u0144skiego Zakonu \u015awieckich w sobot\u0119 o godz.8.00, za ++Pracownik\u00f3w Diagnostyki obrazowej naszego szpitala ofiarowana od Pracownik\u00f3w Pracowni Diagnostycznej w niedziel\u0119 o godz. 6.30 w Kaplicy Mi\u0142osierdzia w naszym Szpitalu.<\/li>\n\n\n\n<li>W przysz\u0142\u0105 niedziel\u0119 kolekta na Wy\u017csze Seminarium Duchowne w Pelplinie.<\/li>\n<\/ol>\n\n\n\n<p>Co roku w czasie Wielkiego Postu Pan Jezus spogl\u0105da na nas podobnie jak w\u0142a\u015bciciel winnicy na drzewo figowe i szuka na nim dobrych owoc\u00f3w nawr\u00f3cenia. Oby w tym roku spogl\u0105daj\u0105c na nas, nie musia\u0142 si\u0119 smuci\u0107, \u017ce nic nie znalaz\u0142. &nbsp;<\/p>\n\n\n\n<p><strong>Naszym Drogim Parafianom i mi\u0142ym Go\u015bciom<\/strong> \u017cyczymy mi\u0142ej, z Bogiem prze\u017cytej kolejnej wielkopostnej niedzieli. Matce Bo\u017cej, Pani Naszej \u2013 Matce i Kr\u00f3lowej z Kartuskiego Raju polecamy Osoby starsze i chore oraz Solenizant\u00f3w i Jubilat\u00f3w tego tygodnia.<\/p>\n\n\n\n<p>&nbsp;&nbsp;&nbsp;&nbsp;&nbsp;&nbsp;&nbsp;&nbsp;&nbsp;&nbsp;&nbsp;&nbsp;&nbsp;&nbsp;&nbsp;&nbsp;&nbsp;&nbsp;&nbsp;&nbsp;&nbsp;&nbsp;&nbsp;&nbsp;&nbsp;&nbsp;&nbsp;&nbsp;&nbsp;&nbsp;&nbsp;&nbsp;&nbsp;&nbsp;&nbsp;&nbsp;&nbsp;&nbsp;&nbsp;&nbsp;&nbsp;&nbsp;&nbsp;&nbsp;&nbsp;&nbsp;&nbsp;&nbsp;&nbsp;&nbsp;&nbsp;&nbsp;&nbsp;&nbsp;&nbsp;&nbsp;&nbsp;&nbsp;&nbsp;&nbsp;&nbsp;&nbsp;&nbsp;&nbsp;&nbsp;&nbsp;&nbsp;&nbsp;&nbsp;&nbsp;&nbsp;&nbsp;&nbsp;&nbsp;&nbsp;&nbsp;&nbsp;&nbsp;&nbsp;&nbsp;&nbsp;&nbsp;&nbsp;&nbsp;&nbsp;&nbsp;&nbsp;&nbsp;&nbsp;&nbsp;&nbsp;&nbsp;&nbsp;&nbsp; &nbsp;&nbsp;&nbsp;&nbsp;&nbsp;&nbsp;&nbsp;&nbsp;&nbsp;&nbsp;&nbsp;&nbsp;&nbsp;&nbsp;&nbsp;&nbsp;&nbsp;&nbsp;&nbsp;&nbsp;&nbsp;&nbsp;&nbsp;&nbsp;&nbsp;&nbsp;&nbsp;&nbsp;&nbsp;&nbsp;&nbsp;Wasi Duszpasterze<\/p>\n","protected":false},"excerpt":{"rendered":"<p>III Niedziela Wielkiego Postu Co roku w czasie Wielkiego Postu Pan Jezus spogl\u0105da na nas podobnie jak w\u0142a\u015bciciel winnicy na [&hellip;]<\/p>\n","protected":false},"author":4,"featured_media":0,"comment_status":"closed","ping_status":"","sticky":false,"template":"","format":"standard","meta":{"site-sidebar-layout":"default","site-content-layout":"","ast-site-content-layout":"default","site-content-style":"default","site-sidebar-style":"default","ast-global-header-display":"","ast-banner-title-visibility":"","ast-main-header-display":"","ast-hfb-above-header-display":"","ast-hfb-below-header-display":"","ast-hfb-mobile-header-display":"","site-post-title":"","ast-breadcrumbs-content":"","ast-featured-img":"","footer-sml-layout":"","theme-transparent-header-meta":"","adv-header-id-meta":"","stick-header-meta":"","header-above-stick-meta":"","header-main-stick-meta":"","header-below-stick-meta":"","astra-migrate-meta-layouts":"set","ast-page-background-enabled":"default","ast-page-background-meta":{"desktop":{"background-color":"var(--ast-global-color-4)","background-image":"","background-repeat":"repeat","background-position":"center center","background-size":"auto","background-attachment":"scroll","background-type":"","background-media":"","overlay-type":"","overlay-color":"","overlay-opacity":"","overlay-gradient":""},"tablet":{"background-color":"","background-image":"","background-repeat":"repeat","background-position":"center center","background-size":"auto","background-attachment":"scroll","background-type":"","background-media":"","overlay-type":"","overlay-color":"","overlay-opacity":"","overlay-gradient":""},"mobile":{"background-color":"","background-image":"","background-repeat":"repeat","background-position":"center center","background-size":"auto","background-attachment":"scroll","background-type":"","background-media":"","overlay-type":"","overlay-color":"","overlay-opacity":"","overlay-gradient":""}},"ast-content-background-meta":{"desktop":{"background-color":"var(--ast-global-color-5)","background-image":"","background-repeat":"repeat","background-position":"center center","background-size":"auto","background-attachment":"scroll","background-type":"","background-media":"","overlay-type":"","overlay-color":"","overlay-opacity":"","overlay-gradient":""},"tablet":{"background-color":"var(--ast-global-color-5)","background-image":"","background-repeat":"repeat","background-position":"center center","background-size":"auto","background-attachment":"scroll","background-type":"","background-media":"","overlay-type":"","overlay-color":"","overlay-opacity":"","overlay-gradient":""},"mobile":{"background-color":"var(--ast-global-color-5)","background-image":"","background-repeat":"repeat","background-position":"center center","background-size":"auto","background-attachment":"scroll","background-type":"","background-media":"","overlay-type":"","overlay-color":"","overlay-opacity":"","overlay-gradient":""}},"advanced_seo_description":"","jetpack_seo_html_title":"","jetpack_seo_noindex":false,"_jetpack_memberships_contains_paid_content":false,"footnotes":""},"categories":[4],"tags":[],"class_list":["post-2029","post","type-post","status-publish","format-standard","hentry","category-ogloszenia"],"jetpack_featured_media_url":"","jetpack-related-posts":[],"jetpack_sharing_enabled":true,"_links":{"self":[{"href":"https:\/\/kolegiatakartuzy.pl\/wp-test\/index.php?rest_route=\/wp\/v2\/posts\/2029","targetHints":{"allow":["GET"]}}],"collection":[{"href":"https:\/\/kolegiatakartuzy.pl\/wp-test\/index.php?rest_route=\/wp\/v2\/posts"}],"about":[{"href":"https:\/\/kolegiatakartuzy.pl\/wp-test\/index.php?rest_route=\/wp\/v2\/types\/post"}],"author":[{"embeddable":true,"href":"https:\/\/kolegiatakartuzy.pl\/wp-test\/index.php?rest_route=\/wp\/v2\/users\/4"}],"replies":[{"embeddable":true,"href":"https:\/\/kolegiatakartuzy.pl\/wp-test\/index.php?rest_route=%2Fwp%2Fv2%2Fcomments&post=2029"}],"version-history":[{"count":1,"href":"https:\/\/kolegiatakartuzy.pl\/wp-test\/index.php?rest_route=\/wp\/v2\/posts\/2029\/revisions"}],"predecessor-version":[{"id":2030,"href":"https:\/\/kolegiatakartuzy.pl\/wp-test\/index.php?rest_route=\/wp\/v2\/posts\/2029\/revisions\/2030"}],"wp:attachment":[{"href":"https:\/\/kolegiatakartuzy.pl\/wp-test\/index.php?rest_route=%2Fwp%2Fv2%2Fmedia&parent=2029"}],"wp:term":[{"taxonomy":"category","embeddable":true,"href":"https:\/\/kolegiatakartuzy.pl\/wp-test\/index.php?rest_route=%2Fwp%2Fv2%2Fcategories&post=2029"},{"taxonomy":"post_tag","embeddable":true,"href":"https:\/\/kolegiatakartuzy.pl\/wp-test\/index.php?rest_route=%2Fwp%2Fv2%2Ftags&post=2029"}],"curies":[{"name":"wp","href":"https:\/\/api.w.org\/{rel}","templated":true}]}}