{"id":2112,"date":"2026-08-22T23:10:37","date_gmt":"2026-08-22T21:10:37","guid":{"rendered":"https:\/\/kolegiatakartuzy.pl\/wp-test\/?p=2112"},"modified":"2026-08-22T23:10:37","modified_gmt":"2026-08-22T21:10:37","slug":"ogloszenia-duszpasterskie-na-dzien-23-08-2026-r","status":"publish","type":"post","link":"https:\/\/kolegiatakartuzy.pl\/wp-test\/?p=2112","title":{"rendered":"Og\u0142oszenia duszpasterskie na dzie\u0144 23.08.2026 r."},"content":{"rendered":"\n<h2 class=\"wp-block-heading has-text-align-center\">XXI Niedziela Zwyk\u0142a<\/h2>\n\n\n\n<ol class=\"wp-block-list\">\n<li>Przed nami ostatni tydzie\u0144 sierpnia \u2013 miesi\u0105ca trze\u017awo\u015bci, a dla wielu ostatnie dni urlop\u00f3w i wakacji. Starajmy si\u0119 jak najlepiej wykorzystywa\u0107 ten czas na pog\u0142\u0119bienie naszych wzajemnych relacji rodzinnych czy przyjacielskich, na dobr\u0105 lektur\u0119 i buduj\u0105ce rozmowy. Zach\u0119cam przy tej okazji do lektury ksi\u0105\u017cek i prasy katolickiej. S\u0105 one jak przynaglenie do zrobienia rachunku sumienia z prze\u017cytego czasu wypoczynku: czy przypadkiem sobie nie pofolgowali\u015bmy, zwalniaj\u0105c si\u0119 z niedzielnej Mszy \u015awi\u0119tej, z codziennej modlitwy. Warto w kolejny rok szkolny i katechetyczny wej\u015b\u0107 pojednanym z Bogiem, dlatego przed ka\u017cd\u0105 Msz\u0105 \u015awi\u0119t\u0105 jest okazja do spowiedzi \u015bwi\u0119tej, szczeg\u00f3lnie zapraszamy w czwartek w czasie adoracji Naj\u015bwi\u0119tszego Sakramentu. Niech w\u015br\u00f3d naszych codziennych obowi\u0105zk\u00f3w tego tygodnia nie zabraknie troski o blisko\u015b\u0107 Pana i warto\u015bci nieprzemijaj\u0105ce.<\/li>\n\n\n\n<li>W jutrzejszy poniedzia\u0142ek przypada \u015bwi\u0119to \u015awi\u0119tego Bart\u0142omieja, Aposto\u0142a. Tradycja g\u0142osi, \u017ce zani\u00f3s\u0142 Ewangeli\u0119 a\u017c do Indii, gdzie poni\u00f3s\u0142 \u015bmier\u0107 m\u0119cze\u0144sk\u0105.<\/li>\n\n\n\n<li>W \u015brod\u0119 Uroczysto\u015b\u0107 Matki Bo\u017cej Jasnog\u00f3rskiej, czczonej jako Kr\u00f3lowa Polski i g\u0142\u00f3wna Patronka naszego Narodu, sk\u0142ania nasze serca ku jeszcze wi\u0119kszemu zawierzeniu Jej naszych los\u00f3w. \u015aw. Jan Pawe\u0142 II na Jasnej G\u00f3rze powtarza\u0142, \u017ce tu bije serce narodu. Ws\u0142uchani w s\u0142owa Maryi: uczy\u0144cie wszystko, co wam m\u00f3wi m\u00f3j Syn, starajmy si\u0119 wiernie wype\u0142ni\u0107 Jej wskazania. Zapraszamy na Msze \u015bw. o godz.: 7.00, 8.30, 11.00 i 18.00; w czasie Mszy \u015bwi\u0119tych b\u0119dziemy odnawia\u0107 Jasnog\u00f3rskie \u015aluby Narodu; w Prokowie o godz. 11.00 suma odpustowa.<\/li>\n\n\n\n<li>W sobot\u0119, 29 sierpnia, w liturgii b\u0119dziemy wspominali M\u0119cze\u0144stwo \u015awi\u0119tego Jana Chrzciciela. Za wierno\u015b\u0107 Bogu i Jego prawu zosta\u0142 zamordowany na rozkaz kr\u00f3la Heroda. Tym samym sta\u0142 si\u0119 kolejnym prorokiem, kt\u00f3ry odda\u0142 \u017cycie, b\u0119d\u0105c g\u0142osicielem Bo\u017cej prawdy.<\/li>\n\n\n\n<li>Zapraszamy na R\u00f3\u017caniec B\u0142agalny o pok\u00f3j w Ukrainie i Bliskim Wschodzie codziennie od poniedzia\u0142ku do soboty o godz.7.30; w \u015brod\u0119 o godz.8.00.<\/li>\n\n\n\n<li>Zapraszamy na adoracj\u0119 Pana Jezusa w Naj\u015bwi\u0119tszym Sakramencie w czwartek po Mszy \u015awi\u0119tej o godz.18.00, kt\u00f3ra trwa\u0107 b\u0119dzie do godz.19.30. W tym czasie mo\u017cna skorzysta\u0107 z Sakramentu Mi\u0142osierdzia w spowiednicy.<\/li>\n\n\n\n<li>Apostolstwo Dobrej \u015amierci zaprasza do udzia\u0142u w dwudniowej pielgrzymce do Cz\u0119stochowy oraz Konotopia w pi\u0105tek i sobot\u0119 9 i 10 pa\u017adziernika. Koszt 350 z\u0142. Zapisy w biurze parafialnym \u2013 serdecznie zach\u0119camy.<\/li>\n\n\n\n<li>Zach\u0119camy do nabycia nowego nru \u201eGo\u015bcia Niedzielnego\u201d, \u201eRycerza Niepokalanej\u201d, \u201eRycerzyka Niepokalanej\u201d, \u201eApostolstwa Chorych\u201d oraz jest jeszcze aktualny \u201ePielgrzym\u201d<\/li>\n\n\n\n<li>Msza \u015awi\u0119ta z podzi\u0119kowaniem za otrzymane \u0142aski i z pro\u015bb\u0105 o dalsze Bo\u017ce b\u0142og. i opiek\u0119 Naj\u015bwi\u0119tszej Maryi Panny dla Ks. Pra\u0142ata Piotra Bart\u0142omieja Tislera od wszystkich Grup i Wsp\u00f3lnot naszej Parafii w poniedzia\u0142ek o godz.8.00.<\/li>\n\n\n\n<li>W przysz\u0142\u0105 niedziel\u0119 tradycyjnie, w ostatni\u0105 miesi\u0105ca zbi\u00f3rka do puszek na cele charytatywne.<\/li>\n\n\n\n<li>Trwa og\u00f3lnopolska kampania upami\u0119tniaj\u0105ca Bohater\u00f3w Powstania Warszawskiego, kt\u00f3ra \u0142\u0105czy pami\u0119\u0107 historyczn\u0105 z realn\u0105 pomoc\u0105 osobom potrzebuj\u0105cym krwi. W czasie wakacji zapotrzebowanie jest jeszcze wi\u0119ksze, wi\u0119c tym bardziej prosimy o pomoc. Honorowa akcja krwiodawstwa odb\u0119dzie si\u0119 25 sierpnia (wtorek) w Kartuskim Hospicjum \u201eDom Nadziei\u201d w godzinach 9:00 \u2013 14:00 (szczeg\u00f3\u0142y na plakacie). Osoby, kt\u00f3re chcia\u0142yby odda\u0107 krew, proszone s\u0105 o zapisanie si\u0119 osobi\u015bcie wcze\u015bniej w Hospicjum, mo\u017cna tak\u017ce zg\u0142osi\u0107 si\u0119 telefonicznie pod nr 58 667 29 50. Ka\u017cdemu kto odda w tym dniu krew, przys\u0142uguj\u0105 dwa dni urlopu.<\/li>\n\n\n\n<li>W minionym czasie odszed\u0142 po nagrod\u0119 do Pana \u015bp. Miros\u0142aw K\u0105kol z ul. Jeziornej \u2013 bliskim sk\u0142adamy serdeczne wyrazy wsp\u00f3\u0142czucia, a wszystkich naszych Zmar\u0142ych polecamy Mi\u0142osierdziu Bo\u017cemu &#8211; Dobry Jezu\u2026<\/li>\n<\/ol>\n\n\n\n<p><strong>W tym tygodniu patronuj\u0104 nam:<\/strong><\/p>\n\n\n\n<p>&#8211; w poniedzia\u0142ek, 24 sierpnia \u2013 \u015awi\u0119ty<strong> Bart\u0142omiej<\/strong> Aposto\u0142 (\u2020oko\u0142o 70), powo\u0142any przez Pana Jezusa do grona Dwunastu, jest uznawany za ewangelizatora Indii i Armenii;<\/p>\n\n\n\n<p>&#8211; w czwartek, 27 sierpnia \u2013 \u015awi\u0119ta <strong>Monika<\/strong>, matka \u015awi\u0119tego Augustyna (354-430), kt\u00f3ra swoj\u0105 wytrwa\u0142\u0105 modlitw\u0105 wyprosi\u0142a jego nawr\u00f3cenie;<\/p>\n\n\n\n<p>&#8211; w pi\u0105tek, 28 sierpnia \u2013 \u015awi\u0119ty <strong>Augustyn<\/strong> (354-430), syn \u015awi\u0119tej Moniki, po nawr\u00f3ceniu zosta\u0142 biskupem i wybitnym teologiem, doktor Ko\u015bcio\u0142a.<\/p>\n\n\n\n<p><strong>Naszym Drogim Parafianom i mi\u0142ym Go\u015bciom<\/strong> \u017cyczymy mi\u0142ej, z Bogiem prze\u017cytej niedzieli. Matce Bo\u017cej, Pani Naszej \u2013 Matce i Kr\u00f3lowej&nbsp; z Kartuskiego Raju&nbsp; polecamy&nbsp; dzieci i m\u0142odzie\u017c na ostatnie ju\u017c dni wakacji, a solenizantom i jubilatom \u015bwi\u0119tuj\u0105cym w tym tygodniu \u017cyczymy zdrowia, Bo\u017cego b\u0142ogos\u0142awie\u0144stwa i pokoju w sercu.&nbsp;<\/p>\n\n\n\n<p><strong>&nbsp;&nbsp;&nbsp;&nbsp;&nbsp;&nbsp;&nbsp;&nbsp;&nbsp;&nbsp;&nbsp;&nbsp;&nbsp;&nbsp;&nbsp;&nbsp;&nbsp;&nbsp;&nbsp;&nbsp;&nbsp;&nbsp;&nbsp;&nbsp;&nbsp;&nbsp;&nbsp;&nbsp;&nbsp;&nbsp;&nbsp;&nbsp;&nbsp;&nbsp;&nbsp;&nbsp;&nbsp;&nbsp;&nbsp;&nbsp;&nbsp;&nbsp;&nbsp;&nbsp;&nbsp;&nbsp;&nbsp;&nbsp;&nbsp;&nbsp;&nbsp;&nbsp;&nbsp;&nbsp;&nbsp;&nbsp;&nbsp;&nbsp;&nbsp;&nbsp;&nbsp;&nbsp;&nbsp;&nbsp;&nbsp;&nbsp;&nbsp;&nbsp;&nbsp;&nbsp;&nbsp;&nbsp;&nbsp;&nbsp;&nbsp;&nbsp;&nbsp;&nbsp;&nbsp;&nbsp;&nbsp;&nbsp;&nbsp;&nbsp;&nbsp;&nbsp;&nbsp;&nbsp;&nbsp;&nbsp;&nbsp;&nbsp; &nbsp;&nbsp;&nbsp;<\/strong>Wasi&nbsp; Duszpasterze<\/p>\n","protected":false},"excerpt":{"rendered":"<p>XXI Niedziela Zwyk\u0142a W tym tygodniu patronuj\u0104 nam: &#8211; w poniedzia\u0142ek, 24 sierpnia \u2013 \u015awi\u0119ty Bart\u0142omiej Aposto\u0142 (\u2020oko\u0142o 70), powo\u0142any [&hellip;]<\/p>\n","protected":false},"author":4,"featured_media":0,"comment_status":"closed","ping_status":"","sticky":false,"template":"","format":"standard","meta":{"site-sidebar-layout":"default","site-content-layout":"","ast-site-content-layout":"default","site-content-style":"default","site-sidebar-style":"default","ast-global-header-display":"","ast-banner-title-visibility":"","ast-main-header-display":"","ast-hfb-above-header-display":"","ast-hfb-below-header-display":"","ast-hfb-mobile-header-display":"","site-post-title":"","ast-breadcrumbs-content":"","ast-featured-img":"","footer-sml-layout":"","theme-transparent-header-meta":"","adv-header-id-meta":"","stick-header-meta":"","header-above-stick-meta":"","header-main-stick-meta":"","header-below-stick-meta":"","astra-migrate-meta-layouts":"set","ast-page-background-enabled":"default","ast-page-background-meta":{"desktop":{"background-color":"var(--ast-global-color-4)","background-image":"","background-repeat":"repeat","background-position":"center center","background-size":"auto","background-attachment":"scroll","background-type":"","background-media":"","overlay-type":"","overlay-color":"","overlay-opacity":"","overlay-gradient":""},"tablet":{"background-color":"","background-image":"","background-repeat":"repeat","background-position":"center center","background-size":"auto","background-attachment":"scroll","background-type":"","background-media":"","overlay-type":"","overlay-color":"","overlay-opacity":"","overlay-gradient":""},"mobile":{"background-color":"","background-image":"","background-repeat":"repeat","background-position":"center center","background-size":"auto","background-attachment":"scroll","background-type":"","background-media":"","overlay-type":"","overlay-color":"","overlay-opacity":"","overlay-gradient":""}},"ast-content-background-meta":{"desktop":{"background-color":"var(--ast-global-color-5)","background-image":"","background-repeat":"repeat","background-position":"center center","background-size":"auto","background-attachment":"scroll","background-type":"","background-media":"","overlay-type":"","overlay-color":"","overlay-opacity":"","overlay-gradient":""},"tablet":{"background-color":"var(--ast-global-color-5)","background-image":"","background-repeat":"repeat","background-position":"center center","background-size":"auto","background-attachment":"scroll","background-type":"","background-media":"","overlay-type":"","overlay-color":"","overlay-opacity":"","overlay-gradient":""},"mobile":{"background-color":"var(--ast-global-color-5)","background-image":"","background-repeat":"repeat","background-position":"center center","background-size":"auto","background-attachment":"scroll","background-type":"","background-media":"","overlay-type":"","overlay-color":"","overlay-opacity":"","overlay-gradient":""}},"advanced_seo_description":"","jetpack_seo_html_title":"","jetpack_seo_noindex":false,"_jetpack_memberships_contains_paid_content":false,"footnotes":""},"categories":[4],"tags":[],"class_list":["post-2112","post","type-post","status-publish","format-standard","hentry","category-ogloszenia"],"jetpack_featured_media_url":"","jetpack-related-posts":[],"jetpack_sharing_enabled":true,"_links":{"self":[{"href":"https:\/\/kolegiatakartuzy.pl\/wp-test\/index.php?rest_route=\/wp\/v2\/posts\/2112","targetHints":{"allow":["GET"]}}],"collection":[{"href":"https:\/\/kolegiatakartuzy.pl\/wp-test\/index.php?rest_route=\/wp\/v2\/posts"}],"about":[{"href":"https:\/\/kolegiatakartuzy.pl\/wp-test\/index.php?rest_route=\/wp\/v2\/types\/post"}],"author":[{"embeddable":true,"href":"https:\/\/kolegiatakartuzy.pl\/wp-test\/index.php?rest_route=\/wp\/v2\/users\/4"}],"replies":[{"embeddable":true,"href":"https:\/\/kolegiatakartuzy.pl\/wp-test\/index.php?rest_route=%2Fwp%2Fv2%2Fcomments&post=2112"}],"version-history":[{"count":1,"href":"https:\/\/kolegiatakartuzy.pl\/wp-test\/index.php?rest_route=\/wp\/v2\/posts\/2112\/revisions"}],"predecessor-version":[{"id":2113,"href":"https:\/\/kolegiatakartuzy.pl\/wp-test\/index.php?rest_route=\/wp\/v2\/posts\/2112\/revisions\/2113"}],"wp:attachment":[{"href":"https:\/\/kolegiatakartuzy.pl\/wp-test\/index.php?rest_route=%2Fwp%2Fv2%2Fmedia&parent=2112"}],"wp:term":[{"taxonomy":"category","embeddable":true,"href":"https:\/\/kolegiatakartuzy.pl\/wp-test\/index.php?rest_route=%2Fwp%2Fv2%2Fcategories&post=2112"},{"taxonomy":"post_tag","embeddable":true,"href":"https:\/\/kolegiatakartuzy.pl\/wp-test\/index.php?rest_route=%2Fwp%2Fv2%2Ftags&post=2112"}],"curies":[{"name":"wp","href":"https:\/\/api.w.org\/{rel}","templated":true}]}}