{"id":2114,"date":"2026-08-29T19:45:58","date_gmt":"2026-08-29T17:45:58","guid":{"rendered":"https:\/\/kolegiatakartuzy.pl\/wp-test\/?p=2114"},"modified":"2026-08-29T19:45:58","modified_gmt":"2026-08-29T17:45:58","slug":"ogloszenia-duszpasterskie-na-dzien-30-08-2026-r","status":"publish","type":"post","link":"https:\/\/kolegiatakartuzy.pl\/wp-test\/?p=2114","title":{"rendered":"Og\u0142oszenia duszpasterskie na dzie\u0144 30.08.2026 r."},"content":{"rendered":"\n<h2 class=\"wp-block-heading has-text-align-center\">XXII Niedziela Zwyk\u0142a<\/h2>\n\n\n\n<ol class=\"wp-block-list\">\n<li>Wakacje, urlopy dobiegaj\u0105 ko\u0144ca. Na progu nowego roku szkolnego Ko\u015bci\u00f3\u0142 apeluje o do\u0142o\u017cenie wszelkich stara\u0144, aby uczestnictwo dzieci i m\u0142odzie\u017cy w katechezie szkolnej by\u0142o od samego pocz\u0105tku pe\u0142ne \u015bwiadomego zaanga\u017cowania. Wzrost wiary i wra\u017cliwo\u015b\u0107 na prawo Bo\u017ce nie dokonuje si\u0119 okazjonalnie, ale przez systematyczne s\u0142uchanie i rozwa\u017canie s\u0142owa Bo\u017cego na katechezie i podczas niedzielnej Eucharystii, kt\u00f3ra jest osobistym spotkaniem z Panem.<\/li>\n\n\n\n<li>Przy tej okazji przypominamy rodzicom, \u017ce edukacja szkolna i katechetyczna powinna by\u0107 przedmiotem ich szczeg\u00f3lnej troski. Rodzina jest pierwszym miejscem, w kt\u00f3rym dzieci zdobywaj\u0105 wychowanie, tak\u017ce religijne. Szko\u0142a, katecheza i Ko\u015bci\u00f3\u0142 nigdy nie zast\u0105pi\u0105 rodzic\u00f3w.<\/li>\n\n\n\n<li>We wtorek rozpocznie si\u0119 nowy rok szkolny. Dzieciom i m\u0142odzie\u017cy \u017cyczymy wiele zapa\u0142u i wytrwa\u0142o\u015bci w zdobywaniu wiedzy, kszta\u0142towaniu dojrza\u0142ych postaw, a czcigodnym nauczycielom, katechetom i wychowawcom du\u017co si\u0142y i mocy Ducha \u015awi\u0119tego, potrzebnego w procesie kszta\u0142towania dzieci i m\u0142odzie\u017cy, zapraszamy na Msz\u0119 \u015awi\u0119t\u0105 na godz.8.00 w intencji naszych dzieci i m\u0142odzie\u017cy. Na wsp\u00f3ln\u0105 modlitw\u0119 zapraszamy rodzic\u00f3w, nauczycieli, wychowawc\u00f3w, a tak\u017ce pracownik\u00f3w administracji szko\u0142y, gdy\u017c nowy rok powinno si\u0119 rozpocz\u0105\u0107 z Panem Bogiem.<\/li>\n\n\n\n<li>We wtorek przypada 87. rocznica wybuchu II wojny \u015bwiatowej. Nasz\u0105 powinno\u015bci\u0105 jest pami\u0119ta\u0107 o poleg\u0142ych w obronie Ojczyzny w latach 1939-1945 na frontach i w obozach oraz o pomordowanych po zako\u0144czonej wojnie w wi\u0119zieniach politycznych. Pro\u015bmy Pana, aby ofiara ich \u017cycia nie by\u0142a daremna.<\/li>\n\n\n\n<li>Apostolstwo Dobrej \u015amierci zaprasza na Nowenn\u0119 do Matki Bo\u017cej Bolesnej od niedzieli 6.09. do poniedzia\u0142ku 14.09. 2026 o godz.17.40 w kolegiacie.<\/li>\n\n\n\n<li>Zapraszamy na R\u00f3\u017caniec B\u0142agalny o pok\u00f3j w Ukrainie codziennie od poniedzia\u0142ku do soboty o godz.7.30.<\/li>\n\n\n\n<li>Zach\u0119camy do nabycia nowego nru \u201ePielgrzyma\u201d, \u201eGo\u015bcia Niedzielnego\u201d i \u201eRycerza Niepokalanej\u201d.<\/li>\n\n\n\n<li>Zapraszamy na nabo\u017ce\u0144stwo w intencji naszej Ojczyzny w \u015brod\u0119 o godz.17.00, a po Mszy \u015awi\u0119tej o godz.18.00 zapraszamy na spotkanie Cz\u0142onk\u00f3w naszego Caritasu.<\/li>\n\n\n\n<li>W tym tygodniu dni eucharystyczne:<br>\u2022 w czwartek Bractwo i Czciciele Przemienienia Pa\u0144skiego zapraszaj\u0105 do wsp\u00f3lnego \u015bpiewu Godzinek o Przemienieniu Pa\u0144skim na godz.17.00<br>\u2022 Zapraszamy na adoracj\u0119 Pana Jezusa w Naj\u015bwi\u0119tszym Sakramencie w czwartek po Mszy \u015awi\u0119tej o godz.18.00, kt\u00f3ra trwa\u0107 b\u0119dzie do godz.19.30. W tym czasie mo\u017cna skorzysta\u0107 z Sakramentu Mi\u0142osierdzia w spowiednicy<br>\u2022 w pi\u0105tek po mszy \u015bw. o godz.7.00 wystawienie Naj\u015bwi\u0119tszego Sakramentu i nabo\u017ce\u0144stwo do Mi\u0142osierdzia Bo\u017cego, spowied\u017a od godz.16.00, o godz.16.30 Msza \u015awi\u0119ta, po kt\u00f3rej adoracja Naj\u015bwi\u0119tszego Sakramentu do rozpocz\u0119cia Mszy \u015awi\u0119tej o godz.18.00<br>\u2022 W sobot\u0119 &#8211; nabo\u017ce\u0144stwo pierwszo sobotnie: o godz.7.30 r\u00f3\u017caniec, a po mszy \u015bw. o godz.8.00 &#8211; nabo\u017ce\u0144stwo do Niepokalanego Serca N.M.P. W sobot\u0119 odwiedzimy Chorych z pos\u0142ug\u0105 sakramentaln\u0105<\/li>\n\n\n\n<li>W przysz\u0142\u0105 niedziel\u0119:<br>\u2022 Suma z liturgi\u0105 w j\u0119zyku kaszubskim<br>\u2022 godz.15.00 nabo\u017ce\u0144stwo r\u00f3\u017ca\u0144cowe dla R\u00f3\u017c \u017bywego R\u00f3\u017ca\u0144ca i wszystkich wsp\u00f3lnot parafialnych i spotkanie III Zakonu \u015bw. Franciszka<\/li>\n\n\n\n<li>W przysz\u0142\u0105 niedziel\u0119 nie b\u0119dzie Mszy \u015awi\u0119tej o godz.14.00, poniewa\u017c nie ma \u017cadnego chrztu.<\/li>\n\n\n\n<li>Osoby planuj\u0105ce zawarcie ma\u0142\u017ce\u0144stwa w przysz\u0142ym roku, proszone s\u0105 o zg\u0142oszenie si\u0119 do biura parafialnego do ko\u0144ca wrze\u015bnia w celu om\u00f3wienia przygotowa\u0144 do \u015blubu. Zach\u0119camy narzeczonych do uczestnictwa w jesiennych terminach Weekend\u00f3w dla Narzeczonych, nawet je\u015bli \u015blub jest zaplanowany w okresie letnim.<\/li>\n\n\n\n<li>Msza \u015awi\u0119ta z podzi\u0119kowaniem za otrzymane \u0142aski i z pro\u015bb\u0105 o dalsze Bo\u017ce b\u0142og. i opiek\u0119 Naj\u015bwi\u0119tszej Maryi Panny, zdrowie dla Siostry Teresy Necel z okazji zbli\u017caj\u0105cych si\u0119 80 Urodzin od 17 R\u00f3\u017cy Niewiast w sobot\u0119 o godz.8.00.<\/li>\n\n\n\n<li>Informujemy, \u017ce od wrze\u015bnia w ka\u017cd\u0105 \u015brod\u0119 w naszym Diecezjalnym Radiu G\u0142os z naszego ko\u015bcio\u0142a b\u0119dzie transmitowana Msza \u015awi\u0119ta o godz.7.00.<\/li>\n\n\n\n<li>Apostolstwo Dobrej \u015amierci zaprasza do udzia\u0142u w dwudniowej pielgrzymce do Cz\u0119stochowy oraz Konotopia w pi\u0105tek i sobot\u0119 9 i 10 pa\u017adziernika. Koszt 350 z\u0142. Zapisy w biurze parafialnym \u2013 serdecznie zach\u0119camy.<\/li>\n<\/ol>\n\n\n\n<p>W TYM TYGODNIU PATRONUJ\u0104 NAM:<br>W czwartek, 3 wrze\u015bnia \u2013 \u015bw. Grzegorz Wielki, papie\u017c i doktor Ko\u015bcio\u0142a, kt\u00f3ry by\u0142 pe\u0142en boja\u017ani Bo\u017cej i najwy\u017cszej pokory oraz ja\u015bnia\u0142 wielkim \u015bwiat\u0142em Ducha \u015awi\u0119tego.<\/p>\n\n\n\n<p>Naszym Drogim Parafianom i mi\u0142ym Go\u015bciom \u017cyczymy mi\u0142ej, z Bogiem prze\u017cytej niedzieli. Matce Bo\u017cej, Pani Naszej \u2013 Matce i Kr\u00f3lowej z Kartuskiego Raju polecamy dzieci i m\u0142odzie\u017c na nowy rok szkolny, a solenizantom i jubilatom \u015bwi\u0119tuj\u0105cym w tym tygodniu \u017cyczymy zdrowia, Bo\u017cego b\u0142ogos\u0142awie\u0144stwa i pokoju w sercu.<br>Wasi Duszpasterze<\/p>\n","protected":false},"excerpt":{"rendered":"<p>XXII Niedziela Zwyk\u0142a W TYM TYGODNIU PATRONUJ\u0104 NAM:W czwartek, 3 wrze\u015bnia \u2013 \u015bw. Grzegorz Wielki, papie\u017c i doktor Ko\u015bcio\u0142a, kt\u00f3ry [&hellip;]<\/p>\n","protected":false},"author":4,"featured_media":0,"comment_status":"closed","ping_status":"","sticky":false,"template":"","format":"standard","meta":{"site-sidebar-layout":"default","site-content-layout":"","ast-site-content-layout":"default","site-content-style":"default","site-sidebar-style":"default","ast-global-header-display":"","ast-banner-title-visibility":"","ast-main-header-display":"","ast-hfb-above-header-display":"","ast-hfb-below-header-display":"","ast-hfb-mobile-header-display":"","site-post-title":"","ast-breadcrumbs-content":"","ast-featured-img":"","footer-sml-layout":"","theme-transparent-header-meta":"","adv-header-id-meta":"","stick-header-meta":"","header-above-stick-meta":"","header-main-stick-meta":"","header-below-stick-meta":"","astra-migrate-meta-layouts":"set","ast-page-background-enabled":"default","ast-page-background-meta":{"desktop":{"background-color":"var(--ast-global-color-4)","background-image":"","background-repeat":"repeat","background-position":"center center","background-size":"auto","background-attachment":"scroll","background-type":"","background-media":"","overlay-type":"","overlay-color":"","overlay-opacity":"","overlay-gradient":""},"tablet":{"background-color":"","background-image":"","background-repeat":"repeat","background-position":"center center","background-size":"auto","background-attachment":"scroll","background-type":"","background-media":"","overlay-type":"","overlay-color":"","overlay-opacity":"","overlay-gradient":""},"mobile":{"background-color":"","background-image":"","background-repeat":"repeat","background-position":"center center","background-size":"auto","background-attachment":"scroll","background-type":"","background-media":"","overlay-type":"","overlay-color":"","overlay-opacity":"","overlay-gradient":""}},"ast-content-background-meta":{"desktop":{"background-color":"var(--ast-global-color-5)","background-image":"","background-repeat":"repeat","background-position":"center center","background-size":"auto","background-attachment":"scroll","background-type":"","background-media":"","overlay-type":"","overlay-color":"","overlay-opacity":"","overlay-gradient":""},"tablet":{"background-color":"var(--ast-global-color-5)","background-image":"","background-repeat":"repeat","background-position":"center center","background-size":"auto","background-attachment":"scroll","background-type":"","background-media":"","overlay-type":"","overlay-color":"","overlay-opacity":"","overlay-gradient":""},"mobile":{"background-color":"var(--ast-global-color-5)","background-image":"","background-repeat":"repeat","background-position":"center center","background-size":"auto","background-attachment":"scroll","background-type":"","background-media":"","overlay-type":"","overlay-color":"","overlay-opacity":"","overlay-gradient":""}},"advanced_seo_description":"","jetpack_seo_html_title":"","jetpack_seo_noindex":false,"_jetpack_memberships_contains_paid_content":false,"footnotes":""},"categories":[4],"tags":[],"class_list":["post-2114","post","type-post","status-publish","format-standard","hentry","category-ogloszenia"],"jetpack_featured_media_url":"","jetpack-related-posts":[],"jetpack_sharing_enabled":true,"_links":{"self":[{"href":"https:\/\/kolegiatakartuzy.pl\/wp-test\/index.php?rest_route=\/wp\/v2\/posts\/2114","targetHints":{"allow":["GET"]}}],"collection":[{"href":"https:\/\/kolegiatakartuzy.pl\/wp-test\/index.php?rest_route=\/wp\/v2\/posts"}],"about":[{"href":"https:\/\/kolegiatakartuzy.pl\/wp-test\/index.php?rest_route=\/wp\/v2\/types\/post"}],"author":[{"embeddable":true,"href":"https:\/\/kolegiatakartuzy.pl\/wp-test\/index.php?rest_route=\/wp\/v2\/users\/4"}],"replies":[{"embeddable":true,"href":"https:\/\/kolegiatakartuzy.pl\/wp-test\/index.php?rest_route=%2Fwp%2Fv2%2Fcomments&post=2114"}],"version-history":[{"count":1,"href":"https:\/\/kolegiatakartuzy.pl\/wp-test\/index.php?rest_route=\/wp\/v2\/posts\/2114\/revisions"}],"predecessor-version":[{"id":2115,"href":"https:\/\/kolegiatakartuzy.pl\/wp-test\/index.php?rest_route=\/wp\/v2\/posts\/2114\/revisions\/2115"}],"wp:attachment":[{"href":"https:\/\/kolegiatakartuzy.pl\/wp-test\/index.php?rest_route=%2Fwp%2Fv2%2Fmedia&parent=2114"}],"wp:term":[{"taxonomy":"category","embeddable":true,"href":"https:\/\/kolegiatakartuzy.pl\/wp-test\/index.php?rest_route=%2Fwp%2Fv2%2Fcategories&post=2114"},{"taxonomy":"post_tag","embeddable":true,"href":"https:\/\/kolegiatakartuzy.pl\/wp-test\/index.php?rest_route=%2Fwp%2Fv2%2Ftags&post=2114"}],"curies":[{"name":"wp","href":"https:\/\/api.w.org\/{rel}","templated":true}]}}