{"id":382,"date":"2022-02-13T16:14:00","date_gmt":"2022-02-13T15:14:00","guid":{"rendered":"http:\/\/kolegiatakartuzy.pl\/wp-test\/?p=382"},"modified":"2022-02-23T16:21:49","modified_gmt":"2022-02-23T15:21:49","slug":"ogloszenia-duszpasterskie-na-dzien-13-02-2022","status":"publish","type":"post","link":"https:\/\/kolegiatakartuzy.pl\/wp-test\/?p=382","title":{"rendered":"Og\u0142oszenia duszpasterskie na dzie\u0144 13.02.2022"},"content":{"rendered":"\n<h3 class=\"has-text-align-center wp-block-heading\">VI Niedziela Zwyk\u0142a<\/h3>\n\n\n\n<p class=\"has-text-align-justify\"><strong>Jr 17,5-8<\/strong> <em>B\u0142ogos\u0142awiony, kto pok\u0142ada ufno\u015b\u0107 w Bogu<\/em><br><strong>1 Kor 15,12.16-20<\/strong> <em>Zmartwychwstanie Chrystusa podstaw\u0105 naszej wiary<\/em><br><strong>\u0141k 6,17.20-26<\/strong> <em>B\u0142ogos\u0142awieni ubodzy, biada bogaczom<\/em><br><br>Prorok Jeremiasz wskazuje na znak Bo\u017cego b\u0142ogos\u0142awie\u0144stwa, kt\u00f3rym jest pok\u00f3j, nadzieja w trudnych sytuacjach i sensowne \u017cycie. To znaki, kt\u00f3re potwierdzaj\u0105, \u017ce idziemy w dobrym kierunku. Natomiast bezmy\u015blna egzystencja bez pami\u0119ci o Bogu ko\u0144czy si\u0119 kl\u0119sk\u0105. Nie zawsze jednak u\u015bwiadamiamy sobie to od razu, nieraz potrzeba przej\u015b\u0107 d\u0142ug\u0105 drog\u0119, pe\u0142n\u0105 przeszk\u00f3d i niepowodze\u0144. Tak wi\u0119c szcz\u0119\u015bcie osi\u0105ga ten, kto zaufa Bogu i w Nim z\u0142o\u017cy ca\u0142\u0105 swoj\u0105 nadziej\u0119. Dzi\u0119ki temu b\u0119dzie wolny od wizji, kt\u00f3ra pozwala mu urz\u0105dzi\u0107 si\u0119 wygodnie, by\u0107 samowystarczalnym i zag\u0142uszy\u0107 w sobie pragnienie nieba. Ws\u0142uchajmy si\u0119 w S\u0142owo Bo\u017ce, kt\u00f3re pomo\u017ce nam oddzieli\u0107 chwilowy komfort od prawdziwego szcz\u0119\u015bcia.<\/p>\n\n\n\n<p class=\"has-text-align-justify\">1. Ka\u017cda niedziela jest wyj\u0105tkow\u0105 okazj\u0105 do dojrzewania naszej wiary, do pog\u0142\u0119biania i zacie\u015bniania naszej osobistej relacji z Panem Bogiem. Jak\u017ce jest wa\u017cne, aby w tym procesie bra\u0142a udzia\u0142 ka\u017cda nasza rodzina i ca\u0142a wsp\u00f3lnota parafialna. Pozw\u00f3lmy Panu Jezusowi przemienia\u0107 nasze \u017cycie. Powierzajmy Mu trudy minionego tygodnia i nadzieje nadchodz\u0105cych dni. Niech On dzia\u0142a w naszych sercach, w\u00f3wczas codzienno\u015b\u0107 wype\u0142ni si\u0119 dobrem.<br><br>2. Pami\u0119tajmy te\u017c, \u017ce tylko czerpi\u0105c obficie ze sto\u0142u s\u0142owa Bo\u017cego i sto\u0142u eucharystycznego, zostajemy uzdrowieni i umocnieni, aby . \u015bwiadczy\u0107 o Chrystusie w\u015br\u00f3d tych, do kt\u00f3rych On nas posy\u0142a. Pami\u0119tajmy, \u017ce w ka\u017cdym spotkaniu drugi cz\u0142owiek potrzebuje naszej mi\u0142o\u015bci. <br><br>3. Jutro \u015bwi\u0119tego <strong>Walentego<\/strong> \u2013 Patrona Zakochanych \u2013 zapraszamy na \u201e<strong>Sianowskie Walentynki<\/strong>\u201d: godz.17.30 \u2013 r\u00f3\u017caniec, godz.18.00 \u2013 Msza \u015awi\u0119ta z homili\u0105 dla zakochanych i odnowienie przyrzecze\u0144 ma\u0142\u017ce\u0144skich, godz.19.00 \u2013 konferencja pt.: \u201eMaryja Wychowawczyni Pi\u0119knej Mi\u0142o\u015bci\u201d, adoracja Naj\u015bwi\u0119tszego Sakramentu i kawa w domu pielgrzyma. Zapraszamy do udzia\u0142u zakochanych w Bogu i Matce Bo\u017cej Sianowskiej.<br><br>4. W \u015brod\u0119 16-ty dzie\u0144 miesi\u0105ca, zapraszamy po mszy \u015bw. wieczornej na nabo\u017ce\u0144stwo za wstawiennictwem <strong>\u015bw. Jana Paw\u0142a II<\/strong>.<br><br>5. Zach\u0119camy do nabycia nowego nru \u201e<strong>Go\u015bcia Niedzielnego<\/strong>\u201d i innych czasopism religijnych.<br><br>6. Msza \u015awi\u0119ta za + Ew\u0119 Reschke od Pracownik\u00f3w Parafii i Wolontariuszy w poniedzia\u0142ek o godz.8.00, za +Mieczys\u0142awa Baranowskiego od VIII R\u00f3\u017cy Ojc\u00f3w we wtorek o godz.7.00, za + Ew\u0119 Reschke od S\u0105siad\u00f3w we wtorek o godz.8.00, za +Siostr\u0119 Helen\u0119 Bronk z okazji 90 ziemskich urodzin ofiarowana od 40 R\u00f3\u017cy Matek w \u015brod\u0119 o godz.18.00, w intencji Wsp\u00f3lnoty Sychar w pi\u0105tek o godz.18.00, w intencji Apostolstwa Dobrej \u015amierci w sobot\u0119 o godz.8.00 o zdrowie i Bo\u017ce b\u0142og. dla Cz\u0142onki\u0144 26 R\u00f3\u017cy Matek w niedziel\u0119 o godz.9.30.<br><br>7. Tradycyjnie zapraszamy na <strong>R\u00f3\u017caniec B\u0142agalny<\/strong> o ustanie epidemii, z pro\u015bb\u0105 o zdrowie dla chorych i o Bo\u017ce b\u0142ogos\u0142awie\u0144stwo i opiek\u0119 Matki Bo\u017cej dla s\u0142u\u017cb medycznych, sanitarnych i mundurowych, o zako\u0144czenie kryzysu na naszej granicy z Bia\u0142orusi\u0105 oraz o pok\u00f3j mi\u0119dzy Rosj\u0105 i Ukrain\u0105 &#8211; codziennie od poniedzia\u0142ku do soboty o godz.7.30. <br><br>8. W przysz\u0142\u0105 niedziel\u0119 na pro\u015bb\u0119 naszego ks. Biskupa Ryszarda <strong>specjalna kolekta na pokrycie koszt\u00f3w remontu gmachu seminarium duchownego w Pelplinie<\/strong>.<br><br>9. W minionym tygodniu odeszli po nagrod\u0119 do Pana \u015bp. <strong>Irena Nowak<\/strong> z Osiedla XX Lecia, \u015bp. <strong>Cecylia Kuptz<\/strong> z ul. B. Prusa, \u015bp. <strong>Andrzej Kl\u0119p<\/strong> z ul. M\u015bciwoja II, \u015bp. <strong>Janina Walaszkowska <\/strong>z Osiedla XX Lecia, \u015bp. <strong>El\u017cbieta Roso\u0142owska<\/strong> z Osiedla Zielone Wzg\u00f3rze i \u015bp. <strong>Gertruda Marsza\u0142kowska zd. Stark<\/strong> z Gda\u0144ska, a pogrzeb \u015bp. <strong>Janiny Mami\u0144skiej<\/strong> z Tczewa w poniedzia\u0142ek o godz.13.00 w kolegiacie, r\u00f3\u017caniec w ko\u015bciele o godz.12.15, \u015bp. <strong>Zbigniewa Skurczy\u0144skiego<\/strong> z Gdyni we wtorek o godz.13.00 w kolegiacie, r\u00f3\u017caniec o godz.12.15 w ko\u015bciele \u2013 bliskim sk\u0142adamy serdeczne wyrazy wsp\u00f3\u0142czucia, a Zmar\u0142ych polecamy Mi\u0142osierdziu Bo\u017cemu &#8211; <strong>Dobry Jezu\u2026<\/strong> <br><br><strong>W tym tygodniu patronuj\u0105 nam<\/strong>:<br>&#8211; poniedzia\u0142ek, 14 lutego \u2013 \u015awi\u0119ty <strong>Cyryl<\/strong> (826-869), mnich i \u015awi\u0119ty <strong>Metody<\/strong> (815\/820-885) biskup, aposto\u0142owie S\u0142owian, wsp\u00f3\u0142patroni Europy.<br><br>Kiedy zastanawiamy si\u0119, co oznacza okre\u015blenie \u201eubogi\u201d, my\u015blimy, \u017ce chodzi o cz\u0142owieka, kt\u00f3ry nie ma pieni\u0119dzy. W Pi\u015bmie \u015awi\u0119tym \u201eubogi\u201d to cz\u0142owiek, kt\u00f3ry wszystko czego potrzebuje, znajduje \u201eu Boga\u201d. Mie\u0107 wszystko u Pana Boga \u2013 to jest \u017ar\u00f3d\u0142o prawdziwego szcz\u0119\u015bcia.<br><strong>Naszym Drogim Parafianom i mi\u0142ym Go\u015bciom<\/strong> \u017cyczymy mi\u0142ej, z Bogiem prze\u017cytej niedzieli. Matce Bo\u017cej, Pani Naszej \u2013 Matce i Kr\u00f3lowej z Kartuskiego Raju polecamy Osoby starsze i chore oraz Solenizant\u00f3w i Jubilat\u00f3w tego tygodnia.<\/p>\n\n\n\n<p class=\"has-text-align-right\">Wasi Duszpasterze<\/p>\n\n\n\n<p>.<\/p>\n","protected":false},"excerpt":{"rendered":"<p>VI Niedziela Zwyk\u0142a Jr 17,5-8 B\u0142ogos\u0142awiony, kto pok\u0142ada ufno\u015b\u0107 w Bogu1 Kor 15,12.16-20 Zmartwychwstanie Chrystusa podstaw\u0105 naszej wiary\u0141k 6,17.20-26 B\u0142ogos\u0142awieni [&hellip;]<\/p>\n","protected":false},"author":2,"featured_media":0,"comment_status":"closed","ping_status":"","sticky":false,"template":"","format":"standard","meta":{"site-sidebar-layout":"default","site-content-layout":"","ast-site-content-layout":"","site-content-style":"default","site-sidebar-style":"default","ast-global-header-display":"","ast-banner-title-visibility":"","ast-main-header-display":"","ast-hfb-above-header-display":"","ast-hfb-below-header-display":"","ast-hfb-mobile-header-display":"","site-post-title":"","ast-breadcrumbs-content":"","ast-featured-img":"","footer-sml-layout":"","theme-transparent-header-meta":"","adv-header-id-meta":"","stick-header-meta":"","header-above-stick-meta":"","header-main-stick-meta":"","header-below-stick-meta":"","astra-migrate-meta-layouts":"default","ast-page-background-enabled":"default","ast-page-background-meta":{"desktop":{"background-color":"var(--ast-global-color-4)","background-image":"","background-repeat":"repeat","background-position":"center center","background-size":"auto","background-attachment":"scroll","background-type":"","background-media":"","overlay-type":"","overlay-color":"","overlay-opacity":"","overlay-gradient":""},"tablet":{"background-color":"","background-image":"","background-repeat":"repeat","background-position":"center center","background-size":"auto","background-attachment":"scroll","background-type":"","background-media":"","overlay-type":"","overlay-color":"","overlay-opacity":"","overlay-gradient":""},"mobile":{"background-color":"","background-image":"","background-repeat":"repeat","background-position":"center center","background-size":"auto","background-attachment":"scroll","background-type":"","background-media":"","overlay-type":"","overlay-color":"","overlay-opacity":"","overlay-gradient":""}},"ast-content-background-meta":{"desktop":{"background-color":"var(--ast-global-color-5)","background-image":"","background-repeat":"repeat","background-position":"center center","background-size":"auto","background-attachment":"scroll","background-type":"","background-media":"","overlay-type":"","overlay-color":"","overlay-opacity":"","overlay-gradient":""},"tablet":{"background-color":"var(--ast-global-color-5)","background-image":"","background-repeat":"repeat","background-position":"center center","background-size":"auto","background-attachment":"scroll","background-type":"","background-media":"","overlay-type":"","overlay-color":"","overlay-opacity":"","overlay-gradient":""},"mobile":{"background-color":"var(--ast-global-color-5)","background-image":"","background-repeat":"repeat","background-position":"center center","background-size":"auto","background-attachment":"scroll","background-type":"","background-media":"","overlay-type":"","overlay-color":"","overlay-opacity":"","overlay-gradient":""}},"advanced_seo_description":"","jetpack_seo_html_title":"","jetpack_seo_noindex":false,"_jetpack_memberships_contains_paid_content":false,"footnotes":""},"categories":[4],"tags":[],"class_list":["post-382","post","type-post","status-publish","format-standard","hentry","category-ogloszenia"],"jetpack_featured_media_url":"","jetpack-related-posts":[],"jetpack_sharing_enabled":true,"_links":{"self":[{"href":"https:\/\/kolegiatakartuzy.pl\/wp-test\/index.php?rest_route=\/wp\/v2\/posts\/382","targetHints":{"allow":["GET"]}}],"collection":[{"href":"https:\/\/kolegiatakartuzy.pl\/wp-test\/index.php?rest_route=\/wp\/v2\/posts"}],"about":[{"href":"https:\/\/kolegiatakartuzy.pl\/wp-test\/index.php?rest_route=\/wp\/v2\/types\/post"}],"author":[{"embeddable":true,"href":"https:\/\/kolegiatakartuzy.pl\/wp-test\/index.php?rest_route=\/wp\/v2\/users\/2"}],"replies":[{"embeddable":true,"href":"https:\/\/kolegiatakartuzy.pl\/wp-test\/index.php?rest_route=%2Fwp%2Fv2%2Fcomments&post=382"}],"version-history":[{"count":1,"href":"https:\/\/kolegiatakartuzy.pl\/wp-test\/index.php?rest_route=\/wp\/v2\/posts\/382\/revisions"}],"predecessor-version":[{"id":383,"href":"https:\/\/kolegiatakartuzy.pl\/wp-test\/index.php?rest_route=\/wp\/v2\/posts\/382\/revisions\/383"}],"wp:attachment":[{"href":"https:\/\/kolegiatakartuzy.pl\/wp-test\/index.php?rest_route=%2Fwp%2Fv2%2Fmedia&parent=382"}],"wp:term":[{"taxonomy":"category","embeddable":true,"href":"https:\/\/kolegiatakartuzy.pl\/wp-test\/index.php?rest_route=%2Fwp%2Fv2%2Fcategories&post=382"},{"taxonomy":"post_tag","embeddable":true,"href":"https:\/\/kolegiatakartuzy.pl\/wp-test\/index.php?rest_route=%2Fwp%2Fv2%2Ftags&post=382"}],"curies":[{"name":"wp","href":"https:\/\/api.w.org\/{rel}","templated":true}]}}