{"id":404,"date":"2022-03-12T17:14:52","date_gmt":"2022-03-12T16:14:52","guid":{"rendered":"http:\/\/kolegiatakartuzy.pl\/wp-test\/?p=404"},"modified":"2022-03-12T17:14:52","modified_gmt":"2022-03-12T16:14:52","slug":"ogloszenia-duszpasterskie-na-dzien-13-03-2022","status":"publish","type":"post","link":"https:\/\/kolegiatakartuzy.pl\/wp-test\/?p=404","title":{"rendered":"Og\u0142oszenia duszpasterskie na dzie\u0144 13.03.2022"},"content":{"rendered":"\n<h2 class=\"has-text-align-center wp-block-heading\">2\u00a0Niedziela Wielkiego Postu<\/h2>\n\n\n\n<p><strong>Rdz 15,5-12.17-18<em> B\u00f3g zawiera przymierze z Abrahamem<\/em><\/strong><br><strong>Flp 3,17 \u2013 4,1 <em>Chrystus przekszta\u0142ci nasze cia\u0142a na podobne do swego chwalebnego cia\u0142a<\/em><\/strong><br><strong>\u0141k 9,28b-36<em> Przez cierpienie \u2013 do chwa\u0142y zmartwychwstania<\/em><\/strong><\/p>\n\n\n\n<p class=\"has-text-align-justify\">S\u0142owo Bo\u017ce zaprasza nas na g\u00f3r\u0119 Tabor. W trakcie modlitwy Jezus przemienia si\u0119 tak, \u017ce wybrani uprzednio na \u015bwiadk\u00f3w Aposto\u0142owie nie mog\u0105 Go rozpozna\u0107. Pokazuje nam to moc modlitwy, kt\u00f3rej \u017ar\u00f3d\u0142em jest wi\u0119\u017a z Ojcem. Ma ona r\u00f3wnie\u017c moc odmieni\u0107 nasze \u017cycie. Stajemy si\u0119 zatem \u015bwiadkami rozmowy o nieuchronno\u015bci ofiary Mesjasza. Jest On S\u0142ug\u0105 Bo\u017cym, kt\u00f3ry bierze na siebie winy ludzi i z mi\u0142o\u015bci do nich sk\u0142ada siebie w ofierze, kt\u00f3rej zapowiedzi\u0105 jest ofiara Abrahama. Odej\u015bcie Jezusa, kt\u00f3re mia\u0142o si\u0119 dope\u0142ni\u0107 w Jeruzalem, stanie si\u0119 dla Jego ludu pocz\u0105tkiem nowej, wewn\u0119trznej wolno\u015bci od grzechu oraz duchowej w\u0119dr\u00f3wki do nowej Ziemi Obiecanej.<\/p>\n\n\n\n<p class=\"has-text-align-justify\">1. Wpatrzeni w Ukrzy\u017cowanego, kt\u00f3ry dla nas wyrzek\u0142 si\u0119 wszystkiego i z\u0142o\u017cy\u0142 w ofierze swoje \u017cycie, z ochoczym sercem podejmujmy trud dobrowolnego umartwienia jako wynagrodzenie za grzechy nasze i naszych bli\u017anich. Zr\u00f3bmy dobre postanowienia, powstrzymujmy si\u0119 od udzia\u0142u w\u00a0g\u0142o\u015bnych rozrywkach, od spo\u017cywania napoj\u00f3w alkoholowych, palenia, aby w ten spos\u00f3b wynagrodzi\u0107 Bogu grzechy pija\u0144stwa, rozwi\u0105z\u0142o\u015bci, nieuczciwo\u015bci i wszelki brak pokory. Nie zapominajmy, \u017ce Wielki Post jest czasem powagi, pokuty i modlitwy. Niech go nie zak\u0142\u00f3c\u0105 huczne spotkania. Kochani Rodzice i Wychowawcy, z wi\u0119ksz\u0105 trosk\u0105 spojrzyjcie w tym czasie na swoje dzieci. To na Was spoczywa obowi\u0105zek dobrego wychowania dzieci, tak\u017ce w duchu pobo\u017cno\u015bci i polskiej tradycji.<\/p>\n\n\n\n<p class=\"has-text-align-justify\">2. Dzisiejsza niedziela nazywana jest niedziel\u0105 <strong><em>Ad Gentes<\/em><\/strong>. Naszymi modlitwami obejmujemy tak\u017ce g\u0142oszenie Ewangelii Chrystusowej na misjach i tych, kt\u00f3rzy dobr\u0105 nowin\u0119 o zbawieniu nios\u0105 na kra\u0144ce ziemi. Oni cz\u0119sto na wz\u00f3r Chrystusa cierpi\u0105 prze\u015bladowania i p\u0142ac\u0105 najwy\u017csz\u0105 cen\u0119 z\u00a0w\u0142asnego \u017cycia dla odkupienia innych braci. Ofiarami do puszek przed ko\u015bcio\u0142em wspieramy misjonarzy i wszelkie dzie\u0142a misyjne. Niech to b\u0119dzie wyraz naszej solidarno\u015bci i wymierny udzia\u0142 w misji ewangelizacyjnej Ko\u015bcio\u0142a.<\/p>\n\n\n\n<p class=\"has-text-align-justify\">3. Dzisiaj w naszej Parafii witamy przedstawicieli <strong>Domowego Ko\u015bcio\u0142a<\/strong>, kt\u00f3rzy daj\u0105 \u015bwiadectwo o tej pi\u0119knej formacji duchowo-intelektualnej dla ma\u0142\u017conk\u00f3w i rodzin; ka\u017cde przekonuj\u0105ce \u015bwiadectwo zawsze poci\u0105ga, a wi\u0119c zapraszamy wszystkich ma\u0142\u017conk\u00f3w zainteresowanych Kr\u0119gami Domowego Ko\u015bcio\u0142a na spotkanie w przysz\u0142\u0105 niedziel\u0119 po Gorzkich \u017balach o godz.15.00 do salki parafialnej.<\/p>\n\n\n\n<p>4. Nabo\u017ce\u0144stwa pokutne w nast\u0119puj\u0105cym porz\u0105dku:<\/p>\n\n\n\n<ul class=\"wp-block-list\"><li>W dni powszednie: od poniedzia\u0142ku do soboty o godz.7.30 r\u00f3\u017caniec b\u0142agalny o pok\u00f3j na Ukrainie i ustanie epidemii<\/li><li>W ka\u017cdy pi\u0105tek \u2013 <strong>Droga Krzy\u017cowa<\/strong><ul><li>Dla dzieci o godz.16.30<\/li><\/ul><ul><li>Dla doros\u0142ych o godz.18.00<\/li><li>Dla m\u0142odzie\u017cy o godz.19.15<\/li><\/ul><\/li><li>W ka\u017cd\u0105 niedziel\u0119 Wielkiego Postu \u2013 <strong>Gorzkie \u017bale<\/strong> z kazaniem pasyjnym o godz.15.00<\/li><\/ul>\n\n\n\n<p class=\"has-text-align-justify\">5. Dzi\u015b przypada tak\u017ce 9. rocznica wyboru papie\u017ca Franciszka na Stolic\u0119 Piotrow\u0105. M\u00f3dlmy si\u0119 za nast\u0119pc\u0119 \u015awi\u0119tego Piotra, aby dla wszystkich by\u0142 znakiem mi\u0142o\u015bci Boga i wiernie prowadzi\u0142 Owczarni\u0119 Chrystusa na spotkanie z Najlepszym Pasterzem.\u00a0<\/p>\n\n\n\n<p class=\"has-text-align-justify\">6. W \u015brod\u0119 16-ty dzie\u0144 miesi\u0105ca zapraszamy na nabo\u017ce\u0144stwo za wstawiennictwem \u015bw. Jana Paw\u0142a II po Mszy \u015awi\u0119tej o godz.18.00.<\/p>\n\n\n\n<p class=\"has-text-align-justify\">7. W pi\u0105tek, 18 marca po\u0142\u0105czymy si\u0119 <strong>mostem modlitewnym z naszym Wy\u017cszym Seminarium Duchownym w Pelplinie<\/strong>. Most modlitewny to inicjatywa, w kt\u00f3rej klerycy modl\u0105 si\u0119 za wsp\u00f3lnot\u0119 parafialn\u0105 (kap\u0142an\u00f3w, rodziny, osoby konsekrowane, wszystkich samotnych, chorych, cierpi\u0105cych, zmar\u0142ych parafian), a parafia jest zaproszona do modlitwy za Wy\u017csze Seminarium Duchowne (za wszystkich kleryk\u00f3w, moderator\u00f3w, wychowawc\u00f3w i profesor\u00f3w naszego seminarium z trosk\u0105 o kszta\u0142towanie \u015bwi\u0119tych kap\u0142an\u00f3w) oraz nowe powo\u0142ania do s\u0142u\u017cby Bo\u017cej.<br>Tego dnia w czasie wszystkich Mszy \u015bwi\u0119tych i nabo\u017ce\u0144stw Drogi Krzy\u017cowej b\u0119dziemy modlili si\u0119 za kleryk\u00f3w, moderator\u00f3w i profesor\u00f3w naszego Seminarium oraz o dar nowych powo\u0142a\u0144 do s\u0142u\u017cby Bo\u017cej. Po drodze krzy\u017cowej o godz. 16:30 do godz. 18:00 Adoracja Naj\u015bwi\u0119tszego Sakramentu w tej intencji.<\/p>\n\n\n\n<p class=\"has-text-align-justify\">8. W sobot\u0119, 19 marca, przypada uroczysto\u015b\u0107 <strong>\u015awi\u0119tego J\u00f3zefa<\/strong>, Oblubie\u0144ca Naj\u015bwi\u0119tszej Maryi Panny. \u015awi\u0119ty J\u00f3zef jest patronem Ko\u015bcio\u0142a powszechnego oraz rodzin chrze\u015bcija\u0144skich. Jest tak\u017ce or\u0119downikiem dobrej \u015bmierci. W naszej \u015bwi\u0105tyni Msze \u015awi\u0119te tego dnia o godz.7.00, 8.30, 11.00 i 18.00. Zapraszamy na wsp\u00f3ln\u0105 modlitw\u0119, aby przez wstawiennictwo Oblubie\u0144ca Maryi wyprasza\u0107 Bo\u017c\u0105 pomoc dla Ko\u015bcio\u0142a, naszych rodzin oraz prosi\u0107 o \u0142ask\u0119 dobrej \u015bmierci dla wszystkich konaj\u0105cych.<\/p>\n\n\n\n<p>9. Nasz Parafialny Zesp\u00f3\u0142 Caritas w\u0142\u0105cza si\u0119 w <strong>pomoc dla Ukrainy i organizuje zbi\u00f3rk\u0119 najpilniejszych rzeczy<\/strong>. Potrzebne s\u0105 przede wszystkim:<br>\u2013 \u017cywno\u015b\u0107 z d\u0142ugim terminem przydatno\u015bci do spo\u017cycia;<br>\u2013 \u015brodki czysto\u015bci; \u015brodki higieniczne; produkty dla dzieci: pampersy, chusteczki nawil\u017cane, kosmetyki, kaszki, s\u0142oiczki;<br>\u2013 nowe: koce, \u015bpiwory, r\u0119czniki, poszewki, poduszki, ko\u0142dry.<br>Dary b\u0119dzie mo\u017cna z\u0142o\u017cy\u0107 w salce katechetycznej w pi\u0105tek (18 marca) w godzinach od 16:00 do 19:00.\u00a0<\/p>\n\n\n\n<p class=\"has-text-align-justify\">10. Dyrekcja Katolickiej Szko\u0142y Podstawowej im. \u015bw. Jana Paw\u0142a II w Kartuzach organizuje <strong>dzie\u0144 otwarty szko\u0142y w niedziel\u0119, 13 marca w godzinach od 8.00 do 13.30.<\/strong> Zapraszamy do odwiedzenia naszej szko\u0142y i zapoznania si\u0119 z ofert\u0105 edukacyjn\u0105 szko\u0142y. Informacje o szkole mo\u017cna uzyska\u0107 na oficjalnej stronie internetowej (<a href=\"http:\/\/www.katolik.kartuzy.pl\">www.katolik.kartuzy.pl<\/a>) oraz profilu Facebook.Tel. kontaktowy 515\u00a0135\u00a0661 lub 506\u00a0299 471\u00a0\u00a0<\/p>\n\n\n\n<p class=\"has-text-align-justify\">11. Msza \u015awi\u0119ta za +El\u017cbiet\u0119 Roso\u0142owsk\u0105 od S\u0105siad\u00f3w z Osiedla Zielone Wzg\u00f3rze w poniedzia\u0142ek o godz.18.00, za +Helen\u0119 Bronk intencja od AD\u015a we wtorek o godz.7.00, Z podzi\u0119kowaniem za otrzymane \u0142aski, z pro\u015bb\u0105 o przebaczenie grzech\u00f3w, o zdrowie, o dalsze Bo\u017ce b\u0142og. i szczeg\u00f3lnie opiek\u0119 Matki Bo\u017cej R\u00f3\u017ca\u0144cowej dla Si\u00f3str 45 R\u00f3\u017cy Matek, Cz\u0142onk\u00f3w ich Rodzin oraz o obfite \u0142aski Bo\u017ce dla Kap\u0142an\u00f3w pracuj\u0105cych w naszej Parafii intencja 45 R\u00f3\u017cy Matek \u00a0\u00a0\u00a0w \u015brod\u0119 o godz.18.00, o zdrowie i potrzebne \u0142aski dla cz\u0142onki\u0144 42 R\u00f3\u017cy Matek, ich Rodzin i Kap\u0142an\u00f3w naszej parafii w czwartek o godz.8.00,w intencji Wsp\u00f3lnoty Sychar w pi\u0105tek o godz.18.00, w intencji Cz\u0142onk\u00f3w AD\u015a w sobot\u0119 o godz.8.30.\u00a0\u00a0\u00a0\u00a0\u00a0<\/p>\n\n\n\n<p>12. W przysz\u0142\u0105 niedziel\u0119 kolekta na Wy\u017csze Seminarium Duchowne w Pelplinie.<\/p>\n\n\n\n<p class=\"has-text-align-justify\">13. W minionym tygodniu odeszli z naszej parafialnej wsp\u00f3lnoty po nagrod\u0119 do Pana \u015bp. <strong>Zofia Cebulak<\/strong> z ul. 3 Maja, \u015bp. <strong>Edmund Mielewczyk<\/strong> z ul. Prokowskiej, a pogrzeb \u015bp. <strong>Franciszka Puzdrowskiego<\/strong> z ul. Prokowskiej w poniedzia\u0142ek o godz.13.00 w kolegiacie. Eksporta\u00a0 z Domu Pogrzebowego przy Placu \u015bw. Brunona \u2013 bliskim sk\u0142adamy serdeczne wyrazy wsp\u00f3\u0142czucia, a Zmar\u0142ych polecamy Mi\u0142osierdziu Bo\u017cemu &#8211; <strong>Dobry Jezu\u2026<\/strong>\u00a0\u00a0 \u00a0\u00a0\u00a0<\/p>\n\n\n\n<p class=\"has-text-align-justify\">Czasami nie jest nam \u0142atwo rozmawia\u0107 o Panu Jezusie, bo nie wiemy, co kto\u015b sobie o nas pomy\u015bli. Przecie\u017c by\u0107 \u015bwiadkiem Chrystusa to najwi\u0119kszy zaszczyt, jaki mo\u017ce nas spotka\u0107. Nie wstyd\u017amy si\u0119 naszego Zbawiciela i tego, \u017ce Go kochamy.<br><strong>Naszym Drogim Parafianom i mi\u0142ym Go\u015bciom<\/strong> \u017cyczymy mi\u0142ej, z Bogiem prze\u017cytej wielkopostnej niedzieli. Matce Bo\u017cej, Pani Naszej \u2013 Matce i Kr\u00f3lowej z Kartuskiego Raju\u00a0 polecamy Osoby starsze i chore oraz Solenizant\u00f3w i Jubilat\u00f3w tego tygodnia.<br><\/p>\n\n\n\n<p class=\"has-text-align-right\">Wasi Duszpasterze\u00a0\u00a0\u00a0<\/p>\n","protected":false},"excerpt":{"rendered":"<p>2\u00a0Niedziela Wielkiego Postu Rdz 15,5-12.17-18 B\u00f3g zawiera przymierze z AbrahamemFlp 3,17 \u2013 4,1 Chrystus przekszta\u0142ci nasze cia\u0142a na podobne do [&hellip;]<\/p>\n","protected":false},"author":2,"featured_media":0,"comment_status":"closed","ping_status":"","sticky":false,"template":"","format":"standard","meta":{"site-sidebar-layout":"default","site-content-layout":"","ast-site-content-layout":"","site-content-style":"default","site-sidebar-style":"default","ast-global-header-display":"","ast-banner-title-visibility":"","ast-main-header-display":"","ast-hfb-above-header-display":"","ast-hfb-below-header-display":"","ast-hfb-mobile-header-display":"","site-post-title":"","ast-breadcrumbs-content":"","ast-featured-img":"","footer-sml-layout":"","theme-transparent-header-meta":"","adv-header-id-meta":"","stick-header-meta":"","header-above-stick-meta":"","header-main-stick-meta":"","header-below-stick-meta":"","astra-migrate-meta-layouts":"default","ast-page-background-enabled":"default","ast-page-background-meta":{"desktop":{"background-color":"var(--ast-global-color-4)","background-image":"","background-repeat":"repeat","background-position":"center center","background-size":"auto","background-attachment":"scroll","background-type":"","background-media":"","overlay-type":"","overlay-color":"","overlay-opacity":"","overlay-gradient":""},"tablet":{"background-color":"","background-image":"","background-repeat":"repeat","background-position":"center center","background-size":"auto","background-attachment":"scroll","background-type":"","background-media":"","overlay-type":"","overlay-color":"","overlay-opacity":"","overlay-gradient":""},"mobile":{"background-color":"","background-image":"","background-repeat":"repeat","background-position":"center center","background-size":"auto","background-attachment":"scroll","background-type":"","background-media":"","overlay-type":"","overlay-color":"","overlay-opacity":"","overlay-gradient":""}},"ast-content-background-meta":{"desktop":{"background-color":"var(--ast-global-color-5)","background-image":"","background-repeat":"repeat","background-position":"center center","background-size":"auto","background-attachment":"scroll","background-type":"","background-media":"","overlay-type":"","overlay-color":"","overlay-opacity":"","overlay-gradient":""},"tablet":{"background-color":"var(--ast-global-color-5)","background-image":"","background-repeat":"repeat","background-position":"center center","background-size":"auto","background-attachment":"scroll","background-type":"","background-media":"","overlay-type":"","overlay-color":"","overlay-opacity":"","overlay-gradient":""},"mobile":{"background-color":"var(--ast-global-color-5)","background-image":"","background-repeat":"repeat","background-position":"center center","background-size":"auto","background-attachment":"scroll","background-type":"","background-media":"","overlay-type":"","overlay-color":"","overlay-opacity":"","overlay-gradient":""}},"advanced_seo_description":"","jetpack_seo_html_title":"","jetpack_seo_noindex":false,"_jetpack_memberships_contains_paid_content":false,"footnotes":""},"categories":[4],"tags":[],"class_list":["post-404","post","type-post","status-publish","format-standard","hentry","category-ogloszenia"],"jetpack_featured_media_url":"","jetpack-related-posts":[],"jetpack_sharing_enabled":true,"_links":{"self":[{"href":"https:\/\/kolegiatakartuzy.pl\/wp-test\/index.php?rest_route=\/wp\/v2\/posts\/404","targetHints":{"allow":["GET"]}}],"collection":[{"href":"https:\/\/kolegiatakartuzy.pl\/wp-test\/index.php?rest_route=\/wp\/v2\/posts"}],"about":[{"href":"https:\/\/kolegiatakartuzy.pl\/wp-test\/index.php?rest_route=\/wp\/v2\/types\/post"}],"author":[{"embeddable":true,"href":"https:\/\/kolegiatakartuzy.pl\/wp-test\/index.php?rest_route=\/wp\/v2\/users\/2"}],"replies":[{"embeddable":true,"href":"https:\/\/kolegiatakartuzy.pl\/wp-test\/index.php?rest_route=%2Fwp%2Fv2%2Fcomments&post=404"}],"version-history":[{"count":3,"href":"https:\/\/kolegiatakartuzy.pl\/wp-test\/index.php?rest_route=\/wp\/v2\/posts\/404\/revisions"}],"predecessor-version":[{"id":407,"href":"https:\/\/kolegiatakartuzy.pl\/wp-test\/index.php?rest_route=\/wp\/v2\/posts\/404\/revisions\/407"}],"wp:attachment":[{"href":"https:\/\/kolegiatakartuzy.pl\/wp-test\/index.php?rest_route=%2Fwp%2Fv2%2Fmedia&parent=404"}],"wp:term":[{"taxonomy":"category","embeddable":true,"href":"https:\/\/kolegiatakartuzy.pl\/wp-test\/index.php?rest_route=%2Fwp%2Fv2%2Fcategories&post=404"},{"taxonomy":"post_tag","embeddable":true,"href":"https:\/\/kolegiatakartuzy.pl\/wp-test\/index.php?rest_route=%2Fwp%2Fv2%2Ftags&post=404"}],"curies":[{"name":"wp","href":"https:\/\/api.w.org\/{rel}","templated":true}]}}