{"id":410,"date":"2022-03-19T17:20:28","date_gmt":"2022-03-19T16:20:28","guid":{"rendered":"http:\/\/kolegiatakartuzy.pl\/wp-test\/?p=410"},"modified":"2022-03-19T17:29:46","modified_gmt":"2022-03-19T16:29:46","slug":"410","status":"publish","type":"post","link":"https:\/\/kolegiatakartuzy.pl\/wp-test\/?p=410","title":{"rendered":"Og\u0142oszenia duszpasterskie na dzie\u0144 20.03.2022"},"content":{"rendered":"\n<h2 class=\"has-text-align-center wp-block-heading\">III Niedziela Wielkiego Postu<\/h2>\n\n\n\n<p><strong>Wj 3,1-8a.13-15<em> <\/em><\/strong><em>Powo\u0142anie Moj\u017cesza<\/em><br><strong>1 Kor 10,1-6.10-12<\/strong><em> \u017bycie Izraela na pustyni jest zapowiedzi\u0105 rzeczy przysz\u0142ych<\/em><br><strong>\u0141k 13,1-9<\/strong><em> Je\u015bli si\u0119 nie nawr\u00f3cicie, wszyscy podobnie zginiecie<\/em><\/p>\n\n\n\n<p class=\"has-text-align-justify\">Jezus, przebywaj\u0105c przed \u015bwi\u0119tem Paschy w Betanii, zobaczy\u0142 drzewo figowe okryte bogat\u0105 zieleni\u0105. Dozna\u0142 jednak rozczarowania, gdy\u017c na drzewie nie by\u0142o ani jednego owocu. Podobnego zawodu Jezus doznawa\u0142 ze strony tych, kt\u00f3rzy uwa\u017cali siebie za pobo\u017cnych, ale nie przynosili oczekiwanego owocu. Wi\u0119kszo\u015b\u0107 mieszka\u0144c\u00f3w Galilei ju\u017c o Nim s\u0142ysza\u0142a, niewielu jednak w&nbsp;Niego uwierzy\u0142o. Wielki Post jest czasem danym przez Boga do nawr\u00f3cenia dla ka\u017cdego z nas. Wszyscy jeste\u015bmy ska\u017ceni grzechem, egoizmem, lubimy skupia\u0107 si\u0119 na sobie. Nawr\u00f3cenie wskazuje na konieczno\u015b\u0107 nieustannej gotowo\u015bci do przemiany \u017cycia i przyj\u0119cia zaproszenia do kr\u00f3lestwa Bo\u017cego. Otw\u00f3rzmy serca na S\u0142owo Bo\u017ce, kt\u00f3re ma moc poruszy\u0107 nasze sumienia i zg\u0142adzi\u0107 nasze grzechy.<\/p>\n\n\n\n<p class=\"has-text-align-justify\">1. Trwamy w okresie pokuty i nawr\u00f3cenia \u2013 dzi\u015b przypada ju\u017c trzecia niedziela Wielkiego Postu. Po raz kolejny s\u0142yszymy s\u0142owa Zbawiciela: \u201eNawracajcie si\u0119, bliskie jest kr\u00f3lestwo niebieskie\u201d. B\u00f3g daje nam czas na wydawanie owoc\u00f3w nawr\u00f3cenia. Nie marnujmy go.<\/p>\n\n\n\n<p class=\"has-text-align-justify\">2. W czwartek, 24 marca, przypada <strong>Narodowy Dzie\u0144 Pami\u0119ci Polak\u00f3w ratuj\u0105cych \u017byd\u00f3w<\/strong>. Pami\u0119tajmy w modlitwie o wszystkich, kt\u00f3rzy nara\u017caj\u0105c w\u0142asne \u017cycie, spieszyli z pomoc\u0105 potrzebuj\u0105cym.<\/p>\n\n\n\n<p class=\"has-text-align-justify\">3. W pi\u0105tek, 25 marca, przypada uroczysto\u015b\u0107 <strong>Zwiastowania Pa\u0144skiego.<\/strong> <strong>Msze \u015awi\u0119te o godz. 7.00, 8.30, 11.00, po Drodze Krzy\u017cowej o 16.30 i 18.00<\/strong>. Tego dnia obchodzimyDzie\u0144 \u015awi\u0119to\u015bci \u017bycia. \u017bycie cz\u0142owieka jest najwi\u0119kszym darem Boga. Nikt nie ma prawa tego daru niszczy\u0107. Przykazanie Bo\u017ce stoi na stra\u017cy \u017cycia cz\u0142owieka od pocz\u0119cia do naturalnej \u015bmierci. Dlatego aborcja i eutanazja s\u0105 naruszeniem \u015bwi\u0119to\u015bci \u017cycia ludzkiego. Wzywaj\u0105c or\u0119downictwa Maryi, kt\u00f3ra zgodzi\u0142a si\u0119 by\u0107 Matk\u0105 Syna Bo\u017cego, polecajmy Bogu ka\u017cde pocz\u0119te dziecko, aby by\u0142o z mi\u0142o\u015bci\u0105 przyj\u0119te, oraz osoby starsze i chore, aby by\u0142y otaczane szacunkiem i pomoc\u0105.<\/p>\n\n\n\n<p class=\"has-text-align-justify\">4. Uroczysto\u015b\u0107 Zwiastowania Pa\u0144skiego to tak\u017ce <strong>Dzie\u0144 Duchowej Adopcji Dziecka Pocz\u0119tego<\/strong>. Duchowa adopcja jest modlitw\u0105 w\u00a0intencji dziecka zagro\u017conego zabiciem w\u00a0\u0142onie matki. Trwa dziewi\u0119\u0107 miesi\u0119cy i polega na codziennym odmawianiu jednej tajemnicy r\u00f3\u017ca\u0144cowej oraz\u00a0specjalnej modlitwy w\u00a0intencji dziecka i\u00a0jego rodzic\u00f3w. Do\u00a0modlitwy mo\u017cna do\u0142\u0105czy\u0107 dowolnie wybrane dodatkowe postanowienia. Takie zobowi\u0105zanie b\u0119dzie mo\u017cna podj\u0105\u0107 uroczy\u015bcie podczas Mszy \u015awi\u0119tej o godz. 18.00. Serdecznie zach\u0119camy.<\/p>\n\n\n\n<p class=\"has-text-align-justify\">5. W sobot\u0119, 26 marca, w liturgii przypada wspomnienie <strong>Dobrego \u0141otra<\/strong> oraz Dzie\u0144 modlitwy za wi\u0119\u017ani\u00f3w. Dobry \u0141otr to jeden ze z\u0142oczy\u0144c\u00f3w powieszonych na krzy\u017cu obok Jezusa, do kt\u00f3rego Zbawiciel skierowa\u0142 s\u0142owa: \u201eZaprawd\u0119, powiadam ci, dzi\u015b b\u0119dziesz ze Mn\u0105 w raju\u201d. Dzi\u015b czczony jest w Ko\u015bciele jako patron wi\u0119\u017ani\u00f3w oraz pokutuj\u0105cych i nawr\u00f3conych grzesznik\u00f3w. M\u00f3dlmy si\u0119 wi\u0119c za wszystkich, kt\u00f3rzy pogubili si\u0119 na drogach \u017cycia, aby weszli na drog\u0119 nawr\u00f3cenia i pami\u0119tali, \u017ce \u201ePan jest \u0142askawy, pe\u0142en mi\u0142osierdzia\u201d.<\/p>\n\n\n\n<p class=\"has-text-align-justify\">6. Nabo\u017ce\u0144stwa pokutne w nast\u0119puj\u0105cym porz\u0105dku:<\/p>\n\n\n\n<ul class=\"wp-block-list\"><li>W dni powszednie: od poniedzia\u0142ku do soboty o godz.7.30 (w pi\u0105tek o godz.8.00) r\u00f3\u017caniec b\u0142agalny o pok\u00f3j na Ukrainie i ustanie epidemii<\/li><li>W ka\u017cdy pi\u0105tek \u2013 <strong>Droga Krzy\u017cowa<\/strong>: <br><ul><li>Dla dzieci o godz.16.30<\/li><li>Dla doros\u0142ych o godz.18.00<\/li><li>Dla m\u0142odzie\u017cy o godz.19.15<\/li><\/ul><\/li><li>W ka\u017cd\u0105 niedziel\u0119 Wielkiego Postu \u2013 <strong>Gorzkie \u017bale<\/strong> z kazaniem pasyjnym o godz.15.00<\/li><\/ul>\n\n\n\n<p class=\"has-text-align-justify\">7. Dzisiaj po Gorzkich \u017balach o godz.15.00 zapraszamy na spotkanie z przedstawicielami <strong>Domowego Ko\u015bcio\u0142a<\/strong>, \u00a0\u00a0wszystkich ma\u0142\u017conk\u00f3w zainteresowanych Kr\u0119gami Domowego Ko\u015bcio\u0142a. \u00a0\u00a0<\/p>\n\n\n\n<p class=\"has-text-align-justify\">8. Za dwa tygodnie w naszej wsp\u00f3lnocie parafialnej prze\u017cywa\u0107 b\u0119dziemy rekolekcje wielkopostne.<\/p>\n\n\n\n<p class=\"has-text-align-justify\">9. Wielki Post jest czasem dobrych postanowie\u0144, odwr\u00f3cenia si\u0119 od z\u0142a i czynienia dobra. Warto, \u017ceby te postanowienia mia\u0142y bardzo konkretny wymiar. Niech to b\u0119d\u0105 konkretne wyrzeczenia, niech to b\u0119dzie codzienna dodatkowa chwila przeznaczona na lektur\u0119 Pisma \u015awi\u0119tego, na rozmy\u015blanie m\u0119ki i \u015bmierci Pana Jezusa, na modlitw\u0119 i zastanowienie si\u0119 nad w\u0142asnym \u017cyciem, post\u0119powaniem. Pami\u0119tajmy o dobrym prze\u017cyciu sakramentu pokuty i pojednania. Przyst\u0105pienie do niego w tym czasie jest przecie\u017c naszym obowi\u0105zkiem. Nie odk\u0142adajmy tego na ostatni\u0105 chwil\u0119! Kap\u0142ani codziennie s\u0142u\u017c\u0105 pos\u0142ug\u0105 w konfesjonale.<\/p>\n\n\n\n<p class=\"has-text-align-justify\">10. Dzisiaj zach\u0119camy do nabycia nowego nru \u201e<strong>Go\u015bcia Niedzielnego<\/strong>\u201d, \u201e<strong>Ma\u0142ego Go\u015bcia\u201d, <\/strong>\u201e<strong>Pielgrzyma<\/strong>\u201d, modlitewnika w intencji Ukrainy: \u201e<strong>Panie, obdarz nas pokojem! Modlitwy o pok\u00f3j i pojednanie<\/strong>\u201d w cenie 4 z\u0142 <strong>\u00a0<\/strong>oraz innych czasopism.<\/p>\n\n\n\n<p class=\"has-text-align-justify\">11.<strong> Apostolstwo Dobrej \u015amierci<\/strong> zaprasza na wsp\u00f3lny wyjazd do kina na film pt.: \u201e<strong>Cuda Guadalupe<\/strong>\u201d w czwartek 24 marca \u00a0&#8211; wyjazd o godz.17.45 sprzed kolegiaty. Koszt 40 z\u0142. Film o godz.19.00. Serdecznie zapraszamy.<\/p>\n\n\n\n<p class=\"has-text-align-justify\">12. Msza \u015bw. \u00a0z podzi\u0119kowaniem za otrzymane \u0142aski, z pro\u015bb\u0105 o\u00a0 dalsze Bo\u017ce b\u0142og. i opiek\u0119\u00a0 Matki Bo\u017cej Cz\u0142onk\u00f3w \u00a0z VIII R\u00f3\u017cy Ojc\u00f3w oraz i ich Rodzin i Kap\u0142an\u00f3w\u00a0 naszej Parafii w poniedzia\u0142ek o godz.7.00, za +Helen\u0119 Bronk ofiarowana od wszystkich gromadz\u0105cych si\u0119 w Kaplicy na Wzg\u00f3rzu Wolno\u015bci w \u015brod\u0119 o godz.7.00, Z podzi\u0119kowaniem za otrzymane \u0142aski, z pro\u015bb\u0105 o\u00a0 dalsze Bo\u017ce b\u0142og. i opiek\u0119\u00a0 Matki Bo\u017cej, zdrowie, pok\u00f3j w Rodzinach z 21 R\u00f3\u017cy Matek oraz o potrzebne \u0142aski i Dary Ducha \u015awi\u0119tego dla naszych Kap\u0142an\u00f3w<strong>\u00a0 <\/strong>w \u015brod\u0119 o godz.18.00,o ocalenie ka\u017cdego pocz\u0119tego \u017cycia i o wytrwa\u0142o\u015b\u0107 w modlitwie dla wszystkich podejmuj\u0105cych Dzie\u0142o Duchowej Adopcji w pi\u0105tek o godz.18.00.<\/p>\n\n\n\n<p class=\"has-text-align-justify\">13. B\u00f3g zap\u0142a\u0107 za ofiary z\u0142o\u017cone w ubieg\u0142\u0105 niedziel\u0119 na cele inwestycyjne, kt\u00f3re wynios\u0142y 8258 z\u0142, 1 dolar i 20 koron. B\u00f3g zap\u0142a\u0107.\u00a0\u00a0\u00a0<\/p>\n\n\n\n<p class=\"has-text-align-justify\">14. W przysz\u0142\u0105 niedziel\u0119 tradycyjna zbi\u00f3rka do puszek na cele dobroczynne, kt\u00f3r\u0105 chcemy przeznaczy\u0107 jako nasz dar dla Wiktorka Puzdrowskiego \u2013 chorego dziecka, kt\u00f3re czeka kosztowne leczenie. \u00a0<\/p>\n\n\n\n<p class=\"has-text-align-justify\">15. Zapraszamy ch\u0142opc\u00f3w w wieku szkolnym do w\u0142\u0105czenia si\u0119 w <strong>s\u0142u\u017cb\u0119\u00a0przy O\u0142tarzu poprzez zostanie ministrantem.<\/strong> Zbi\u00f3rka dla kandydat\u00f3w i ministrant\u00f3w ucz\u0119szczaj\u0105cych do klas od I do VI szko\u0142y podstawowej\u00a0w \u015brod\u0119 o godz. 17:00.\u00a0<\/p>\n\n\n\n<p class=\"has-text-align-justify\">16. Zapraszamy dzieci na spotkanie <strong>K\u00f3\u0142ka Misyjnego<\/strong> w sobot\u0119 o godz. 9:00. Spotkania odbywaj\u0105 si\u0119 w II i IV sobot\u0119 miesi\u0105ca.\u00a0<\/p>\n\n\n\n<p class=\"has-text-align-justify\">17. Od 1 do 3 maja organizujemy <strong>pielgrzymk\u0119<\/strong> pokoju \u015bladami b\u0142. Ks Jerzego Popie\u0142uszki. Bydgoszcz-W\u0142oc\u0142awek-G\u00f3rsk-Warszawa. Koszt to 650zl + bilety wst\u0119pu. Cena zawiera:-transport-2 noclegi w &#8211; pok. 2os. w Warszawie-2\u015bniadania-2obiadokolacje-obiad w drodze powrotnej- obs\u0142ug\u0119 miejscowego przewodnika-ubezpieczenie. Zapisy u ks. Karola<\/p>\n\n\n\n<p class=\"has-text-align-justify\">18. Spotkanie kandydat\u00f3w przygotowuj\u0105cych si\u0119 do bierzmowanie w poniedzia\u0142ek o godz. 18.30.<\/p>\n\n\n\n<p class=\"has-text-align-justify\">19. <strong>Kartuskie Centrum Caritas<\/strong> w dniach 25-26 marca 2022 r, (pi\u0105tek i sobota) b\u0119dzie przeprowadza\u0107 zbi\u00f3rk\u0119 \u017cywno\u015bci, w ramach og\u00f3lnopolskiej akcji \u201eTak. Pomagam!\u201d. Zbi\u00f3rka prowadzona b\u0119dzie w sklepach sieci Biedronka oraz Lidl. Z zebranych dar\u00f3w zostan\u0105 zrobione paczki na \u015bwi\u0119ta dla najubo\u017cszych rodzin. Za z\u0142o\u017cone dary sk\u0142adamy serdeczne B\u00f3g zap\u0142a\u0107.<\/p>\n\n\n\n<p class=\"has-text-align-justify\">20. B\u00f3g zap\u0142a\u0107 za z\u0142o\u017cone ju\u017c dary dla <strong>Ukrainy<\/strong>. Wychodz\u0105c na przeciw rodzinom, kt\u00f3re pozosta\u0142y na terenach ogarni\u0119tych wojn\u0105 na Ukrainie, Caritas Diecezji Pelpli\u0144skiej w\u0142\u0105cza si\u0119 w og\u00f3lnopolsk\u0105 akcj\u0119 \u201e<strong>Paczka dla Ukrainy\u201d.<\/strong> \u00a0Przygotowana paczka ma pom\u00f3c prze\u017cy\u0107 ukrai\u0144skiej rodzinie przez tydzie\u0144. Otrzymamy specjalne kartony w kt\u00f3rych umie\u015bcimy potrzebne produkty: makaron, ry\u017c, kasza, cukier, konserwy\/puszki mi\u0119sne\/pasztet, herbata, pieczywo chrupkie, mleko UHT, zupy Instant, orzechy\/bakalie, owsianki\u00a0 Instant, batony energetyczne, paluszki, krakersy, dania gotowe o d\u0142ugim terminie,, kaszki dla dzieci, s\u0142oiczki dla dzieci, soczki dla dzieci, w opakowaniu plastikowym, musy owocowe, biszkopty, szampon i \u017cel pod prysznic, papier toaletowy, chusteczki higieniczne, chusteczki nawil\u017cone, podpaski, myd\u0142o w kostce, szczoteczki do z\u0119b\u00f3w, pasta do z\u0119b\u00f3w, plastry z opatrunkiem do ci\u0119cia, woda utleniona, grzebie\u0144, \u017cel antybakteryjny, \u015bwieca, zapa\u0142ki, \u015brodki przeciwb\u00f3lowe typu apap\/ibuprom. Nasz Parafialny Zesp\u00f3\u0142 Caritas bardzo prosi, je\u015bli \u00a0kto\u015b zechcia\u0142by pom\u00f3c w przygotowaniu tych paczek, to wymienione produkty mo\u017cna \u00a0sk\u0142ada\u0107 w salce parafialnej w \u015brod\u0119 i pi\u0105tek od godz.16.00 do 19.00. \u00a0\u00a0\u00a0\u00a0\u00a0\u00a0\u00a0\u00a0\u00a0\u00a0\u00a0\u00a0\u00a0\u00a0\u00a0\u00a0\u00a0\u00a0\u00a0\u00a0\u00a0\u00a0\u00a0<\/p>\n\n\n\n<p class=\"has-text-align-justify\">21. W minionym tygodniu odeszli \u00a0po nagrod\u0119 do Pana \u015bp. <strong>Edmund Mielewczyk<\/strong> z ul. Prokowskiej, \u015bp. <strong>Urszula Halman <\/strong>\u00a0z ul. Sambora i \u015bp. <strong>Zofia Zwara <\/strong>z Niemiec, a pogrzeb \u015bp. <strong>Stefana Janikowskiego <\/strong>z ul. Jeziornej \u00a0w poniedzia\u0142ek \u00a0o godz.10.00 w ko\u015bciele \u015bw. Kazimierza \u00a0\u2013 bliskim sk\u0142adamy serdeczne wyrazy wsp\u00f3\u0142czucia, a Zmar\u0142ych polecamy Mi\u0142osierdziu Bo\u017cemu &#8211; <strong>Dobry Jezu\u2026<\/strong>\u00a0 <strong>\u00a0<\/strong><\/p>\n\n\n\n<p class=\"has-text-align-justify\">Pan B\u00f3g nas stworzy\u0142, da\u0142 nam \u017cycie i je podtrzymuje. S\u0142owo Bo\u017ce i Komunia \u015awi\u0119ta to jedyny pokarm, kt\u00f3ry mo\u017ce pom\u00f3c urosn\u0105\u0107 naszemu sercu i sumieniu. Wszystko po to, aby w\u00a0naszej codzienno\u015bci by\u0142o jeszcze wi\u0119cej miejsca dla Boga.<br><strong>Naszym Drogim Parafianom i mi\u0142ym Go\u015bciom<\/strong> \u017cyczymy mi\u0142ej, z Bogiem prze\u017cytej kolejnej wielkopostnej niedzieli. Matce Bo\u017cej, Pani Naszej \u2013 Matce i Kr\u00f3lowej z Kartuskiego Raju polecamy Osoby starsze i chore oraz Solenizant\u00f3w i Jubilat\u00f3w tego tygodnia. Trwajmy na modlitwie w intencji \u00a0pokoju na Ukrainie, a na ten trudny czas zawierzajmy si\u0119 Matce Bo\u017cej i trwajmy na modlitwie wsp\u00f3lnej i osobistej.<\/p>\n\n\n\n<p class=\"has-text-align-right\">Wasi Duszpasterze<\/p>\n","protected":false},"excerpt":{"rendered":"<p>III Niedziela Wielkiego Postu Wj 3,1-8a.13-15 Powo\u0142anie Moj\u017cesza1 Kor 10,1-6.10-12 \u017bycie Izraela na pustyni jest zapowiedzi\u0105 rzeczy przysz\u0142ych\u0141k 13,1-9 Je\u015bli [&hellip;]<\/p>\n","protected":false},"author":2,"featured_media":0,"comment_status":"closed","ping_status":"","sticky":false,"template":"","format":"standard","meta":{"site-sidebar-layout":"default","site-content-layout":"","ast-site-content-layout":"","site-content-style":"default","site-sidebar-style":"default","ast-global-header-display":"","ast-banner-title-visibility":"","ast-main-header-display":"","ast-hfb-above-header-display":"","ast-hfb-below-header-display":"","ast-hfb-mobile-header-display":"","site-post-title":"","ast-breadcrumbs-content":"","ast-featured-img":"","footer-sml-layout":"","theme-transparent-header-meta":"","adv-header-id-meta":"","stick-header-meta":"","header-above-stick-meta":"","header-main-stick-meta":"","header-below-stick-meta":"","astra-migrate-meta-layouts":"default","ast-page-background-enabled":"default","ast-page-background-meta":{"desktop":{"background-color":"var(--ast-global-color-4)","background-image":"","background-repeat":"repeat","background-position":"center center","background-size":"auto","background-attachment":"scroll","background-type":"","background-media":"","overlay-type":"","overlay-color":"","overlay-opacity":"","overlay-gradient":""},"tablet":{"background-color":"","background-image":"","background-repeat":"repeat","background-position":"center center","background-size":"auto","background-attachment":"scroll","background-type":"","background-media":"","overlay-type":"","overlay-color":"","overlay-opacity":"","overlay-gradient":""},"mobile":{"background-color":"","background-image":"","background-repeat":"repeat","background-position":"center center","background-size":"auto","background-attachment":"scroll","background-type":"","background-media":"","overlay-type":"","overlay-color":"","overlay-opacity":"","overlay-gradient":""}},"ast-content-background-meta":{"desktop":{"background-color":"var(--ast-global-color-5)","background-image":"","background-repeat":"repeat","background-position":"center center","background-size":"auto","background-attachment":"scroll","background-type":"","background-media":"","overlay-type":"","overlay-color":"","overlay-opacity":"","overlay-gradient":""},"tablet":{"background-color":"var(--ast-global-color-5)","background-image":"","background-repeat":"repeat","background-position":"center center","background-size":"auto","background-attachment":"scroll","background-type":"","background-media":"","overlay-type":"","overlay-color":"","overlay-opacity":"","overlay-gradient":""},"mobile":{"background-color":"var(--ast-global-color-5)","background-image":"","background-repeat":"repeat","background-position":"center center","background-size":"auto","background-attachment":"scroll","background-type":"","background-media":"","overlay-type":"","overlay-color":"","overlay-opacity":"","overlay-gradient":""}},"advanced_seo_description":"","jetpack_seo_html_title":"","jetpack_seo_noindex":false,"_jetpack_memberships_contains_paid_content":false,"footnotes":""},"categories":[4],"tags":[],"class_list":["post-410","post","type-post","status-publish","format-standard","hentry","category-ogloszenia"],"jetpack_featured_media_url":"","jetpack-related-posts":[],"jetpack_sharing_enabled":true,"_links":{"self":[{"href":"https:\/\/kolegiatakartuzy.pl\/wp-test\/index.php?rest_route=\/wp\/v2\/posts\/410","targetHints":{"allow":["GET"]}}],"collection":[{"href":"https:\/\/kolegiatakartuzy.pl\/wp-test\/index.php?rest_route=\/wp\/v2\/posts"}],"about":[{"href":"https:\/\/kolegiatakartuzy.pl\/wp-test\/index.php?rest_route=\/wp\/v2\/types\/post"}],"author":[{"embeddable":true,"href":"https:\/\/kolegiatakartuzy.pl\/wp-test\/index.php?rest_route=\/wp\/v2\/users\/2"}],"replies":[{"embeddable":true,"href":"https:\/\/kolegiatakartuzy.pl\/wp-test\/index.php?rest_route=%2Fwp%2Fv2%2Fcomments&post=410"}],"version-history":[{"count":4,"href":"https:\/\/kolegiatakartuzy.pl\/wp-test\/index.php?rest_route=\/wp\/v2\/posts\/410\/revisions"}],"predecessor-version":[{"id":415,"href":"https:\/\/kolegiatakartuzy.pl\/wp-test\/index.php?rest_route=\/wp\/v2\/posts\/410\/revisions\/415"}],"wp:attachment":[{"href":"https:\/\/kolegiatakartuzy.pl\/wp-test\/index.php?rest_route=%2Fwp%2Fv2%2Fmedia&parent=410"}],"wp:term":[{"taxonomy":"category","embeddable":true,"href":"https:\/\/kolegiatakartuzy.pl\/wp-test\/index.php?rest_route=%2Fwp%2Fv2%2Fcategories&post=410"},{"taxonomy":"post_tag","embeddable":true,"href":"https:\/\/kolegiatakartuzy.pl\/wp-test\/index.php?rest_route=%2Fwp%2Fv2%2Ftags&post=410"}],"curies":[{"name":"wp","href":"https:\/\/api.w.org\/{rel}","templated":true}]}}