{"id":469,"date":"2022-05-21T17:45:28","date_gmt":"2022-05-21T15:45:28","guid":{"rendered":"http:\/\/kolegiatakartuzy.pl\/wp-test\/?p=469"},"modified":"2022-05-28T20:42:24","modified_gmt":"2022-05-28T18:42:24","slug":"zaproszenie-biskupa-pelplinskiego-na-swiecenia-kaplanskie","status":"publish","type":"post","link":"https:\/\/kolegiatakartuzy.pl\/wp-test\/?p=469","title":{"rendered":"ZAPROSZENIE\u00a0BISKUPA\u00a0PELPLI\u0143SKIEGO NA\u00a0\u00a0 \u015aWI\u0118CENIA KAP\u0141A\u0143SKIE"},"content":{"rendered":"\n<h2 class=\"has-text-align-center wp-block-heading\">ZAPROSZENIE&nbsp;BISKUPA&nbsp;PELPLI\u0143SKIEGO NA&nbsp;\u015aWI\u0118CENIA KAP\u0141A\u0143SKIE<\/h2>\n\n\n\n<p class=\"has-drop-cap\">Drodzy Siostry i Bracia, Bracia Kap\u0142ani!<\/p>\n\n\n\n<p class=\"has-text-align-justify\">Za kilka dni w katedrze w Pelplinie pi\u0119ciu diakon\u00f3w naszego Wy\u017cszego Seminarium Duchownego przyjmie \u015bwi\u0119cenia kap\u0142a\u0144skie. Przez ostatnie dwa lata celebracja \u015bwi\u0119ce\u0144 by\u0142a skromniejsza, przede wszystkim przez ograniczenia wynikaj\u0105ce z pandemii. Uroczysto\u015b\u0107 ta jest jednak tak wa\u017cna dla ca\u0142ej naszej diecezjalnej wsp\u00f3lnoty, \u017ce w tym roku chcemy si\u0119 pe\u0142niej podzieli\u0107 rado\u015bci\u0105 z daru nowych kap\u0142an\u00f3w.<\/p>\n\n\n\n<p class=\"has-text-align-justify\">Nie by\u0142oby \u015bwi\u0119ce\u0144 bez Bo\u017cego wezwania m\u0142odych ludzi na kap\u0142a\u0144sk\u0105 drog\u0119, zatem Panu Stworzenia najpierw sk\u0142adam dzi\u0119kczynienie za \u0142ask\u0119 powo\u0142ania i Jemu polecam w modlitwie ka\u017cdego kap\u0142ana naszej diecezji. Dzi\u0119kuj\u0119 r\u00f3wnie\u017c rodzinom przysz\u0142ych prezbiter\u00f3w, parafiom, z kt\u00f3rych si\u0119 wywodz\u0105, naszemu seminarium i wszystkim otaczaj\u0105cym ich trosk\u0105. Niech Wasze wsparcie, zw\u0142aszcza modlitewne, wyprasza im potrzebne \u0142aski. <\/p>\n\n\n\n<p class=\"has-text-align-justify\">Zapraszam serdecznie do udzia\u0142u we Mszy \u015bwi\u0119tej w sobot\u0119, 28 maja br. o godz. 11.00 w bazylice katedralnej w Pelplinie, podczas kt\u00f3rej udziel\u0119 \u015bwi\u0119ce\u0144 kap\u0142a\u0144skich pi\u0119ciu diakonom. Niech nie zabraknie na tej uroczysto\u015bci ksi\u0119\u017cy, si\u00f3str i braci zakonnych oraz wszystkich, kt\u00f3rym le\u017cy na sercu troska o powo\u0142ania kap\u0142a\u0144skie. Zapraszam te\u017c m\u0142odych ludzi, kt\u00f3rzy zastanawiaj\u0105 si\u0119, czy p\u00f3j\u015b\u0107 za Chrystusem. Spotkanie z przepe\u0142nionymi szcz\u0119\u015bciem neoprezbiterami mo\u017ce by\u0107 dla Was tym momentem, kt\u00f3ry przewa\u017cy w&nbsp;podj\u0119ciu decyzji o g\u0142oszeniu Ewangelii wsp\u00f3\u0142czesnemu \u015bwiatu jako kap\u0142an.<\/p>\n\n\n\n<p class=\"has-text-align-justify\">Siostry i Bracia, raz jeszcze dzi\u0119kuj\u0105c za Wasze modlitwy oraz wsparcie powo\u0142a\u0144 i powo\u0142anych, wszystkim z&nbsp;serca b\u0142ogos\u0142awi\u0119, w imi\u0119 Ojca i Syna i Ducha \u015awi\u0119tego.&nbsp;<\/p>\n\n\n\n<p class=\"has-text-align-center\"><strong>Wasz Biskup<\/strong><br><strong>+ Ryszard Kasyna<\/strong><\/p>\n","protected":false},"excerpt":{"rendered":"<p>ZAPROSZENIE&nbsp;BISKUPA&nbsp;PELPLI\u0143SKIEGO NA&nbsp;\u015aWI\u0118CENIA KAP\u0141A\u0143SKIE Drodzy Siostry i Bracia, Bracia Kap\u0142ani! Za kilka dni w katedrze w Pelplinie pi\u0119ciu diakon\u00f3w naszego Wy\u017cszego [&hellip;]<\/p>\n","protected":false},"author":2,"featured_media":0,"comment_status":"closed","ping_status":"","sticky":false,"template":"","format":"standard","meta":{"site-sidebar-layout":"default","site-content-layout":"","ast-site-content-layout":"","site-content-style":"default","site-sidebar-style":"default","ast-global-header-display":"","ast-banner-title-visibility":"","ast-main-header-display":"","ast-hfb-above-header-display":"","ast-hfb-below-header-display":"","ast-hfb-mobile-header-display":"","site-post-title":"","ast-breadcrumbs-content":"","ast-featured-img":"","footer-sml-layout":"","theme-transparent-header-meta":"","adv-header-id-meta":"","stick-header-meta":"","header-above-stick-meta":"","header-main-stick-meta":"","header-below-stick-meta":"","astra-migrate-meta-layouts":"default","ast-page-background-enabled":"default","ast-page-background-meta":{"desktop":{"background-color":"var(--ast-global-color-4)","background-image":"","background-repeat":"repeat","background-position":"center center","background-size":"auto","background-attachment":"scroll","background-type":"","background-media":"","overlay-type":"","overlay-color":"","overlay-opacity":"","overlay-gradient":""},"tablet":{"background-color":"","background-image":"","background-repeat":"repeat","background-position":"center center","background-size":"auto","background-attachment":"scroll","background-type":"","background-media":"","overlay-type":"","overlay-color":"","overlay-opacity":"","overlay-gradient":""},"mobile":{"background-color":"","background-image":"","background-repeat":"repeat","background-position":"center center","background-size":"auto","background-attachment":"scroll","background-type":"","background-media":"","overlay-type":"","overlay-color":"","overlay-opacity":"","overlay-gradient":""}},"ast-content-background-meta":{"desktop":{"background-color":"var(--ast-global-color-5)","background-image":"","background-repeat":"repeat","background-position":"center center","background-size":"auto","background-attachment":"scroll","background-type":"","background-media":"","overlay-type":"","overlay-color":"","overlay-opacity":"","overlay-gradient":""},"tablet":{"background-color":"var(--ast-global-color-5)","background-image":"","background-repeat":"repeat","background-position":"center center","background-size":"auto","background-attachment":"scroll","background-type":"","background-media":"","overlay-type":"","overlay-color":"","overlay-opacity":"","overlay-gradient":""},"mobile":{"background-color":"var(--ast-global-color-5)","background-image":"","background-repeat":"repeat","background-position":"center center","background-size":"auto","background-attachment":"scroll","background-type":"","background-media":"","overlay-type":"","overlay-color":"","overlay-opacity":"","overlay-gradient":""}},"advanced_seo_description":"","jetpack_seo_html_title":"","jetpack_seo_noindex":false,"_jetpack_memberships_contains_paid_content":false,"footnotes":""},"categories":[4],"tags":[],"class_list":["post-469","post","type-post","status-publish","format-standard","hentry","category-ogloszenia"],"jetpack_featured_media_url":"","jetpack-related-posts":[],"jetpack_sharing_enabled":true,"_links":{"self":[{"href":"https:\/\/kolegiatakartuzy.pl\/wp-test\/index.php?rest_route=\/wp\/v2\/posts\/469","targetHints":{"allow":["GET"]}}],"collection":[{"href":"https:\/\/kolegiatakartuzy.pl\/wp-test\/index.php?rest_route=\/wp\/v2\/posts"}],"about":[{"href":"https:\/\/kolegiatakartuzy.pl\/wp-test\/index.php?rest_route=\/wp\/v2\/types\/post"}],"author":[{"embeddable":true,"href":"https:\/\/kolegiatakartuzy.pl\/wp-test\/index.php?rest_route=\/wp\/v2\/users\/2"}],"replies":[{"embeddable":true,"href":"https:\/\/kolegiatakartuzy.pl\/wp-test\/index.php?rest_route=%2Fwp%2Fv2%2Fcomments&post=469"}],"version-history":[{"count":3,"href":"https:\/\/kolegiatakartuzy.pl\/wp-test\/index.php?rest_route=\/wp\/v2\/posts\/469\/revisions"}],"predecessor-version":[{"id":488,"href":"https:\/\/kolegiatakartuzy.pl\/wp-test\/index.php?rest_route=\/wp\/v2\/posts\/469\/revisions\/488"}],"wp:attachment":[{"href":"https:\/\/kolegiatakartuzy.pl\/wp-test\/index.php?rest_route=%2Fwp%2Fv2%2Fmedia&parent=469"}],"wp:term":[{"taxonomy":"category","embeddable":true,"href":"https:\/\/kolegiatakartuzy.pl\/wp-test\/index.php?rest_route=%2Fwp%2Fv2%2Fcategories&post=469"},{"taxonomy":"post_tag","embeddable":true,"href":"https:\/\/kolegiatakartuzy.pl\/wp-test\/index.php?rest_route=%2Fwp%2Fv2%2Ftags&post=469"}],"curies":[{"name":"wp","href":"https:\/\/api.w.org\/{rel}","templated":true}]}}