{"id":522,"date":"2022-06-18T16:00:37","date_gmt":"2022-06-18T14:00:37","guid":{"rendered":"http:\/\/kolegiatakartuzy.pl\/wp-test\/?p=522"},"modified":"2022-06-18T16:00:37","modified_gmt":"2022-06-18T14:00:37","slug":"ogloszenia-duszpasterskie-na-dzien-19-06-2022","status":"publish","type":"post","link":"https:\/\/kolegiatakartuzy.pl\/wp-test\/?p=522","title":{"rendered":"Og\u0142oszenia duszpasterskie na dzie\u0144 19.06.2022"},"content":{"rendered":"\n<h2 class=\"has-text-align-center wp-block-heading\">\u00a0XII Niedziela Zwyk\u0142a<\/h2>\n\n\n\n<p><strong>Za 12,10-11;13,1<em> <\/em><\/strong><em>B\u0119d\u0105 patrze\u0107 na tego, kt\u00f3rego przebili<\/em><br><strong>Ga 3,26-29<em> <\/em><\/strong><em>Wiara w Chrystusa znosi podzia\u0142y mi\u0119dzy lud\u017ami<\/em><br><strong>\u0141k 9,18-24<em> <\/em><\/strong><em>Wyznanie wiary w Chrystusa i zapowied\u017a m\u0119ki<\/em><\/p>\n\n\n\n<p class=\"has-text-align-justify\">Ksi\u0119ga proroka Zachariasza, m\u00f3wi\u0105c o nadej\u015bciu kr\u00f3lestwa pokoju, zapowiada obmycie Jerozolimy z jej grzech\u00f3w za spraw\u0105 \u015bmierci tajemniczego Odkupiciela win. \u00d3w niewinny cz\u0142owiek z\u0142o\u017cy swoje \u017cycie w ofierze za \u017cycie wielu, by zmaza\u0107 grzechy ludu. Echem tych s\u0142\u00f3w jest zapowied\u017a Chrystusa dotycz\u0105ca Jego m\u0119cze\u0144skiej \u015bmierci i&nbsp;zmartwychwstania. Wydaje si\u0119 jednak, \u017ce uczniowie nie do ko\u0144ca rozumiej\u0105, o co chodzi. S\u0142owa o cierpieniu i \u015bmierci zdaj\u0105 si\u0119 nie przystawa\u0107 do wizji oczekiwanego Mesjasza, kt\u00f3ry mia\u0142 okaza\u0107 pot\u0119g\u0119 i moc w obj\u0119ciu panowania nad Izraelem. Jezus, \u015bwiadom tego, stopniowo wprowadza uczni\u00f3w w tajemnic\u0119 paschy, o kt\u00f3rej b\u0119d\u0105 oni \u015bwiadczy\u0107 swoim \u017cyciem.<\/p>\n\n\n\n<p class=\"has-text-align-justify\">1. Trwa czerwiec \u2013 miesi\u0105c naszej szczeg\u00f3lnej modlitwy do <strong>Naj\u015bwi\u0119tszego Serca Pana Jezusa.<\/strong> Przez udzia\u0142 w nabo\u017ce\u0144stwach czerwcowych wynagradzamy Bo\u017cemu Sercu za grzechy nasze i bli\u017anich, wszelkie zniewagi i braki w wierze. Dzi\u0119kujemy za Bo\u017ce mi\u0142osierdzie i prosimy o wytchnienie oraz pociech\u0119 w codziennych troskach. Pami\u0119tajmy, \u017ce Serce Jezusowe jest jedynym \u017ar\u00f3d\u0142em zdolnym rozgrza\u0107 serca ludzi do mi\u0142o\u015b\u0107 do Boga i bli\u017aniego.<br>Zapraszamy na czerwcowe <strong><em>nabo\u017ce\u0144stwa:<\/em><\/strong><\/p>\n\n\n\n<ul class=\"wp-block-list\"><li>w ko\u015bciele po mszy \u015bw. wieczornej dla ca\u0142ych rodzin\u00a0<\/li><li>w kaplicy na Wzg\u00f3rzu Wolno\u015bci od poniedzia\u0142ku do pi\u0105tku o godz.18.00<\/li><li>w \u0141apalicach przy krzy\u017cu: w niedziele o godz.14.00, a w dni powszednie o godz.18.00<\/li><\/ul>\n\n\n\n<p class=\"has-text-align-justify\">2. Dzi\u0119kujemy wszystkim, kt\u00f3rzy przygotowywali poszczeg\u00f3lne o\u0142tarzy w czasie Uroczysto\u015bci Bo\u017cego Cia\u0142a, udekorowali swoje domy na trasie procesji, a tak\u017ce pomogli w zorganizowaniu procesji i gorliwie w skupieniu, modlitwie i \u015bpiewie w niej uczestniczyli. Wyrazy wdzi\u0119czno\u015bci kierujemy do wszystkich ministrant\u00f3w, lektor\u00f3w, ca\u0142ej s\u0142u\u017cby liturgicznej, os\u00f3b nios\u0105cych baldachim, chor\u0105gwie, feretrony i inne znaki religijne oraz dziewczynek sypi\u0105cych kwiatki i dzieci pierwszokomunijnych, kt\u00f3re w tym dniu prze\u017cywa\u0142y swoje wyj\u0105tkowe \u015bwi\u0119to. Dzi\u0119kujemy naszym Paniom Katechetkom i Rodzicom,\u00a0 dzi\u0119kujemy tak\u017ce naszej Policji i Stra\u017cy Miejskiej za zabezpieczenie trasy naszej procesji. Za wszelkie dobro i pomoc sk\u0142adamy serdeczne B\u00f3g zap\u0142a\u0107, a wszystkim niech B\u00f3g hojnie wynagradza swoj\u0105 \u0142ask\u0105.<\/p>\n\n\n\n<p class=\"has-text-align-justify\">3. W szczeg\u00f3lny spos\u00f3b dzi\u0119kujemy za przygotowanie Wieczoru Chwa\u0142y, wielkie uznanie dla wszystkich, kt\u00f3rzy przygotowali to pi\u0119kne uwielbienie Chrystusa w Naj\u015bwi\u0119tszej Eucharystii \u2013 na r\u0119ce Pani Dyrektor KCK w Kartuzach Ma\u0142gorzaty Pa\u017adzior \u2013 Kr\u00f3l oraz Pana Burmistrza Mieczys\u0142awa Grzegorza Go\u0142u\u0144skiego.<\/p>\n\n\n\n<p class=\"has-text-align-justify\">4. <strong>Trwa Oktawa Bo\u017cego Cia\u0142a &#8211; Procesje Eucharystyczne<\/strong> wok\u00f3\u0142 naszego ko\u015bcio\u0142a odbywaj\u0105 si\u0119 codziennie po Mszy \u015awi\u0119tej wieczornej przez ca\u0142\u0105 Oktaw\u0119, r\u00f3wnie\u017c\u00a0 w niedziel\u0119 do pi\u0105tku N.S.P.J. w\u0142\u0105cznie. Nie sprawiajmy Chrystusowi zawodu oboj\u0119tno\u015bci\u0105, wykr\u0119tem czy lenistwem. Jak On pragnie by\u0107 blisko nas, tak my przychod\u017amy jak najcz\u0119\u015bciej do Niego.<\/p>\n\n\n\n<p class=\"has-text-align-justify\">5. W bie\u017c\u0105cym roku zako\u0144czymy trzyletni program duszpasterski Ko\u015bcio\u0142a w Polsce realizowany po has\u0142em: \u201e<strong>Eucharystia daje \u017cycie<\/strong>\u201d. Jako owoc tego pi\u0119knego, cho\u0107 nie\u0142atwego czasu ze wzgl\u0119du na pandemi\u0119, pragniemy podj\u0105\u0107 w \u017cyciu naszych wsp\u00f3lnot i indywidualnym w\u015br\u00f3d duchownych, os\u00f3b konsekrowanych i wiernych \u015bwieckich naszej diecezji, proces odnowienia pobo\u017cno\u015bci eucharystycznej. St\u0105d\u00a0 od uroczysto\u015bci Bo\u017cego Cia\u0142a we wszystkich parafiach naszej diecezji, r\u00f3wnie\u017c i w naszym ko\u015bciele, na sta\u0142e wyznaczony b\u0119dzie dzie\u0144 tygodnia, w p\u00f3\u017aniejszych godzinach wieczornych, ze wzgl\u0119du na czas powrot\u00f3w z pracy do dom\u00f3w naszych Wiernych, cotygodniow\u0105 45 minutow\u0105 Adoracj\u0119 Naj\u015bwi\u0119tszego Sakramentu w ciszy, z r\u00f3wnoczesn\u0105 pos\u0142ug\u0105 kap\u0142ana w\u00a0konfesjonale. <strong>W Kolegiacie b\u0119dzie to ka\u017cdy czwartek \u2013 dzie\u0144 upami\u0119tniaj\u0105cy ustanowienie Przenaj\u015bwi\u0119tszej Eucharystii ods\u0142aniaj\u0105cej Oblicze Boga, Najwi\u0119kszej Mi\u0142o\u015bci utajonej w\u015br\u00f3d nas w Naj\u015bwi\u0119tszym Sakramencie po Mszy \u015awi\u0119tej o godz.18.00 i trwa\u0107 b\u0119dzie do godz.19.30.<\/strong><\/p>\n\n\n\n<p class=\"has-text-align-justify\">6. R\u00f3wnie\u017c od wrze\u015bnia 2022 roku do czerwca 2023 roku Wydzia\u0142 Duszpasterski przygotuje kr\u00f3tkie rozwa\u017cania na temat Eucharystii, kt\u00f3re b\u0119d\u0105 poprzedza\u0107 celebracj\u0119 ka\u017cdej niedzielnej Mszy \u015bwi\u0119tej w parafiach.<\/p>\n\n\n\n<p class=\"has-text-align-justify\">7. Jutro, w poniedzia\u0142ek, 20 czerwca, przypada <strong>Mi\u0119dzynarodowy Dzie\u0144 Uchod\u017acy.<\/strong> ustanowiony przez Zgromadzenie Og\u00f3lne ONZ w 2000 roku. B\u0119dziemy modli\u0107 si\u0119 za wszystkich, szczeg\u00f3lnie z Ukrainy, kt\u00f3rzy z r\u00f3\u017cnych wzgl\u0119d\u00f3w musieli opu\u015bci\u0107 kraj ojczysty, aby byli otaczani szacunkiem i do\u015bwiadczali niezb\u0119dnej pomocy i \u017cyczliwo\u015bci w\u015br\u00f3d innych narod\u00f3w.<\/p>\n\n\n\n<p class=\"has-text-align-justify\">8. W czwartek, 23 czerwca, obchodzimy <strong>Dzie\u0144 Ojca<\/strong>. Naszymi modlitwami obejmiemy wszystkich ojc\u00f3w z naszej wsp\u00f3lnoty parafialnej, aby godnie i z mi\u0142o\u015bci\u0105 wype\u0142niali swoje obowi\u0105zki w codziennych staraniach o w\u0142asne rodziny. Wszystkich ojc\u00f3w ze swoimi najbli\u017cszymi zapraszamy do wsp\u00f3lnej modlitwy.<\/p>\n\n\n\n<p class=\"has-text-align-justify\">9. W czwartek, 23 czerwca, przypada liturgiczna uroczysto\u015b\u0107 <strong>Narodzenia \u015awi\u0119tego Jana Chrzciciela<\/strong>. Ze wzgl\u0119du na przypadaj\u0105c\u0105 w pi\u0105tek uroczysto\u015b\u0107 Naj\u015bwi\u0119tszego Serca Pana Jezusa zosta\u0142a przeniesiona na dzie\u0144 23 czerwca.<\/p>\n\n\n\n<p class=\"has-text-align-justify\">10. W pi\u0105tek, 24 czerwca, przypada uroczysto\u015b\u0107 <strong>Naj\u015bwi\u0119tszego Serca Pana Jezusa<\/strong>. To tak\u017ce z\u00a0inicjatywy \u015awi\u0119tego Jana Paw\u0142a II \u015awiatowy dzie\u0144 modlitw o u\u015bwi\u0119cenie kap\u0142an\u00f3w. Z racji uroczysto\u015bci nie obowi\u0105zuje wstrzemi\u0119\u017aliwo\u015b\u0107 od pokarm\u00f3w mi\u0119snych. Msze \u015awi\u0119te o godz.7.00, 8.00 i 18.00, po kt\u00f3rej Procesja Eucharydtyczna.<\/p>\n\n\n\n<p class=\"has-text-align-justify\">11. W sobot\u0119 czcimy Niepokalane Serce Naj\u015bwi\u0119tszej Maryi Panny.<\/p>\n\n\n\n<p class=\"has-text-align-justify\">12. Tradycyjnie zapraszamy na <strong>R\u00f3\u017caniec B\u0142agalny<\/strong> o ustanie epidemii,\u00a0 o zako\u0144czenie kryzysu na naszej granicy z Bia\u0142orusi\u0105 oraz o pok\u00f3j mi\u0119dzy Rosj\u0105 i Ukrain\u0105 &#8211; codziennie od poniedzia\u0142ku do soboty o godz.7.30.<\/p>\n\n\n\n<p class=\"has-text-align-justify\">13. W \u015brod\u0119\u00a0 po Mszy \u015awi\u0119tej wieczornej zapraszamy na spotkanie do salki wszystkich Cz\u0142onk\u00f3w Parafialnego Zespo\u0142u Caritas.<\/p>\n\n\n\n<p class=\"has-text-align-justify\">14. Zapraszamy na spotkanie m\u0142odzie\u017c przygotowuj\u0105c\u0105 si\u0119 do sakramentu bierzmowania w poniedzia\u0142ek po mszy \u015bw. B\u0119dzie to ostatnie spotkanie przed wakacjami, nast\u0119pne we wrze\u015bniu. Prosimy zabra\u0107 ze sob\u0105 indeksy.<\/p>\n\n\n\n<p class=\"has-text-align-justify\">15. Dzisiaj zach\u0119camy do nabycia nowego nru <strong>\u201eGo\u015bcia Niedzielnego\u201d, \u201eApostolstwa Chorych\u201d, <\/strong>kalendarzy na przysz\u0142y rok wydanych przez Polskie Stowarzyszenie Obro\u0144c\u00f3w \u017bycia w cenie 15 z\u0142 i<strong>\u00a0 <\/strong>\u00a0jest jeszcze aktualny \u201e<strong>Pielgrzym<\/strong>\u201d.<\/p>\n\n\n\n<p class=\"has-text-align-justify\">16. Biuro Radia Maryja w Kartuzach przy Parafii \u015bw. Kazimierza w Kartuzach zaprasza na <strong>XXXI Pielgrzymk\u0119 Rodziny Radia Maryja do Cz\u0119stochowy<\/strong> w dniu 10 lipca \u2013 wyjazd 9.07 o godz.22.00 sprzed dworca PKP w Kartuzach powr\u00f3t 10.07. w godzinach nocnych. Koszt 150 z\u0142. Zapisy w biurze radia Maryja w Kartuzach we wtorki i pi\u0105tki w godz.9.00-11.00, a tak\u017ce pod nr tel.: Terenia: 695973912 i El\u017cbieta:691858460.<\/p>\n\n\n\n<p class=\"has-text-align-justify\">17. Zbli\u017ca si\u0119 koniec roku katechetycznego i szkolnego. Przypominamy dzieciom, m\u0142odzie\u017cy i rodzicom, \u017ce ka\u017cde dzie\u0142o, aby przynios\u0142o dobre owoce, by by\u0142o dobrze zako\u0144czone, powinno by\u0107 ofiarowane Panu Bogu. Warto w modlitwach nie tylko prosi\u0107, ale i dzi\u0119kowa\u0107 za otrzymane dobro, za prze\u017cyty czas z Bogiem. Niech nie zabraknie tego dzi\u0119kczynienia w nadchodz\u0105cych dniach. <strong>Zapraszamy na Msz\u0119 \u015awi\u0119t\u0105 dzi\u0119kczynn\u0105 <\/strong>za wszelkie dary i \u0142aski, kt\u00f3rych B\u00f3g udzieli\u0142 nam w tym roku, za pi\u0119kn\u0105 prac\u0119 wychowawcz\u0105 naszych nauczycieli, pedagog\u00f3w, pracownik\u00f3w szko\u0142y, za rzeteln\u0105 prac\u0119 dzieci i m\u0142odzie\u017cy, uwie\u0144czon\u0105 dobrymi wynikami <strong>w pi\u0105tek na godz.8.00<\/strong>. B\u0119dziemy te\u017c prosi\u0107 o dobre prze\u017cycie czasu wakacji. Niech to b\u0119dzie b\u0142ogos\u0142awiony czas wypoczynku, regeneracji si\u0142, ale tak\u017ce duchowego wzrostu. Nawet w wakacje odwiedzaj\u0105c ciekawe miejsca, zw\u0142aszcza\u00a0 \u015bwi\u0105tynie, mo\u017cna nie tylko podziwia\u0107 pi\u0119kno, ale przede wszystkim odda\u0107 cze\u015b\u0107 Panu ca\u0142ego stworzenia.<\/p>\n\n\n\n<p class=\"has-text-align-justify\">18. U progu czasu wakacyjnego pami\u0119tajmy, \u017ce od Pana Boga i Jego przykaza\u0144 nie ma wakacji, a na urlop warto zabra\u0107 ze sob\u0105 r\u00f3\u017caniec, modlitewnik lub Pismo \u015awi\u0119te. Nie zapominajmy te\u017c, \u017ce ka\u017cda niedziela z Msz\u0105 \u015awi\u0119t\u0105 jest drogowskazem na wakacyjnej drodze. <\/p>\n\n\n\n<p class=\"has-text-align-justify\">19. Msza \u015awi\u0119ta w<strong> <\/strong>intencji Rzemie\u015blnik\u00f3w i Cz\u0142onk\u00f3w ich Rodzin zrzeszonych w Cechu Rzemios\u0142 R\u00f3\u017cnych w Kartuzach oraz za Zmar\u0142ych Rzemie\u015blnik\u00f3w i ++Cz\u0142onk\u00f3w ich Rodzin w \u015brod\u0119 o godz.9.00. Msza \u015awi\u0119ta z okazji 50 Lecia Matury Rocznik 1972 w sobot\u0119 o godz.16.00.<\/p>\n\n\n\n<p class=\"has-text-align-justify\">20. B\u00f3g zap\u0142a\u0107 za ofiary z\u0142o\u017cone w ubieg\u0142\u0105 niedziel\u0119 na cele inwestycyjne kt\u00f3re wynios\u0142y 8275 z\u0142. <strong>Serdeczne<\/strong> <strong>B\u00f3g zap\u0142a\u0107!<\/strong><\/p>\n\n\n\n<p class=\"has-text-align-justify\">21. Pogrzeb \u015bp. <strong>Gerarda<\/strong> <strong>Szlas <\/strong>\u00a0z Grzybna\u00a0 w poniedzia\u0142ek o godz.13.00 w Grzybnie, poch\u00f3wek na cmentarzu g\u00f3rnym w Kartuzach\u00a0 \u2013 bliskim sk\u0142adamy serdeczne wyrazy wsp\u00f3\u0142czucia, a wszystkich naszych Zmar\u0142ych\u00a0 polecamy Mi\u0142osierdziu Bo\u017cemu &#8211; <strong>Dobry Jezu\u2026<\/strong><\/p>\n\n\n\n<p class=\"has-text-align-justify\"><strong>W tym tygodniu patronuje nam:<br><\/strong>\u2013 we wtorek, 21 czerwca \u2013 \u015bw. <strong>Alojzy Gonzaga<\/strong> (1568-1591), alumn, zakonnik, wz\u00f3r mi\u0142o\u015bci do ubogich i chorych.<\/p>\n\n\n\n<p class=\"has-text-align-justify\">Ca\u0142e \u017cycie poznajemy Pana Jezusa, kt\u00f3ry zna nas bardzo dobrze. Daje nam siebie\u00a0w Komunii \u015awi\u0119tej i na kartach Pisma \u015awi\u0119tego. To od nas zale\u017cy, czy zechcemy otworzy\u0107 swoje serca dla Niego.<br><strong>Naszym Drogim Parafianom, mi\u0142ym Go\u015bciom<\/strong> <strong>i wszystkim tak serdecznie zwi\u0105zanym z Kartusk\u0105 Kolegiat\u0105<\/strong> \u017cyczymy g\u0142\u0119bokiej, z Bogiem prze\u017cytej niedzieli w czasie miesi\u0105ca Serca Bo\u017cego. Niech B\u00f3g b\u0142ogos\u0142awi solenizantom i jubilatom tego tygodnia.<\/p>\n\n\n\n<p class=\"has-text-align-right\">Wasi Duszpasterze<\/p>\n","protected":false},"excerpt":{"rendered":"<p>\u00a0XII Niedziela Zwyk\u0142a Za 12,10-11;13,1 B\u0119d\u0105 patrze\u0107 na tego, kt\u00f3rego przebiliGa 3,26-29 Wiara w Chrystusa znosi podzia\u0142y mi\u0119dzy lud\u017ami\u0141k 9,18-24 [&hellip;]<\/p>\n","protected":false},"author":2,"featured_media":0,"comment_status":"closed","ping_status":"","sticky":false,"template":"","format":"standard","meta":{"site-sidebar-layout":"default","site-content-layout":"","ast-site-content-layout":"","site-content-style":"default","site-sidebar-style":"default","ast-global-header-display":"","ast-banner-title-visibility":"","ast-main-header-display":"","ast-hfb-above-header-display":"","ast-hfb-below-header-display":"","ast-hfb-mobile-header-display":"","site-post-title":"","ast-breadcrumbs-content":"","ast-featured-img":"","footer-sml-layout":"","theme-transparent-header-meta":"","adv-header-id-meta":"","stick-header-meta":"","header-above-stick-meta":"","header-main-stick-meta":"","header-below-stick-meta":"","astra-migrate-meta-layouts":"default","ast-page-background-enabled":"default","ast-page-background-meta":{"desktop":{"background-color":"var(--ast-global-color-4)","background-image":"","background-repeat":"repeat","background-position":"center center","background-size":"auto","background-attachment":"scroll","background-type":"","background-media":"","overlay-type":"","overlay-color":"","overlay-opacity":"","overlay-gradient":""},"tablet":{"background-color":"","background-image":"","background-repeat":"repeat","background-position":"center center","background-size":"auto","background-attachment":"scroll","background-type":"","background-media":"","overlay-type":"","overlay-color":"","overlay-opacity":"","overlay-gradient":""},"mobile":{"background-color":"","background-image":"","background-repeat":"repeat","background-position":"center center","background-size":"auto","background-attachment":"scroll","background-type":"","background-media":"","overlay-type":"","overlay-color":"","overlay-opacity":"","overlay-gradient":""}},"ast-content-background-meta":{"desktop":{"background-color":"var(--ast-global-color-5)","background-image":"","background-repeat":"repeat","background-position":"center center","background-size":"auto","background-attachment":"scroll","background-type":"","background-media":"","overlay-type":"","overlay-color":"","overlay-opacity":"","overlay-gradient":""},"tablet":{"background-color":"var(--ast-global-color-5)","background-image":"","background-repeat":"repeat","background-position":"center center","background-size":"auto","background-attachment":"scroll","background-type":"","background-media":"","overlay-type":"","overlay-color":"","overlay-opacity":"","overlay-gradient":""},"mobile":{"background-color":"var(--ast-global-color-5)","background-image":"","background-repeat":"repeat","background-position":"center center","background-size":"auto","background-attachment":"scroll","background-type":"","background-media":"","overlay-type":"","overlay-color":"","overlay-opacity":"","overlay-gradient":""}},"advanced_seo_description":"","jetpack_seo_html_title":"","jetpack_seo_noindex":false,"_jetpack_memberships_contains_paid_content":false,"footnotes":""},"categories":[4],"tags":[],"class_list":["post-522","post","type-post","status-publish","format-standard","hentry","category-ogloszenia"],"jetpack_featured_media_url":"","jetpack-related-posts":[],"jetpack_sharing_enabled":true,"_links":{"self":[{"href":"https:\/\/kolegiatakartuzy.pl\/wp-test\/index.php?rest_route=\/wp\/v2\/posts\/522","targetHints":{"allow":["GET"]}}],"collection":[{"href":"https:\/\/kolegiatakartuzy.pl\/wp-test\/index.php?rest_route=\/wp\/v2\/posts"}],"about":[{"href":"https:\/\/kolegiatakartuzy.pl\/wp-test\/index.php?rest_route=\/wp\/v2\/types\/post"}],"author":[{"embeddable":true,"href":"https:\/\/kolegiatakartuzy.pl\/wp-test\/index.php?rest_route=\/wp\/v2\/users\/2"}],"replies":[{"embeddable":true,"href":"https:\/\/kolegiatakartuzy.pl\/wp-test\/index.php?rest_route=%2Fwp%2Fv2%2Fcomments&post=522"}],"version-history":[{"count":1,"href":"https:\/\/kolegiatakartuzy.pl\/wp-test\/index.php?rest_route=\/wp\/v2\/posts\/522\/revisions"}],"predecessor-version":[{"id":523,"href":"https:\/\/kolegiatakartuzy.pl\/wp-test\/index.php?rest_route=\/wp\/v2\/posts\/522\/revisions\/523"}],"wp:attachment":[{"href":"https:\/\/kolegiatakartuzy.pl\/wp-test\/index.php?rest_route=%2Fwp%2Fv2%2Fmedia&parent=522"}],"wp:term":[{"taxonomy":"category","embeddable":true,"href":"https:\/\/kolegiatakartuzy.pl\/wp-test\/index.php?rest_route=%2Fwp%2Fv2%2Fcategories&post=522"},{"taxonomy":"post_tag","embeddable":true,"href":"https:\/\/kolegiatakartuzy.pl\/wp-test\/index.php?rest_route=%2Fwp%2Fv2%2Ftags&post=522"}],"curies":[{"name":"wp","href":"https:\/\/api.w.org\/{rel}","templated":true}]}}