{"id":592,"date":"2022-07-30T17:13:14","date_gmt":"2022-07-30T15:13:14","guid":{"rendered":"http:\/\/kolegiatakartuzy.pl\/wp-test\/?p=592"},"modified":"2022-07-30T17:13:14","modified_gmt":"2022-07-30T15:13:14","slug":"ogloszenia-duszpasterskie-na-dzien-31-07-2022","status":"publish","type":"post","link":"https:\/\/kolegiatakartuzy.pl\/wp-test\/?p=592","title":{"rendered":"Og\u0142oszenia duszpasterskie na dzie\u0144 31.07.2022"},"content":{"rendered":"\n<h2 class=\"wp-block-heading\">XVIII Niedziela Zwyk\u0142a<\/h2>\n\n\n\n<p><strong>Koh 1,2;2,21-23<\/strong><em> C\u00f3\u017c ma cz\u0142owiek z wszelkiego trudu swego?<\/em><br><strong>Kol 3,1-5.9-11<\/strong><em> Szukajcie tego, co w g\u00f3rze, zadajcie \u015bmier\u0107 temu, co jest przyziemne<\/em><br><strong>\u0141k 12,13-21<\/strong><em> Marno\u015b\u0107 d\u00f3br doczesnych<\/em><\/p>\n\n\n\n<p class=\"has-text-align-justify\">W perspektywie nieuchronnej \u015bmierci wszystko wydaje si\u0119 marno\u015bci\u0105. Dlatego w&nbsp;p\u0119dzie \u017cycia warto zatrzyma\u0107 si\u0119 i zastanowi\u0107 si\u0119 nad tym, co nam umyka. Chodzi nie tylko o docenianie dobra, ale r\u00f3wnie\u017c o dostrze\u017cenie spotykaj\u0105cego nas z\u0142a. To pomaga w&nbsp;ochronie przed chciwo\u015bci\u0105, kt\u00f3ra ostatecznie obraca si\u0119 przeciwko cz\u0142owiekowi. Bogactwo, kt\u00f3re osi\u0105ga bogacz, izoluje go od ludzi, a maj\u0105tek staje si\u0119 bezu\u017cyteczny w chwili \u015bmierci. Chciwo\u015b\u0107, kt\u00f3ra jest oznak\u0105 braku zaufania do Boga, stanowi rodzaj ba\u0142wochwalstwa. Sprzeciwia si\u0119 mi\u0142o\u015bci, kt\u00f3ra uczy, by chcie\u0107 si\u0119 dzieli\u0107, dawa\u0107 i ubogaca\u0107 innych. Chciwy cz\u0142owiek chce tylko bra\u0107, zagarnia\u0107 i odbiera\u0107 dla siebie. S\u0142uchajmy s\u0142\u00f3w Jezusa, kt\u00f3ry zach\u0119ca nas do bycia bogatym przed Bogiem.<\/p>\n\n\n\n<p class=\"has-text-align-justify\">1. Jutro rozpoczniemy \u00a0miesi\u0105c abstynencji. Jako uczniowie Chrystusa podejmujemy to wyzwanie nie tylko jako ofiar\u0119 czy trud osobistego doskonalenia, ale tak\u017ce jako wyraz troski o polskie rodziny i m\u0142ode pokolenia. G\u0142\u0119boko wierzymy, \u017ce nasze wyrzeczenie po\u0142\u0105czone z darem modlitwy przyczyni si\u0119 do kszta\u0142towania trze\u017awego spo\u0142ecze\u0144stwa i b\u0119dzie wsparciem dla upokarzanych przez problem alkoholowy. \u00a0W\u0142\u0105czmy si\u0119\u00a0 w wielk\u0105 <strong>modlitw\u0119 o trze\u017awo\u015b\u0107 naszego narodu<\/strong>. Mo\u017ce dla wyrwania z na\u0142ogu pija\u0144stwa czy narkomanii kogo\u015b bliskiego, znajomego warto ofiarowa\u0107 Panu Bogu czasow\u0105 lub ca\u0142kowit\u0105 abstynencj\u0119. Naszym or\u0119downikiem w modlitwie o trze\u017awo\u015b\u0107 jest \u015bw. Maksymilian Maria Kolbe.<\/p>\n\n\n\n<p class=\"has-text-align-justify\">2. Jutro, 1 sierpnia, przypada 78. rocznica wybuchu powstania warszawskiego. Wszystkich, kt\u00f3rzy oddali \u017cycie w obronie naszej ojczyzny, b\u0119dziemy poleca\u0107 w modlitwie mi\u0142osiernemu Bogu.<\/p>\n\n\n\n<p class=\"has-text-align-justify\">3. 1 sierpnia o godz. 17:00 spotkajmy si\u0119 w Parku im. Danuty Siedzik\u00f3wny (ul. 3 maja), by uczci\u0107 rocznic\u0119 wybuchu Powstania Warszawskiego. Po uroczystym upami\u0119tnieniu zapraszamy na sal\u0119 widowiskow\u0105 Kartuskiego Centrum Kultury, na koncert zespo\u0142u <strong>Zd\u0105\u017cy\u0107 przed P\u00f3\u0142noc\u0105<\/strong>. Koncert b\u0119dzie po\u015bwi\u0119cony poetom Powstania Warszawskiego. To muzyczna, wci\u0105gaj\u0105ca opowie\u015b\u0107 nios\u0105ca ze sob\u0105 przes\u0142anie umi\u0142owania mi\u0142o\u015bci i wolno\u015bci. Wst\u0119p wolny.<\/p>\n\n\n\n<p class=\"has-text-align-justify\">4. Wtorek, 2 sierpnia, to dzie\u0144 odpustu Porcjunkuli, zwi\u0105zanego ze \u015awi\u0119tym Franciszkiem z\u00a0Asy\u017cu. Odpust mo\u017cna zyska\u0107 od po\u0142udnia 1 sierpnia do p\u00f3\u0142nocy 2 sierpnia. Do warunk\u00f3w odpustu nale\u017c\u0105: nawiedzenie jakiejkolwiek parafialnej \u015bwi\u0105tyni, odm\u00f3wienie przynajmniej modlitwy Ojcze nasz i Zdrowa\u015b Maryjo, stan \u0142aski u\u015bwiecaj\u0105cej, Komunia \u015awi\u0119ta, modlitwa\u00a0 w intencjach wyznaczonych przez Ojca \u015awi\u0119tego oraz brak przywi\u0105zania do grzechu.<\/p>\n\n\n\n<p class=\"has-text-align-justify\">5. W czwartek, 4 sierpnia, przypada wspomnienie \u015awi\u0119tego Jana Marii Vianneya, patrona proboszcz\u00f3w. Przez jego wstawiennictwo dzi\u0119kujemy Panu Bogu za dar kap\u0142an\u00f3w i ich pos\u0142ug\u0119 oraz prosimy o liczne i \u015bwi\u0119te powo\u0142ania kap\u0142a\u0144skie tak\u017ce z naszej wsp\u00f3lnoty parafialnej.<\/p>\n\n\n\n<p class=\"has-text-align-justify\">6. W sobot\u0119 b\u0119dziemy \u015bwi\u0119towa\u0107 tajemnic\u0119 <strong>Przemienienia Pa\u0144skiego<\/strong>. W Ko\u015bciele obchodzone jest ju\u017c od VI wieku, a w Polsce znane od XI wieku. Fakt przemienienia pozwala Aposto\u0142om i nam zrozumie\u0107, jak niepe\u0142ne s\u0105 nasze wyobra\u017cenia o Bogu. To lekcja pokory wobec majestatu Bo\u017cej pot\u0119gi. Przemienienie Pa\u0144skie to \u015bwi\u0119to rado\u015bci i nadziei, \u017ce przyjdzie czas, kiedy Pan odmieni nas wszystkich.<\/p>\n\n\n\n<p class=\"has-text-align-justify\">7. Sierpie\u0144 to miesi\u0105c licznych pielgrzymek do r\u00f3\u017cnych sanktuari\u00f3w maryjnych, szczeg\u00f3lnie na Jasn\u0105 G\u00f3r\u0119. Zapraszamy wszystkich na pielgrzymi szlak, a tak\u017ce do w\u0142\u0105czenia si\u0119 w dzie\u0142o pielgrzymowania duchowego. Wszystkich, kt\u00f3rzy podejm\u0105 ten trud, polecamy Bogu przez r\u0119ce Matki Naj\u015bwi\u0119tszej.\u00a0\u00a0<\/p>\n\n\n\n<p class=\"has-text-align-justify\">8. Zapraszamy na <strong>R\u00f3\u017caniec B\u0142agalny<\/strong> o ustanie epidemii oraz o pok\u00f3j w Ukrainie codziennie od poniedzia\u0142ku do soboty o godz.7.30.<\/p>\n\n\n\n<p class=\"has-text-align-justify\">9. W \u015brod\u0119 zapraszamy do modlitwy w intencji Ojczyzny: o godz.17.00 wystawienie Naj\u015bwi\u0119tszego Sakramentu i r\u00f3\u017caniec \u015bwi\u0119ty oraz czuwanie modlitewne.<\/p>\n\n\n\n<p>10. W tym tygodniu<strong> dni eucharystyczne:<\/strong><\/p>\n\n\n\n<ul class=\"wp-block-list\"><li>w czwartek\u00a0\u00a0 Bractwo Przemienienia Pa\u0144skiego zaprasza do wsp\u00f3lnego \u015bpiewu Godzinek o Przemienieniu Pa\u0144skim na godz.17.00, \u00a0<\/li><li>zapraszamy na <strong>adoracj\u0119 Pana Jezusa w\u00a0 Naj\u015bwi\u0119tszym Sakramencie<\/strong> w czwartek po Mszy \u015awi\u0119tej o godz.18.00, kt\u00f3ra trwa\u0107 b\u0119dzie do godz.19.30. W tym czasie mo\u017cna skorzysta\u0107 z Sakramentu Mi\u0142osierdzia w spowiednicy.<\/li><li>w pi\u0105tek po mszy \u015bw. o godz.7.00 wystawienie Naj\u015bwi\u0119tszego Sakramentu i nabo\u017ce\u0144stwo do Mi\u0142osierdzia Bo\u017cego, spowied\u017a od godz.16.00, o godz.16.30 Msza \u015awi\u0119ta po kt\u00f3rej adoracja Naj\u015bwi\u0119tszego Sakramentu do rozpocz\u0119cia Mszy \u015awi\u0119tej o godz.18.00.<\/li><li>W sobot\u0119 &#8211; nabo\u017ce\u0144stwo pierwszo sobotnie: o godz.7.30 r\u00f3\u017caniec, a po mszy \u015bw. o godz.8.00 &#8211; nabo\u017ce\u0144stwo do Niepokalanego Serca N.M.P. W sobot\u0119\u00a0odwiedzimy\u00a0Chorych\u00a0z pos\u0142ug\u0105 sakramentaln\u0105.\u00a0\u00a0<\/li><\/ul>\n\n\n\n<p>11. <strong>W przysz\u0142\u0105 niedziel\u0119:<\/strong><\/p>\n\n\n\n<ul class=\"wp-block-list\"><li>Suma z liturgi\u0105 w j\u0119zyku kaszubskim<\/li><li>godz.15.00 nabo\u017ce\u0144stwo r\u00f3\u017ca\u0144cowe dla R\u00f3\u017c \u017bywego R\u00f3\u017ca\u0144ca i wszystkich wsp\u00f3lnot parafialnych i spotkanie III Zakonu \u015bw. Franciszka<\/li><\/ul>\n\n\n\n<p class=\"has-text-align-justify\">12. W przysz\u0142\u0105 niedziel\u0119 w naszej parafii b\u0119dziemy go\u015bci\u0107 ks. Marcina Ciesielskiego misjonarza\u00a0 z Ukrainy, kt\u00f3ry pos\u0142uguje na Wo\u0142yniu w trzech parafiach oddalonych od siebie ok. 60 km. B\u0119dzie g\u0142osi\u0142 kazania, a po Mszy \u015awi\u0119tej b\u0119dzie mo\u017cna z\u0142o\u017cy\u0107 ofiar\u0119 na utrzymanie parafii, pos\u0142ugi duszpasterskiej i pomoc wewn\u0119trznym uchod\u017acom w tym jak\u017ce trudnym czasie wojny.<\/p>\n\n\n\n<p class=\"has-text-align-justify\">13. Dzisiaj zach\u0119camy do nabycia nowego nru <strong>\u201eGo\u015bcia Niedzielnego\u201d, <\/strong>jest jeszcze aktualny<strong> \u201ePielgrzym\u201d <\/strong>i inne czasopisma.<\/p>\n\n\n\n<p class=\"has-text-align-justify\">14. W przysz\u0142\u0105 niedziel\u0119 na godz.19.00 na <strong><em>XL Kartuski Festiwal Muzyki Organowej i<\/em><\/strong><em> <strong>Kameralnej<\/strong><\/em> zaprasza Burmistrz Kartuz. Wyst\u0105pi\u0105:<strong> \u201eKameralnie z organami\u201d<\/strong> \u2013 <strong>Ma\u0142gorzata Klorek<\/strong> &#8211; organy i <strong>O Bows Quartet: Magdalena Maniewska \u2013 ob\u00f3j, Alisa Kopac \u2013 skrzypce, Joanna Kravchenko \u2013 alt\u00f3wka i Weronika Kulpa \u2013 wiolonczela.<\/strong>Serdecznie zapraszamy do udzia\u0142u.\u00a0 Nast\u0119pny, ostatni ju\u017c w tym roku, koncert b\u0119dzie\u00a0 15 sierpnia.<\/p>\n\n\n\n<p class=\"has-text-align-justify\">15. Mi\u0142o\u015bnicy poezji z powiatu kartuskiego, serdecznie zapraszaj\u0105 na <strong>II edycj\u0119 Wieczoru<\/strong> <strong>Poetyckiego<\/strong>, pod has\u0142em: <strong>&#8222;Sen nocy letniej<\/strong>&#8222;, kt\u00f3ra odb\u0119dzie si\u0119 w najbli\u017cszy czwartek, 4 sierpnia, o godzinie 18.00 w ogrodzie Muzeum Kaszubskiego w Kartuzach. Tym razem ukoimy si\u0119 &#8222;snem zapomnienia&#8221; na wz\u00f3r bohater\u00f3w komedii Szekspira. Z dala od krzyku tego \u015bwiata, przywo\u0142amy to co najcichsze: spok\u00f3j, rozterki, mi\u0142o\u015b\u0107, kalejdoskop emocji&#8230; Szczeg\u00f3\u0142y na naszej facebookowej stronie: <a rel=\"noreferrer noopener\" href=\"https:\/\/www.facebook.com\/WieczorPoetycki\" target=\"_blank\">https:\/\/www.facebook.com\/WieczorPoetycki<\/a> Zapraszamy!<\/p>\n\n\n\n<p class=\"has-text-align-justify\">16. Msza \u015bw. za \u00a0wstawiennictwem\u00a0 Matki Bo\u017cej Anielskiej w intencji Chorych z naszej wsp\u00f3lnoty Franciszka\u0144skiego Zakonu \u015awieckich i Chorych z naszych Rodzin we wtorek o godz.18.00, \u00a0w intencji Bractwa Przemienienia Pa\u0144skiego w sobot\u0119 o godz.18.00,<\/p>\n\n\n\n<p class=\"has-text-align-justify\">17. W minionym czasie odeszli \u00a0po nagrod\u0119 do Pana \u015bp. <strong>Gabriela Socha <\/strong>z ul. Wzg\u00f3rze Wolno\u015bci, \u015bp. <strong>Ludomi\u0142a Wierzy\u0144ska <\/strong>z Os. XX Lecia i \u015bp. <strong>Stanis\u0142aw Foltyn <\/strong>z ul. Bieli\u0144skiego \u2013 bliskim sk\u0142adamy serdeczne wyrazy wsp\u00f3\u0142czucia, a wszystkich naszych drogich Zmar\u0142ych\u00a0 polecamy Mi\u0142osierdziu Bo\u017cemu &#8211; <strong>Dobry Jezu\u2026<\/strong>\u00a0\u00a0<\/p>\n\n\n\n<p><strong>W tym tygodniu patronuj\u0105 nam:<\/strong><br>&#8211; poniedzia\u0142ek, 1 sierpnia \u2013 \u015awi\u0119ty <strong>Alfons Maria Liguori<\/strong> (1696-1787), biskup i doktor Ko\u015bcio\u0142a, za\u0142o\u017cyciel wsp\u00f3lnoty redemptoryst\u00f3w;<br>&#8211; czwartek, 4 sierpnia \u2013 \u015awi\u0119ty <strong>Jan Maria Vianney<\/strong> (1786-1859), prezbiter, patron proboszcz\u00f3w.<\/p>\n\n\n\n<p class=\"has-text-align-justify\">Wszystkim Parafianom i Go\u015bciom \u017cyczymy mi\u0142ego pobytu na Kaszubach, dobrymi \u017cyczeniami obejmujemy wszystkich sierpniowych jubilat\u00f3w i solenizant\u00f3w; a nas wszystkich niech wspiera Bo\u017ce b\u0142ogos\u0142awie\u0144stwo w naszych codziennych poczynaniach \u2013 <em><strong>Szcz\u0119\u015b\u0107 Bo\u017ce!<\/strong><\/em><\/p>\n\n\n\n<p class=\"has-text-align-right\">Wasi Duszpasterze<\/p>\n","protected":false},"excerpt":{"rendered":"<p>XVIII Niedziela Zwyk\u0142a Koh 1,2;2,21-23 C\u00f3\u017c ma cz\u0142owiek z wszelkiego trudu swego?Kol 3,1-5.9-11 Szukajcie tego, co w g\u00f3rze, zadajcie \u015bmier\u0107 [&hellip;]<\/p>\n","protected":false},"author":2,"featured_media":0,"comment_status":"closed","ping_status":"","sticky":false,"template":"","format":"standard","meta":{"site-sidebar-layout":"default","site-content-layout":"","ast-site-content-layout":"","site-content-style":"default","site-sidebar-style":"default","ast-global-header-display":"","ast-banner-title-visibility":"","ast-main-header-display":"","ast-hfb-above-header-display":"","ast-hfb-below-header-display":"","ast-hfb-mobile-header-display":"","site-post-title":"","ast-breadcrumbs-content":"","ast-featured-img":"","footer-sml-layout":"","theme-transparent-header-meta":"","adv-header-id-meta":"","stick-header-meta":"","header-above-stick-meta":"","header-main-stick-meta":"","header-below-stick-meta":"","astra-migrate-meta-layouts":"default","ast-page-background-enabled":"default","ast-page-background-meta":{"desktop":{"background-color":"var(--ast-global-color-4)","background-image":"","background-repeat":"repeat","background-position":"center center","background-size":"auto","background-attachment":"scroll","background-type":"","background-media":"","overlay-type":"","overlay-color":"","overlay-opacity":"","overlay-gradient":""},"tablet":{"background-color":"","background-image":"","background-repeat":"repeat","background-position":"center center","background-size":"auto","background-attachment":"scroll","background-type":"","background-media":"","overlay-type":"","overlay-color":"","overlay-opacity":"","overlay-gradient":""},"mobile":{"background-color":"","background-image":"","background-repeat":"repeat","background-position":"center center","background-size":"auto","background-attachment":"scroll","background-type":"","background-media":"","overlay-type":"","overlay-color":"","overlay-opacity":"","overlay-gradient":""}},"ast-content-background-meta":{"desktop":{"background-color":"var(--ast-global-color-5)","background-image":"","background-repeat":"repeat","background-position":"center center","background-size":"auto","background-attachment":"scroll","background-type":"","background-media":"","overlay-type":"","overlay-color":"","overlay-opacity":"","overlay-gradient":""},"tablet":{"background-color":"var(--ast-global-color-5)","background-image":"","background-repeat":"repeat","background-position":"center center","background-size":"auto","background-attachment":"scroll","background-type":"","background-media":"","overlay-type":"","overlay-color":"","overlay-opacity":"","overlay-gradient":""},"mobile":{"background-color":"var(--ast-global-color-5)","background-image":"","background-repeat":"repeat","background-position":"center center","background-size":"auto","background-attachment":"scroll","background-type":"","background-media":"","overlay-type":"","overlay-color":"","overlay-opacity":"","overlay-gradient":""}},"advanced_seo_description":"","jetpack_seo_html_title":"","jetpack_seo_noindex":false,"_jetpack_memberships_contains_paid_content":false,"footnotes":""},"categories":[4],"tags":[],"class_list":["post-592","post","type-post","status-publish","format-standard","hentry","category-ogloszenia"],"jetpack_featured_media_url":"","jetpack-related-posts":[],"jetpack_sharing_enabled":true,"_links":{"self":[{"href":"https:\/\/kolegiatakartuzy.pl\/wp-test\/index.php?rest_route=\/wp\/v2\/posts\/592","targetHints":{"allow":["GET"]}}],"collection":[{"href":"https:\/\/kolegiatakartuzy.pl\/wp-test\/index.php?rest_route=\/wp\/v2\/posts"}],"about":[{"href":"https:\/\/kolegiatakartuzy.pl\/wp-test\/index.php?rest_route=\/wp\/v2\/types\/post"}],"author":[{"embeddable":true,"href":"https:\/\/kolegiatakartuzy.pl\/wp-test\/index.php?rest_route=\/wp\/v2\/users\/2"}],"replies":[{"embeddable":true,"href":"https:\/\/kolegiatakartuzy.pl\/wp-test\/index.php?rest_route=%2Fwp%2Fv2%2Fcomments&post=592"}],"version-history":[{"count":1,"href":"https:\/\/kolegiatakartuzy.pl\/wp-test\/index.php?rest_route=\/wp\/v2\/posts\/592\/revisions"}],"predecessor-version":[{"id":593,"href":"https:\/\/kolegiatakartuzy.pl\/wp-test\/index.php?rest_route=\/wp\/v2\/posts\/592\/revisions\/593"}],"wp:attachment":[{"href":"https:\/\/kolegiatakartuzy.pl\/wp-test\/index.php?rest_route=%2Fwp%2Fv2%2Fmedia&parent=592"}],"wp:term":[{"taxonomy":"category","embeddable":true,"href":"https:\/\/kolegiatakartuzy.pl\/wp-test\/index.php?rest_route=%2Fwp%2Fv2%2Fcategories&post=592"},{"taxonomy":"post_tag","embeddable":true,"href":"https:\/\/kolegiatakartuzy.pl\/wp-test\/index.php?rest_route=%2Fwp%2Fv2%2Ftags&post=592"}],"curies":[{"name":"wp","href":"https:\/\/api.w.org\/{rel}","templated":true}]}}