{"id":63,"date":"2022-02-06T14:12:00","date_gmt":"2022-02-06T13:12:00","guid":{"rendered":"http:\/\/kolegiatakartuzy.pl\/wp-test\/?p=63"},"modified":"2022-02-23T16:24:43","modified_gmt":"2022-02-23T15:24:43","slug":"ogloszenia-duszpasterskie-na-dzien-06-02-2022","status":"publish","type":"post","link":"https:\/\/kolegiatakartuzy.pl\/wp-test\/?p=63","title":{"rendered":"Og\u0142oszenia duszpasterskie na dzie\u0144 06.02.2022"},"content":{"rendered":"\n<h3 class=\"has-text-align-center wp-block-heading\" id=\"v-niedziela-zwykla\"><strong>V Niedziela Zwyk\u0142a<\/strong><\/h3>\n\n\n\n<p><strong>Iz 6,1-2a.3-8 Powo\u0142anie proroka<\/strong><br><strong>1 Kor 15,1-11 \u015awiadectwo Paw\u0142a o zmartwychwstaniu Chrystusa<\/strong><br><strong>\u0141k 5,1-11 Zostawili wszystko i poszli za Jezusem<\/strong><\/p>\n\n\n\n<p class=\"has-text-align-justify\">S\u0142uchanie Jezusa domaga si\u0119, by porzuci\u0107 czysto ludzkie kalkulacje i zaufa\u0107. Wtedy rodzi si\u0119 owoc niewsp\u00f3\u0142mierny do naszych wysi\u0142k\u00f3w. L\u0119k zostaje przemieniony i zwyci\u0119\u017cony mi\u0142o\u015bci\u0105 Chrystusa. B\u00f3g, nie zwa\u017caj\u0105c na ludzk\u0105 s\u0142abo\u015b\u0107, wzywa cz\u0142owieka, aby sta\u0142 si\u0119 narz\u0119dziem Bo\u017cego kr\u00f3lestwa, przekazicielem Jego \u0142aski. Tak dzia\u0142o si\u0119 te\u017c w \u017cyciu Aposto\u0142\u00f3w, kt\u00f3rzy mimo towarzysz\u0105cego im ludzkiego l\u0119ku, niepewno\u015bci i pocz\u0105tkowego niezdecydowania, poszli za Jezusem. W ten spos\u00f3b ostatecznie zrealizowali swoje \u017cyciowe powo\u0142anie. By\u0142o to mo\u017cliwe tylko dzi\u0119ki temu, \u017ce \u00f3w l\u0119k i strach zast\u0105pili zaufaniem w Bo\u017c\u0105 pomoc.<br>Ws\u0142uchajmy si\u0119 w S\u0142owo Bo\u017ce, aby bardziej ceni\u0107 wsp\u00f3\u0142prac\u0119 z Bo\u017c\u0105 \u0142ask\u0105 i trosk\u0119 o innych ni\u017c posiadany potencja\u0142 osobistych zdolno\u015bci.<\/p>\n\n\n\n<p class=\"has-text-align-justify\">1. Dzi\u015b na Eucharystii gromadzi nas Chrystus w pi\u0105t\u0105 niedziel\u0119 w ci\u0105gu roku liturgicznego. Pami\u0119tajmy, \u017ce nikt z nas ani ca\u0142a nasza wsp\u00f3lnota parafialna nie jest w stanie pog\u0142\u0119bi\u0107 swojej wi\u0119zi z Panem Bogiem bez Eucharystii. Dopiero karmi\u0105c si\u0119 prawdziw\u0105 Mi\u0142o\u015bci\u0105, ka\u017cdy chrze\u015bcijanin uczy si\u0119 ofiarnego \u017cycia. Cz\u0119\u015bciej i uwa\u017cniej wczytujmy si\u0119 w objawienie Bo\u017ce zawarte w Pi\u015bmie \u015awi\u0119tym. Jednocze\u015bnie ws\u0142uchujmy si\u0119 w to, co m\u00f3wi Ko\u015bci\u00f3\u0142, kt\u00f3rego zadaniem jest ci\u0105g\u0142e przybli\u017canie nas do zbawienia.<\/p>\n\n\n\n<p class=\"has-text-align-justify\">2. W pi\u0105tek, 11 lutego, przypada liturgiczne wspomnienie <strong>Naj\u015bwi\u0119tszej Maryi Panny z Lourdes<\/strong>. Dok\u0142adnie tego dnia w 1858 roku, cztery lata po og\u0142oszeniu dogmatu o Niepokalanym Pocz\u0119ciu, Matka Naj\u015bwi\u0119tsza objawi\u0142a si\u0119 ubogiej pasterce, Bernadecie Soubirous w Grocie Massabielskiej. Wzywa\u0142a do modlitwy oraz pokuty. Lourdes zas\u0142yn\u0119\u0142o z licznych nawr\u00f3ce\u0144 i uzdrowie\u0144, staj\u0105c si\u0119 w kr\u00f3tkim czasie centrum kultu maryjnego we Francji. Dzi\u015b do Lourdes przybywaj\u0105 chorzy pielgrzymi z ca\u0142ego \u015bwiata. W tym dniu obchodzimy <strong>\u015awiatowy Dzie\u0144 Chorego<\/strong>. Tamte wydarzenia upami\u0119tnia znana i ch\u0119tnie \u015bpiewana pie\u015b\u0144 Po g\u00f3rach, dolinach. Podczas osiemnastu spotka\u0144 z Bernadet\u0105 Maryja wzywa\u0142a do modlitwy oraz pokuty i prosi\u0142a, aby na miejscu objawie\u0144 zosta\u0142 zbudowany ko\u015bci\u00f3\u0142. Tak te\u017c si\u0119 sta\u0142o. Pami\u0119tajmy w naszych modlitwach o naszych chorych.<\/p>\n\n\n\n<p class=\"has-text-align-justify\">3. Tradycyjnie zapraszamy na <strong>R\u00f3\u017caniec B\u0142agalny<\/strong> o ustanie epidemii, z pro\u015bb\u0105 o zdrowie dla chorych i o Bo\u017ce b\u0142ogos\u0142awie\u0144stwo i opiek\u0119 Matki Bo\u017cej dla s\u0142u\u017cb medycznych, sanitarnych i mundurowych, o zako\u0144czenie kryzysu na naszej granicy z Bia\u0142orusi\u0105 oraz o pok\u00f3j mi\u0119dzy Rosj\u0105 i Ukrain\u0105 &#8211; codziennie od poniedzia\u0142ku do soboty o godz.7.30.<\/p>\n\n\n\n<p>4. W przysz\u0142\u0105 niedziel\u0119 kolekta na nasze parafialne inwestycje.<\/p>\n\n\n\n<p class=\"has-text-align-justify\">5. Zach\u0119camy do nabycia nowego nru \u201e<strong>Pielgrzyma<\/strong>\u201d, \u201e<strong>Galilei \u2013 Pismo \u015awi\u0119te bez tajemnic<\/strong>\u201d, \u201e<strong>Go\u015bcia Niedzielnego<\/strong>\u201d oraz innych czasopism.<\/p>\n\n\n\n<p class=\"has-text-align-justify\">6. Msza \u015bw. z podzi\u0119kowaniem za otrzymane \u0142aski, z pro\u015bb\u0105 o dalsze Bo\u017ce b\u0142og. i opiek\u0119 Matki Bo\u017cej R\u00f3\u017ca\u0144cowej dla Zelator\u00f3w \u017bywego R\u00f3\u017ca\u0144ca w \u015brod\u0119 o godz.18.00, w intencji Ojca \u015awi\u0119tego, naszych Biskup\u00f3w, Kap\u0142an\u00f3w, Ojca Jonasza i o powo\u0142ania kap\u0142a\u0144skie, zakonne, misyjne, do \u017cycia konsekrowanego i do Franciszka\u0144skiego Zakonu \u015awieckich w sobot\u0119 o godz.8.00.<\/p>\n\n\n\n<p class=\"has-text-align-justify\">7. Dzisiaj nasz <strong>Parafialny Zesp\u00f3\u0142 Caritas<\/strong> zbiera ofiary do puszek, kt\u00f3re przeznaczymy jako nasz dar dla naszych Parafian, na remont domu, kt\u00f3ry zniszczy\u0142 po\u017car. B\u00f3g zap\u0142a\u0107 za ofiary r\u00f3wnie\u017c dzi\u015b z\u0142o\u017cone.<\/p>\n\n\n\n<p class=\"has-text-align-justify\">8. W minionym tygodniu odesz\u0142y po nagrod\u0119 do Pana: \u015bp. <strong>Helena Bronk<\/strong> z ul. Podg\u00f3rnej, \u015bp. <strong>Adriana Spychalska<\/strong> z Gor\u0119czyna i \u015bp. <strong>Maria Tryba<\/strong> z ul. Ogr\u00f3dk\u00f3w Dzia\u0142kowych \u2013 bliskim sk\u0142adamy serdeczne wyrazy wsp\u00f3\u0142czucia, a wszystkich naszych drogich Zmar\u0142ych polecamy Mi\u0142osierdziu Bo\u017cemu &#8211; Dobry Jezu\u2026<\/p>\n\n\n\n<p class=\"has-text-align-justify\">9. W zwi\u0105zku z doniesieniem do Pa\u0144stwowego Powiatowego Inspektora Sanitarnego w Kartuzach na nasza Parafi\u0119 w sprawie nieprzestrzegania re\u017cimu sanitarnego, przypominamy o obowi\u0105zku zachowania przez wszystkich ostro\u017cno\u015bci, szczeg\u00f3lnie zakrywanie ust i nos, rozdzia\u0142u podawania Komunii \u015awi\u0119tej do r\u0105k i ust oraz utrzymanie limitu os\u00f3b w ko\u015bciele.<\/p>\n\n\n\n<p class=\"has-text-align-justify\"><strong>W tym tygodniu patronuje nam:<\/strong><br>&#8211; czwartek, 10 lutego \u2013 \u015awi\u0119ta <strong>Scholastyka<\/strong> (ok. 480-542), dziewica, siostra bli\u017aniaczka \u015awi\u0119tego Benedykta, patrona Europy.<\/p>\n\n\n\n<p class=\"has-text-align-justify\">Pan B\u00f3g zaprasza nas do wyp\u0142yni\u0119cia na g\u0142\u0119bi\u0119, czyli do pe\u0142nego zaanga\u017cowania w \u017cycie Bo\u017ce. Tylko w\u00f3wczas, gdy ca\u0142\u0105 swoj\u0105 nadziej\u0119 z\u0142o\u017cymy w Zbawicielu, nasze wysi\u0142ki przynios\u0105 dobre owoce. Dzisiaj warto odpowiedzie\u0107 sobie na pytanie: do czego powo\u0142uje mnie m\u00f3j B\u00f3g?<br><strong>Naszym Drogim Parafianom i mi\u0142ym Go\u015bciom<\/strong> \u017cyczymy mi\u0142ej, z Bogiem prze\u017cytej niedzieli. Matce Bo\u017cej, Pani Naszej \u2013 Matce i Kr\u00f3lowej z Kartuskiego Raju polecamy Osoby starsze i chore oraz Solenizant\u00f3w i Jubilat\u00f3w.<\/p>\n\n\n\n<p class=\"has-text-align-right\">Wasi Duszpasterze<\/p>\n","protected":false},"excerpt":{"rendered":"<p>V Niedziela Zwyk\u0142a Iz 6,1-2a.3-8 Powo\u0142anie proroka1 Kor 15,1-11 \u015awiadectwo Paw\u0142a o zmartwychwstaniu Chrystusa\u0141k 5,1-11 Zostawili wszystko i poszli za [&hellip;]<\/p>\n","protected":false},"author":2,"featured_media":0,"comment_status":"closed","ping_status":"","sticky":false,"template":"","format":"standard","meta":{"site-sidebar-layout":"default","site-content-layout":"","ast-site-content-layout":"","site-content-style":"default","site-sidebar-style":"default","ast-global-header-display":"","ast-banner-title-visibility":"","ast-main-header-display":"","ast-hfb-above-header-display":"","ast-hfb-below-header-display":"","ast-hfb-mobile-header-display":"","site-post-title":"","ast-breadcrumbs-content":"","ast-featured-img":"","footer-sml-layout":"","theme-transparent-header-meta":"","adv-header-id-meta":"","stick-header-meta":"","header-above-stick-meta":"","header-main-stick-meta":"","header-below-stick-meta":"","astra-migrate-meta-layouts":"default","ast-page-background-enabled":"default","ast-page-background-meta":{"desktop":{"background-color":"var(--ast-global-color-4)","background-image":"","background-repeat":"repeat","background-position":"center center","background-size":"auto","background-attachment":"scroll","background-type":"","background-media":"","overlay-type":"","overlay-color":"","overlay-opacity":"","overlay-gradient":""},"tablet":{"background-color":"","background-image":"","background-repeat":"repeat","background-position":"center center","background-size":"auto","background-attachment":"scroll","background-type":"","background-media":"","overlay-type":"","overlay-color":"","overlay-opacity":"","overlay-gradient":""},"mobile":{"background-color":"","background-image":"","background-repeat":"repeat","background-position":"center center","background-size":"auto","background-attachment":"scroll","background-type":"","background-media":"","overlay-type":"","overlay-color":"","overlay-opacity":"","overlay-gradient":""}},"ast-content-background-meta":{"desktop":{"background-color":"var(--ast-global-color-5)","background-image":"","background-repeat":"repeat","background-position":"center center","background-size":"auto","background-attachment":"scroll","background-type":"","background-media":"","overlay-type":"","overlay-color":"","overlay-opacity":"","overlay-gradient":""},"tablet":{"background-color":"var(--ast-global-color-5)","background-image":"","background-repeat":"repeat","background-position":"center center","background-size":"auto","background-attachment":"scroll","background-type":"","background-media":"","overlay-type":"","overlay-color":"","overlay-opacity":"","overlay-gradient":""},"mobile":{"background-color":"var(--ast-global-color-5)","background-image":"","background-repeat":"repeat","background-position":"center center","background-size":"auto","background-attachment":"scroll","background-type":"","background-media":"","overlay-type":"","overlay-color":"","overlay-opacity":"","overlay-gradient":""}},"advanced_seo_description":"","jetpack_seo_html_title":"","jetpack_seo_noindex":false,"_jetpack_memberships_contains_paid_content":false,"footnotes":""},"categories":[4],"tags":[],"class_list":["post-63","post","type-post","status-publish","format-standard","hentry","category-ogloszenia"],"jetpack_featured_media_url":"","jetpack-related-posts":[],"jetpack_sharing_enabled":true,"_links":{"self":[{"href":"https:\/\/kolegiatakartuzy.pl\/wp-test\/index.php?rest_route=\/wp\/v2\/posts\/63","targetHints":{"allow":["GET"]}}],"collection":[{"href":"https:\/\/kolegiatakartuzy.pl\/wp-test\/index.php?rest_route=\/wp\/v2\/posts"}],"about":[{"href":"https:\/\/kolegiatakartuzy.pl\/wp-test\/index.php?rest_route=\/wp\/v2\/types\/post"}],"author":[{"embeddable":true,"href":"https:\/\/kolegiatakartuzy.pl\/wp-test\/index.php?rest_route=\/wp\/v2\/users\/2"}],"replies":[{"embeddable":true,"href":"https:\/\/kolegiatakartuzy.pl\/wp-test\/index.php?rest_route=%2Fwp%2Fv2%2Fcomments&post=63"}],"version-history":[{"count":3,"href":"https:\/\/kolegiatakartuzy.pl\/wp-test\/index.php?rest_route=\/wp\/v2\/posts\/63\/revisions"}],"predecessor-version":[{"id":385,"href":"https:\/\/kolegiatakartuzy.pl\/wp-test\/index.php?rest_route=\/wp\/v2\/posts\/63\/revisions\/385"}],"wp:attachment":[{"href":"https:\/\/kolegiatakartuzy.pl\/wp-test\/index.php?rest_route=%2Fwp%2Fv2%2Fmedia&parent=63"}],"wp:term":[{"taxonomy":"category","embeddable":true,"href":"https:\/\/kolegiatakartuzy.pl\/wp-test\/index.php?rest_route=%2Fwp%2Fv2%2Fcategories&post=63"},{"taxonomy":"post_tag","embeddable":true,"href":"https:\/\/kolegiatakartuzy.pl\/wp-test\/index.php?rest_route=%2Fwp%2Fv2%2Ftags&post=63"}],"curies":[{"name":"wp","href":"https:\/\/api.w.org\/{rel}","templated":true}]}}