{"id":979,"date":"2023-03-04T17:43:42","date_gmt":"2023-03-04T16:43:42","guid":{"rendered":"https:\/\/kolegiatakartuzy.pl\/wp-test\/?p=979"},"modified":"2023-03-04T17:43:42","modified_gmt":"2023-03-04T16:43:42","slug":"ogloszenia-duszpasterskie-na-dzien-05-03-2023","status":"publish","type":"post","link":"https:\/\/kolegiatakartuzy.pl\/wp-test\/?p=979","title":{"rendered":"Og\u0142oszenia duszpasterskie na dzie\u0144 05.03.2023"},"content":{"rendered":"\n<h2 class=\"has-text-align-center wp-block-heading\">II Niedziela Wielkiego Postu<\/h2>\n\n\n\n<p class=\"has-text-align-justify\"><strong>I Czytanie Rdz 12,1-4a &#8211; <\/strong>Pan B\u00f3g powo\u0142uje cz\u0142owieka do rzeczy niezrozumia\u0142ych i trudnych. Abram mia\u0142 wyj\u015b\u0107 ze swojej ziemi ojczystej za Bogiem, kt\u00f3rego jeszcze nie zna\u0142, ale mimo wszystko zaufa\u0142.<br><strong>II Czytanie 2 Tm 1,8b-10 &#8211; <\/strong>Dla Ewangelii i Boga warto znosi\u0107 przeciwno\u015bci, gdy\u017c dzi\u0119ki Ewangelii mamy nie\u015bmiertelno\u015b\u0107.<br><strong>Ewangelia Mt 17,1-9 &#8211; <\/strong>Wej\u015bcie na g\u00f3r\u0119 wysok\u0105 wymaga po\u015bwi\u0119cenia. Jednak w tym uczniowie nie s\u0105 sami, ci\u0105gle towarzyszy im Jezus, On dla ka\u017cdego z osobna ma czas.<\/p>\n\n\n\n<p class=\"has-text-align-justify\">1. Wpatrzeni w Ukrzy\u017cowanego, kt\u00f3ry dla nas wyrzek\u0142 si\u0119 wszystkiego i z\u0142o\u017cy\u0142 w ofierze swoje \u017cycie, z ochoczym sercem podejmujmy trud dobrowolnego umartwienia jako wynagrodzenie za grzechy nasze i naszych bli\u017anich. Zr\u00f3bmy dobre postanowienia, powstrzymujmy si\u0119 od udzia\u0142u w\u00a0g\u0142o\u015bnych rozrywkach, od spo\u017cywania napoj\u00f3w alkoholowych, palenia, aby w ten spos\u00f3b wynagrodzi\u0107 Bogu grzechy pija\u0144stwa, rozwi\u0105z\u0142o\u015bci, nieuczciwo\u015bci i wszelki brak pokory. Nie zapominajmy, \u017ce Wielki Post jest czasem powagi, pokuty i modlitwy. Niech go nie zak\u0142\u00f3c\u0105 huczne spotkania. Kochani Rodzice i Wychowawcy, z wi\u0119ksz\u0105 trosk\u0105 spojrzyjcie w tym czasie na swoje dzieci. To na Was spoczywa obowi\u0105zek dobrego wychowania dzieci, tak\u017ce w duchu pobo\u017cno\u015bci i polskiej tradycji.<\/p>\n\n\n\n<p class=\"has-text-align-justify\">2. Dzisiejsza niedziela nazywana jest niedziel\u0105 <strong><em>Ad Gentes<\/em><\/strong>. Naszymi modlitwami obejmujemy tak\u017ce g\u0142oszenie Ewangelii Chrystusowej na misjach i tych, kt\u00f3rzy dobr\u0105 nowin\u0119 o zbawieniu nios\u0105 na kra\u0144ce ziemi. Oni cz\u0119sto na wz\u00f3r Chrystusa cierpi\u0105 prze\u015bladowania i p\u0142ac\u0105 najwy\u017csz\u0105 cen\u0119 z\u00a0w\u0142asnego \u017cycia dla odkupienia innych braci. Ofiarami do puszek przed ko\u015bcio\u0142em wspieramy misjonarzy i wszelkie dzie\u0142a misyjne. Niech to b\u0119dzie wyraz naszej solidarno\u015bci i wymierny udzia\u0142 w misji ewangelizacyjnej Ko\u015bcio\u0142a.<\/p>\n\n\n\n<p class=\"has-text-align-justify\">3. Nabo\u017ce\u0144stwa pokutne w nast\u0119puj\u0105cym porz\u0105dku:<\/p>\n\n\n\n<ul class=\"wp-block-list\">\n<li>W dni powszednie: od poniedzia\u0142ku do soboty o godz.7.30 r\u00f3\u017caniec b\u0142agalny o pok\u00f3j na Ukrainie &nbsp;<\/li>\n\n\n\n<li>W ka\u017cdy pi\u0105tek \u2013 <strong>Droga Krzy\u017cowa<\/strong>\n<ul class=\"wp-block-list\">\n<li>Dla dzieci o godz.16.30<\/li>\n\n\n\n<li><span style=\"color: var(--ast-global-color-3); font-size: 1rem; background-color: var(--ast-global-color-4);\">Dla doros\u0142ych o godz.18.00<\/span><\/li>\n\n\n\n<li><span style=\"color: var(--ast-global-color-3); font-size: 1rem; background-color: var(--ast-global-color-4);\">Dla m\u0142odzie\u017cy o godz.19.15<\/span><\/li>\n<\/ul>\n<\/li>\n\n\n\n<li>W ka\u017cd\u0105 niedziel\u0119 Wielkiego Postu \u2013 <strong>Gorzkie \u017bale<\/strong> z kazaniem pasyjnym o godz.15.00<\/li>\n<\/ul>\n\n\n\n<p class=\"has-text-align-justify\">4. Od wtorku, 07 marca w salkach katechetycznych po Mszy \u015bwi\u0119tej wieczornej do oko\u0142o godz. 20:00 b\u0119d\u0105 odbywa\u0142y si\u0119 cotygodniowe spotkania wsp\u00f3lnotowe dla m\u0142odzie\u017cy. W spos\u00f3b szczeg\u00f3lny zaproszenie do udzia\u0142u w tych spotkaniach kierujemy do m\u0142odzie\u017cy po bierzmowaniu i przygotowuj\u0105cej si\u0119 do przyj\u0119cia tego sakramentu. Serdecznie zapraszamy!\u00a0<\/p>\n\n\n\n<p class=\"has-text-align-justify\">5. Zapraszamy na <strong>adoracj\u0119 Pana Jezusa w\u00a0 Naj\u015bwi\u0119tszym Sakramencie<\/strong> w czwartek po Mszy \u015awi\u0119tej o godz.18.00, kt\u00f3ra trwa\u0107 b\u0119dzie do godz.19.30. W tym czasie mo\u017cna skorzysta\u0107 z spowiedzi \u015bwi\u0119tej.<\/p>\n\n\n\n<p class=\"has-text-align-justify\">6. Zach\u0119camy do nabycia nowego nru \u201e<strong><em>Go\u015bcia Niedzielnego<\/em><\/strong><em>\u201d, \u201d<strong>Pielgrzyma<\/strong>\u201d, \u201e<strong>Galilei<\/strong>\u201d<\/em> innych czasopism. Niech duchowa lektura wspiera nasz\u0105 wielkopostn\u0105 formacj\u0119.<\/p>\n\n\n\n<p class=\"has-text-align-justify\">7. Informujemy, \u017ce nie b\u0119dziemy ju\u017c zapowiada\u0107 sposobu udzielania Komunii \u015awi\u0119tej, ale ka\u017cdy wed\u0142ug w\u0142asnego uznania przyjmuje Komunie \u015awi\u0119t\u0105 do ust lub na r\u0119k\u0119, z zachowaniem stron wed\u0142ug przyj\u0119tego ju\u017c u nas zwyczaju.<\/p>\n\n\n\n<p class=\"has-text-align-justify\">8. <strong>Msze \u015awi\u0119te:<\/strong> \u00a0z podzi\u0119kowaniem za otrzymane \u0142aski, z pro\u015bb\u0105 o przebaczenie grzech\u00f3w, o zdrowie, o dalsze Bo\u017ce b\u0142og. i szczeg\u00f3lnie opiek\u0119 Matki Bo\u017cej R\u00f3\u017ca\u0144cowej dla Si\u00f3str 45 R\u00f3\u017cy Matek, Cz\u0142onk\u00f3w ich Rodzin oraz o obfite \u0142aski Bo\u017ce dla Kap\u0142an\u00f3w pracuj\u0105cych w naszej Parafii intencja 45 R\u00f3\u017cy Matek \u00a0w \u015brod\u0119 o godz.18.00, w intencji Ojca \u015bw., naszych Biskup\u00f3w, Kap\u0142an\u00f3w, Ojca Jonasza i o powo\u0142ania kap\u0142a\u0144skie, zakonne, misyjne, do \u017cycia konsekrowanego i do FZ\u015a w sobot\u0119 o godz.8.00,za ++Podopiecznych naszego Parafialnego Zespo\u0142u Caritas \u00a0w niedziel\u0119 o godz.11.00.\u00a0\u00a0\u00a0\u00a0\u00a0<\/p>\n\n\n\n<p class=\"has-text-align-justify\">9. W \u015brod\u0119 przypada 551 rocznica po\u015bwi\u0119cenia <strong>Bazyliki Katedralnej w Pelplinie<\/strong> \u2013 polecajmy w tym dniu szczeg\u00f3lnie Pasterzy naszej Diecezji i wszystkich tworz\u0105cych nasz Ko\u015bci\u00f3\u0142 Diecezjalny.<\/p>\n\n\n\n<p class=\"has-text-align-justify\">10. W \u015brod\u0119, 8 marca, przypada <strong>Dzie\u0144 Kobiet<\/strong>. Wszystkim Paniom, kt\u00f3re otaczamy modlitw\u0105, \u017cyczymy obfito\u015bci Bo\u017cego b\u0142ogos\u0142awie\u0144stwa, do\u015bwiadczenia mi\u0142o\u015bci i szacunku oraz opieki Matki Naj\u015bwi\u0119tszej.<\/p>\n\n\n\n<p class=\"has-text-align-justify\">11. W przysz\u0142\u0105 niedziel\u0119: \u00a0kolekta na nasze parafialne inwestycje, a przed ko\u015bcio\u0142em do puszek zbi\u00f3rka na <strong>Pomoc Ukrainie.<\/strong><\/p>\n\n\n\n<p class=\"has-text-align-justify\">12. Apostolstwo Dobrej \u015amierci zaprasza na wyjazd wsp\u00f3lny do kina na film pt: \u201eOpiekun\u201d o \u015bw. J\u00f3zefie do Gda\u0144ska w czwartek 9 marca, wyjazd o godz.17.45, koszt 45 z\u0142, zapisy w biurze parafialnym.<\/p>\n\n\n\n<p class=\"has-text-align-justify\">13. <strong>Collegium Marianum<\/strong> Liceum Katolickie im. Jana Paw\u0142a II w Pelplinie zaprasza tegorocznych absolwent\u00f3w szko\u0142y podstawowej oraz inne osoby zainteresowane dzia\u0142alno\u015bci\u0105 szko\u0142y na Dni Otwarte. Odb\u0119d\u0105 si\u0119 one w\u00a0soboty 11 marca i 22 kwietnia 2023 r. w godz. od 10.00 do 13.00. Collegium Marianum od trzech lat jest szko\u0142\u0105 koedukacyjn\u0105 z m\u0119skim internatem. Od lat cieszy si\u0119 nie tylko bogat\u0105 histori\u0105, ale wysokim poziomem nauczania. Kszta\u0142tuje te\u017c ducha katolickiego w\u015br\u00f3d swoich wychowank\u00f3w. Bli\u017csze informacje na temat jej dzia\u0142alno\u015bci mo\u017cna znale\u017a\u0107 na stronie: <a href=\"http:\/\/www.collegiummarianum.pl\">www.collegiummarianum.pl<\/a><\/p>\n\n\n\n<p class=\"has-text-align-justify\">14. Specjalnie na Niedziel\u0119 Palmow\u0105 Kartuskie Centrum Kultury przygotowa\u0142o dla mieszka\u0144c\u00f3w wyj\u0105tkowy koncert \u201e<strong>Ten, kt\u00f3rego poca\u0142uj\u0119 w twarz<\/strong>\u201d. Arty\u015bci wykonaj\u0105 najbardziej rozpoznawalne pie\u015bni wielkopostne, a tak\u017ce piosenki o charakterze religijnym. Ca\u0142o\u015b\u0107 koncertu b\u0119dzie ubogacona tekstami Pisma \u015awi\u0119tego. Doch\u00f3d z koncertu przeznaczymy na wsparcie kartuskiego Hospicjum &#8222;Dom Nadziei&#8221;. Kartuskie Centrum Kultury, 2 kwietnia 2023, godz. 17:00. \u00a0Bilety w cenie 10 z\u0142 dost\u0119pne s\u0105 w kasie Centrum Informacji Turystycznej w Kartuzach oraz online na stronie na stronie Kartuskiego Centrum Kultury.<\/p>\n\n\n\n<p class=\"has-text-align-justify\">15. W minionym tygodniu odeszli po nagrod\u0119 do Pana \u015bp. <strong>J\u00f3zef Miszczuk<\/strong> z Dzier\u017c\u0105\u017cna i \u015bp. <strong>Maciej Krenczkowski<\/strong> z ul. Jeziornej \u2013 bliskim sk\u0142adamy serdeczne wyrazy wsp\u00f3\u0142czucia, a Zmar\u0142ych polecamy Mi\u0142osierdziu Bo\u017cemu &#8211; <strong>Dobry Jezu\u2026<\/strong>\u00a0\u00a0 \u00a0\u00a0\u00a0<\/p>\n\n\n\n<p class=\"has-text-align-justify\">Czasami nie jest nam \u0142atwo rozmawia\u0107 o Panu Jezusie, bo nie wiemy, co kto\u015b sobie o nas pomy\u015bli. Przecie\u017c by\u0107 \u015bwiadkiem Chrystusa to najwi\u0119kszy zaszczyt, jaki mo\u017ce nas spotka\u0107. Nie wstyd\u017amy si\u0119 naszego Zbawiciela i tego, \u017ce Go kochamy.<br>Dzisiaj us\u0142yszeli\u015bmy o przemienieniu na g\u00f3rze Tabor. Pan Jezus objawi\u0142 uczniom swoj\u0105 chwa\u0142\u0119. Tak\u017ce i my nie\u015bmy innym radosn\u0105 nowin\u0119, \u017ce B\u00f3g jest blisko nas. B\u0105d\u017amy misjonarzami w szkole, w pracy i w rodzinach<br><strong>Naszym Drogim Parafianom i mi\u0142ym Go\u015bciom<\/strong> \u017cyczymy mi\u0142ej, z Bogiem prze\u017cytej wielkopostnej niedzieli. Matce Bo\u017cej, Pani Naszej \u2013 Matce i Kr\u00f3lowej z Kartuskiego Raju\u00a0 polecamy Osoby starsze i chore oraz Solenizant\u00f3w i Jubilat\u00f3w tego tygodnia.<\/p>\n\n\n\n<p class=\"has-text-align-right\">Wasi Duszpasterze\u00a0\u00a0\u00a0<\/p>\n","protected":false},"excerpt":{"rendered":"<p>II Niedziela Wielkiego Postu I Czytanie Rdz 12,1-4a &#8211; Pan B\u00f3g powo\u0142uje cz\u0142owieka do rzeczy niezrozumia\u0142ych i trudnych. Abram mia\u0142 [&hellip;]<\/p>\n","protected":false},"author":2,"featured_media":0,"comment_status":"closed","ping_status":"","sticky":false,"template":"","format":"standard","meta":{"site-sidebar-layout":"default","site-content-layout":"","ast-site-content-layout":"","site-content-style":"default","site-sidebar-style":"default","ast-global-header-display":"","ast-banner-title-visibility":"","ast-main-header-display":"","ast-hfb-above-header-display":"","ast-hfb-below-header-display":"","ast-hfb-mobile-header-display":"","site-post-title":"","ast-breadcrumbs-content":"","ast-featured-img":"","footer-sml-layout":"","theme-transparent-header-meta":"","adv-header-id-meta":"","stick-header-meta":"","header-above-stick-meta":"","header-main-stick-meta":"","header-below-stick-meta":"","astra-migrate-meta-layouts":"default","ast-page-background-enabled":"default","ast-page-background-meta":{"desktop":{"background-color":"var(--ast-global-color-4)","background-image":"","background-repeat":"repeat","background-position":"center center","background-size":"auto","background-attachment":"scroll","background-type":"","background-media":"","overlay-type":"","overlay-color":"","overlay-opacity":"","overlay-gradient":""},"tablet":{"background-color":"","background-image":"","background-repeat":"repeat","background-position":"center center","background-size":"auto","background-attachment":"scroll","background-type":"","background-media":"","overlay-type":"","overlay-color":"","overlay-opacity":"","overlay-gradient":""},"mobile":{"background-color":"","background-image":"","background-repeat":"repeat","background-position":"center center","background-size":"auto","background-attachment":"scroll","background-type":"","background-media":"","overlay-type":"","overlay-color":"","overlay-opacity":"","overlay-gradient":""}},"ast-content-background-meta":{"desktop":{"background-color":"var(--ast-global-color-5)","background-image":"","background-repeat":"repeat","background-position":"center center","background-size":"auto","background-attachment":"scroll","background-type":"","background-media":"","overlay-type":"","overlay-color":"","overlay-opacity":"","overlay-gradient":""},"tablet":{"background-color":"var(--ast-global-color-5)","background-image":"","background-repeat":"repeat","background-position":"center center","background-size":"auto","background-attachment":"scroll","background-type":"","background-media":"","overlay-type":"","overlay-color":"","overlay-opacity":"","overlay-gradient":""},"mobile":{"background-color":"var(--ast-global-color-5)","background-image":"","background-repeat":"repeat","background-position":"center center","background-size":"auto","background-attachment":"scroll","background-type":"","background-media":"","overlay-type":"","overlay-color":"","overlay-opacity":"","overlay-gradient":""}},"advanced_seo_description":"","jetpack_seo_html_title":"","jetpack_seo_noindex":false,"_jetpack_memberships_contains_paid_content":false,"footnotes":""},"categories":[4],"tags":[],"class_list":["post-979","post","type-post","status-publish","format-standard","hentry","category-ogloszenia"],"jetpack_featured_media_url":"","jetpack-related-posts":[],"jetpack_sharing_enabled":true,"_links":{"self":[{"href":"https:\/\/kolegiatakartuzy.pl\/wp-test\/index.php?rest_route=\/wp\/v2\/posts\/979","targetHints":{"allow":["GET"]}}],"collection":[{"href":"https:\/\/kolegiatakartuzy.pl\/wp-test\/index.php?rest_route=\/wp\/v2\/posts"}],"about":[{"href":"https:\/\/kolegiatakartuzy.pl\/wp-test\/index.php?rest_route=\/wp\/v2\/types\/post"}],"author":[{"embeddable":true,"href":"https:\/\/kolegiatakartuzy.pl\/wp-test\/index.php?rest_route=\/wp\/v2\/users\/2"}],"replies":[{"embeddable":true,"href":"https:\/\/kolegiatakartuzy.pl\/wp-test\/index.php?rest_route=%2Fwp%2Fv2%2Fcomments&post=979"}],"version-history":[{"count":1,"href":"https:\/\/kolegiatakartuzy.pl\/wp-test\/index.php?rest_route=\/wp\/v2\/posts\/979\/revisions"}],"predecessor-version":[{"id":980,"href":"https:\/\/kolegiatakartuzy.pl\/wp-test\/index.php?rest_route=\/wp\/v2\/posts\/979\/revisions\/980"}],"wp:attachment":[{"href":"https:\/\/kolegiatakartuzy.pl\/wp-test\/index.php?rest_route=%2Fwp%2Fv2%2Fmedia&parent=979"}],"wp:term":[{"taxonomy":"category","embeddable":true,"href":"https:\/\/kolegiatakartuzy.pl\/wp-test\/index.php?rest_route=%2Fwp%2Fv2%2Fcategories&post=979"},{"taxonomy":"post_tag","embeddable":true,"href":"https:\/\/kolegiatakartuzy.pl\/wp-test\/index.php?rest_route=%2Fwp%2Fv2%2Ftags&post=979"}],"curies":[{"name":"wp","href":"https:\/\/api.w.org\/{rel}","templated":true}]}}